{"id":264410,"date":"2025-11-30T22:30:57","date_gmt":"2025-11-30T22:30:57","guid":{"rendered":"https:\/\/www.europesays.com\/es\/264410\/"},"modified":"2025-11-30T22:30:57","modified_gmt":"2025-11-30T22:30:57","slug":"mis-padres-me-decian-que-cuando-era-adolescente-hacia-el-sonido-del-depredador-mientras-dormia","status":"publish","type":"post","link":"https:\/\/www.europesays.com\/es\/264410\/","title":{"rendered":"Mis padres me dec\u00edan que, cuando era adolescente, hac\u00eda el sonido del Depredador mientras dorm\u00eda"},"content":{"rendered":"<p data-journey-content=\"true\" data-node-id=\"3\" class=\"css-6wxqfj emevuu60\">A sus 27 a\u00f1os, <strong data-node-id=\"3.1\">Elle Fanning (Georgia, EE. UU., 1998)<\/strong> se ha enfrentado a alien\u00edgenas en &#8216;Super 8&#8217; (J. J. Abrams, 2011) e incluso ha sido una de ellos en &#8216;C\u00f3mo enamorar a una chica punk&#8217; (John Cameron Mitchell, 2017). En &#8216;<strong data-node-id=\"3.3\">Predator: Badlands<\/strong>&#8216;, en cambio, toma un nuevo rol como ayudante de un ser de otro mundo meti\u00e9ndose en la piel de Thea, una androide que solo conserva su tronco y que sirve como gu\u00eda a Dek, un joven Depredador, en su primera cacer\u00eda aferrada a \u00e9l como una mochila. <\/p>\n<p data-journey-content=\"true\" data-node-id=\"7\" class=\"css-6wxqfj emevuu60\">\u00abLo que me encanta de esta franquicia\u00bb, confiesa Fanning, \u00abes que, <strong data-node-id=\"7.1\">aunque obviamente hay efectos digitales, la mayor parte de lo que se ve en pantalla es tangible<\/strong>, no hay tanto croma como en otras producciones. Yo iba enganchada a la espalda de Dimitrius (Schuster-Koloamatangi, el actor tras el traje del Predator) gracias a que el equipo de especialistas ide\u00f3 un nuevo sistema de cables que no se hab\u00eda hecho antes. A veces era inc\u00f3modo, pero nos dec\u00edamos: &#8216;Si t\u00fa me cubres la espalda, yo te cubro a ti&#8217;. <strong data-node-id=\"7.3\">Me encant\u00f3 rodar con mi Depredador<\/strong>.\u00bb<\/p>\n<p><img draggable=\"true\" alt=\"elle fanning\" title=\"elle fanning\" loading=\"lazy\" width=\"2000\" height=\"2998\" decoding=\"async\" data-nimg=\"1\" style=\"color:transparent;width:100%;height:auto;\"   src=\"https:\/\/www.europesays.com\/es\/wp-content\/uploads\/2025\/11\/elle-fanning-690de2fbe6b8c.jpg\" class=\"css-0 e1g79fud0\"\/><\/p>\n<p>Getty Images<\/p>\n<p data-journey-content=\"true\" data-node-id=\"10\" class=\"css-6wxqfj emevuu60\">Pero no es su \u00fanico papel. \u00abTambi\u00e9n interpreto a Tessa, otra sint\u00e9tica de Weyland-Yutani (s\u00ed, la corporaci\u00f3n de la saga &#8216;Alien&#8217;) con un porte m\u00e1s cl\u00e1sico, m\u00e1s cient\u00edfico\u2026 y m\u00e1s misterioso.\u00bb Dice que no <strong data-node-id=\"10.1\">puede revelar m\u00e1s<\/strong>.<\/p>\n<p>El mundo perdido<br data-node-id=\"12.1\"\/><\/p>\n<p data-journey-content=\"true\" data-node-id=\"14\" class=\"css-6wxqfj emevuu60\">Para Fanning, la tercera entrega dirigida por Dan Trachtenberg de la saga tras &#8216;Predator: La presa&#8217; (2022) y &#8216;Predator: Asesino de asesinos&#8217; (2025) es m\u00e1s grande, m\u00e1s \u00e9pica. \u00abTiene acci\u00f3n, pero tambi\u00e9n emoci\u00f3n y una inesperada delicadeza. Adem\u00e1s nos permite conocer la conmovedora historia de origen del Depredador, lo que provoca <strong data-node-id=\"14.1\">algo in\u00e9dito para los fans: por primera vez, pueden empatizar con \u00e9l. Se convierte en el protagonista absoluto<\/strong>.\u00bb<\/p>\n<p><img draggable=\"true\" alt=\"predator badlands\" title=\"predator badlands\" loading=\"lazy\" width=\"2000\" height=\"2600\" decoding=\"async\" data-nimg=\"1\" style=\"color:transparent;width:100%;height:auto;\"   src=\"https:\/\/www.europesays.com\/es\/wp-content\/uploads\/2025\/11\/predator-badlands-pelicula-estreno-690b8183abcdb.jpg\" class=\"css-0 e1g79fud0\"\/><\/p>\n<p>20th Century Studios<\/p>\n<p data-journey-content=\"true\" data-node-id=\"17\" class=\"css-6wxqfj emevuu60\">Pero si hay algo que no cambia en cada pel\u00edcula desde que Arnold Schwarzenegger descubriese en 1987 que esta raza extraterrestre puede sangrar y, por lo tanto, puede morir, es que el Depredador termina convirti\u00e9ndose en presa. \u00abEl planeta donde ocurre todo es un peligro en s\u00ed mismo\u00bb, comenta la actriz. \u00ab<strong data-node-id=\"17.1\">Desde las briznas de hierba hasta los \u00e1rboles y las flores, todo en ese mundo intenta matarte<\/strong>.\u00bb Trachtenberg a\u00f1ade que, \u00absiguiendo la estela de las pel\u00edculas de Ray Harryhausen y &#8216;King Kong&#8217;, el peligro proviene de bestias feroces y desquiciadas, todas diez veces m\u00e1s grandes que el propio Depredador\u00bb.<\/p>\n<p>\u00bfVolver\u00e1?<\/p>\n<p data-journey-content=\"true\" data-node-id=\"20\" class=\"css-6wxqfj emevuu60\">\u00abRecuerdo que vi la pel\u00edcula original cuando era adolescente porque <strong data-node-id=\"20.1\">mis padres me dec\u00edan que hac\u00eda el sonido del Depredador mientras dorm\u00eda: &#8216;clic, clic.<\/strong>&#8216;\u00bb Elle Fanning se r\u00ede, y aprovecha para fardar de saber hablar Yautja, el lenguaje inventado de los Predators. \u00abTiene como mucho sonido de erres. Aprend\u00ed un par de frases y todo, pero ahora no me salen.\u00bb Ya, claro. <\/p>\n<p><img draggable=\"true\" alt=\"elle fanning\" title=\"elle fanning\" loading=\"lazy\" width=\"2000\" height=\"2999\" decoding=\"async\" data-nimg=\"1\" style=\"color:transparent;width:100%;height:auto;\"   src=\"https:\/\/www.europesays.com\/es\/wp-content\/uploads\/2025\/11\/elle-fanning-actriz-690de2fb4edf8.jpg\" class=\"css-0 e1g79fud0\"\/><\/p>\n<p>Getty Images<\/p>\n<p data-journey-content=\"true\" data-node-id=\"23\" class=\"css-6wxqfj emevuu60\">Pero ya que mencionamos el film de Arnold Schwarzenegger, hay que preguntar por el posible regreso de Dutch a la franquicia: \u00abDan y Arnold se conocen, s\u00e9 que han hablado sobre el tema. Si regresa de verdad, ya le dije a Dan: &#8216;\u00a1Ponme ah\u00ed! Quiero trabajar con \u00e9l.&#8217; Y sobre un nuevo enfrentamiento &#8216;<strong data-node-id=\"23.1\">Alien vs. Predator&#8217;\u2026 \u00bfQui\u00e9n sabe? Los universos ya se est\u00e1n cruzando, as\u00ed que no lo descartar\u00eda<\/strong>.\u00bb<\/p>\n<p><img draggable=\"true\" alt=\"predator badlands poster\" title=\"predator badlands poster\" loading=\"lazy\" width=\"2000\" height=\"3000\" decoding=\"async\" data-nimg=\"1\" style=\"color:transparent;width:100%;height:auto;\"   src=\"https:\/\/www.europesays.com\/es\/wp-content\/uploads\/2025\/11\/predator-badlands-poster-690de3fddcf95.jpg\" class=\"css-0 e1g79fud0\"\/><\/p>\n<p>Getty Images<\/p>\n<p><img src=\"https:\/\/www.europesays.com\/es\/wp-content\/uploads\/2025\/11\/1764541857_178_16ef0056-3dd2-41b2-90bf-d587efe4719f_1698915925.jpg\" alt=\"Headshot of Fran Chico\" title=\"Headshot of Fran Chico\" width=\"100%\" height=\"100%\" decoding=\"async\" loading=\"lazy\" class=\"css-o0wq4v ev8dhu53\"\/><\/p>\n<p><a href=\"https:\/\/www.linkedin.com\/in\/fran-chico\/\" rel=\"nofollow noopener\" target=\"_blank\">Fran Chico<\/a> es experto en cine y series, especializado en divulgaci\u00f3n cultural y cr\u00edtica cinematogr\u00e1fica. Es cr\u00edtico reconocido en <a href=\"https:\/\/www.rottentomatoes.com\/critics\/fran-chico\/movies\" rel=\"nofollow noopener\" target=\"_blank\">Rotten Tomatoes<\/a> y en <a href=\"https:\/\/www.filmaffinity.com\/es\/name.php?name-id=684658057\" rel=\"nofollow noopener\" target=\"_blank\">Filmaffinity<\/a>. Aunque su g\u00e9nero favorito es el terror, lo mismo te habla del nuevo taquillazo del UCM de Marvel que de una pel\u00edcula de autor a reivindicar del circuito de festivales. No hay serie de Netflix, HBO Max, Amazon Prime Video o Disney+ que escape a su radar, profundizando en el cat\u00e1logo de cada plataforma para recomendar y analizar sus mejores contenidos.<\/p>\n<p>Fran lleva m\u00e1s de un a\u00f1o escribiendo en Fotogramas, pero sus inicios se remontan a hace casi dos d\u00e9cadas en foros y blogs de cine como Planeta Claqueta o <a href=\"https:\/\/www.moviementarios.com\/author\/fran-chico\/\" rel=\"nofollow noopener\" target=\"_blank\">Moviementarios<\/a>. Fue fundador y parte del consejo de direcci\u00f3n de la publicaci\u00f3n digital de cr\u00edticas y an\u00e1lisis f\u00edlmico <a href=\"https:\/\/revistamutaciones.com\/author\/fran-chico\/\" rel=\"nofollow noopener\" target=\"_blank\">Revista Mutaciones<\/a> y miembro de la Asociaci\u00f3n de Informadores Cinematogr\u00e1ficos de Espa\u00f1a (AICE), la organizaci\u00f3n que otorga los Premios Feroz, as\u00ed como votante de los Blogos de Oro al cine independiente. Despu\u00e9s de cursar el M\u00e1ster de Cr\u00edtica Cinematogr\u00e1fica de la Escuela de Cine de Madrid (ECAM) impartido por <a href=\"https:\/\/www.caimanediciones.es\/etiquetas\/fran-chico\/\" rel=\"nofollow noopener\" target=\"_blank\">Caim\u00e1n Cuadernos de Cine<\/a>, ha colaborado y\/o cubierto como prensa especializada durante m\u00e1s de 10 a\u00f1os festivales de cine como San Sebasti\u00e1n, Sitges y Filmadrid, entrevistando por el camino a directores, actores y actrices relevantes de la industria nacional de la talla de Pen\u00e9lope Cruz, Carlos Saura, Ana de Armas, Jos\u00e9 Luis Cuerda o Jos\u00e9 Sacrist\u00e1n e internacional como James Wan, Edgar Wright o Dario Argento.\u00a0<\/p>\n<p>Sus conocimientos y su experiencia le han llevado a ser <a href=\"https:\/\/www.youtube.com\/watch?v=q4f4chF-chg&amp;t=37s&amp;pp=ygUSZm5hYyBpbmRpYW5hIGpvbmVz\" rel=\"nofollow noopener\" target=\"_blank\">videoblogger de cine de Fnac Espa\u00f1a<\/a> y director y presentador del podcast <a href=\"https:\/\/www.ivoox.com\/podcast-holocausto-zinefago_sq_f179082_1.html\" rel=\"nofollow noopener\" target=\"_blank\">Holocausto Zin\u00e9fago<\/a>, con m\u00e1s de 150 programas emitidos y disponibles en los que se mezclan el cine y el humor desde un punto de vista \u00fanico y original.<\/p>\n","protected":false},"excerpt":{"rendered":"A sus 27 a\u00f1os, Elle Fanning (Georgia, EE. UU., 1998) se ha enfrentado a alien\u00edgenas en &#8216;Super 8&#8217;&hellip;\n","protected":false},"author":2,"featured_media":264411,"comment_status":"","ping_status":"","sticky":false,"template":"","format":"standard","meta":{"footnotes":""},"categories":[169],"tags":[177,1180,146,147,25,24,176,175,65646,23],"class_list":{"0":"post-264410","1":"post","2":"type-post","3":"status-publish","4":"format-standard","5":"has-post-thumbnail","7":"category-cine","8":"tag-cine","9":"tag-editorial","10":"tag-entertainment","11":"tag-entretenimiento","12":"tag-es","13":"tag-espana","14":"tag-film","15":"tag-movies","16":"tag-redis-print","17":"tag-spain"},"share_on_mastodon":{"url":"https:\/\/pubeurope.com\/@es\/115641023892849911","error":""},"_links":{"self":[{"href":"https:\/\/www.europesays.com\/es\/wp-json\/wp\/v2\/posts\/264410","targetHints":{"allow":["GET"]}}],"collection":[{"href":"https:\/\/www.europesays.com\/es\/wp-json\/wp\/v2\/posts"}],"about":[{"href":"https:\/\/www.europesays.com\/es\/wp-json\/wp\/v2\/types\/post"}],"author":[{"embeddable":true,"href":"https:\/\/www.europesays.com\/es\/wp-json\/wp\/v2\/users\/2"}],"replies":[{"embeddable":true,"href":"https:\/\/www.europesays.com\/es\/wp-json\/wp\/v2\/comments?post=264410"}],"version-history":[{"count":0,"href":"https:\/\/www.europesays.com\/es\/wp-json\/wp\/v2\/posts\/264410\/revisions"}],"wp:featuredmedia":[{"embeddable":true,"href":"https:\/\/www.europesays.com\/es\/wp-json\/wp\/v2\/media\/264411"}],"wp:attachment":[{"href":"https:\/\/www.europesays.com\/es\/wp-json\/wp\/v2\/media?parent=264410"}],"wp:term":[{"taxonomy":"category","embeddable":true,"href":"https:\/\/www.europesays.com\/es\/wp-json\/wp\/v2\/categories?post=264410"},{"taxonomy":"post_tag","embeddable":true,"href":"https:\/\/www.europesays.com\/es\/wp-json\/wp\/v2\/tags?post=264410"}],"curies":[{"name":"wp","href":"https:\/\/api.w.org\/{rel}","templated":true}]}}