{"id":264423,"date":"2025-11-30T22:38:09","date_gmt":"2025-11-30T22:38:09","guid":{"rendered":"https:\/\/www.europesays.com\/es\/264423\/"},"modified":"2025-11-30T22:38:09","modified_gmt":"2025-11-30T22:38:09","slug":"cabezuelo-gana-las-elecciones-de-la-macarena","status":"publish","type":"post","link":"https:\/\/www.europesays.com\/es\/264423\/","title":{"rendered":"Cabezuelo gana las elecciones de la Macarena"},"content":{"rendered":"<p style=\"\">El candidato <strong>Fernando Fern\u00e1ndez Cabezuelo ha sido elegido como nuevo hermano mayor de la Macarena.<\/strong> Ha ganado las elecciones frente a los otros dos candidatos presentados, Jos\u00e9 Luis Notario y Pedro Garc\u00eda.<\/p>\n<p style=\"\">Los comicios de estas elecciones <strong>han contado con una elevada participaci\u00f3n de <\/strong> &#8230; <strong>hermanos<\/strong>, unida al importante crecimiento que ha experimentado la hermandad en los \u00faltimos a\u00f1os. Tanto es as\u00ed que, en las elecciones de 2017, eran 10.400 los hermanos con derecho a voto; 12.000 en 2021 y casi 14.000 en 2025. Elevada participaci\u00f3n en los comicios, la mayor de la historia de la hermandad, superando con creces a las de 2021 en 1.700 porque se han alcanzado los 5.300 votos.<\/p>\n<p class=\"voc-p\" style=\"\"><strong>Un total de 5.592 hermanos<\/strong> ejercieron su derecho al voto en unas elecciones en la que estaban convocados casi 14.000. De los depositados en las urnas, <strong>fueron 2.295 votos para la candidatura de Cabezuelo, 1.623 para la de Pedro Garc\u00eda y 1.322 para la de Pedro Garc\u00eda,<\/strong> mientras que fueron contabilizados 46 en blanco y 9 nulos.<\/p>\n<p class=\"voc-p\" style=\"\"><strong>Fernando Fern\u00e1ndez Cabezuelo:<\/strong> 2.295 votos.<\/p>\n<p class=\"voc-p\" style=\"\"><strong>Pedro Garc\u00eda:<\/strong> 1.623 votos.<\/p>\n<p class=\"voc-p\" style=\"\"><strong>Jos\u00e9 Luis Notario:<\/strong> 1.322 votos.<\/p>\n<p class=\"voc-p\" style=\"\"><strong>Blancos:<\/strong> 46 .<\/p>\n<p class=\"voc-p\" style=\"\"><strong>Nulos:<\/strong> 9.<\/p>\n<p class=\"voc-p\" style=\"\"><strong>Total:<\/strong> 5.592 votos.<\/p>\n<p class=\"voc-p\" style=\"\"><strong>Se registraron colas en las inmediaciones de la bas\u00edlica desde primera hora de la ma\u00f1ana,<\/strong> en una jornada que cont\u00f3 con un amplio horario de apertura para ejercer el derecho al voto, con colas de hasta 45 minutos. <strong>En el interior del templo se colocaron seis mesas,<\/strong> distribuidas por orden alfab\u00e9tico. Pasadas las 20 horas de la tarde se cerraron las urnas para proceder al recuento de votos hasta que, a las 20 horas, en el atril de la bas\u00edlica de la Macarena se proclam\u00f3 el nuevo hermano mayor. <\/p>\n<p class=\"voc-p\" style=\"\"><strong>Termina as\u00ed un largo proceso electoral, especialmente intenso en el \u00e1mbito de la comunicaci\u00f3n,<\/strong> en el que se ha hablado mucho sobre los proyectos de cada uno de los candidatos, quienes han difundido informaci\u00f3n de forma continua, de hacer actos con hermanos, con la prensa, de v\u00eddeos promocionales y todos con un mismo fin, volver a la hermandad a donde merece tras unos meses convulsos por la nefasta restauraci\u00f3n de la Macarena por parte de Arquillo.<\/p>\n<p class=\"voc-p\" style=\"\">El hermano mayor electo estuvo en ABC para presentar su proyecto. Su principal es  \u00abrecuperar la excelencia y restaurar tanto la imagen como el prestigio de la hermandad, que en los \u00faltimos tiempos se han visto comprometidos\u00bb. Otro de ellos es es <strong>\u00abdevolver la hermandad a los hermanos\u00bb<\/strong> para recuperar la cercan\u00eda de los mismos con la instituci\u00f3n y con la Virgen que, se\u00f1ala, se ha deteriorado en los \u00faltimos a\u00f1os: \u00abEl hermano se tiene que sentir querido, se tiene que sentir escuchado y se tiene que sentir como en casa. Lo luch\u00e9 mucho cuando fui oficial de junta con Manolo Garc\u00eda y va a ser mi prioridad como hermano mayor si salgo elegido\u00bb. Tambi\u00e9n, para poder hacer frente a los costes de las grandes propuestas que plantea pese al<strong>\u00a0descuento en las cuotas anuales <\/strong>que promete, plantea un sistema financiero que \u00aboptimice los ingresos y reduzca los gastos\u00bb. Todo ello unido a cientos de ideas sobre patrimonio, cofrad\u00eda, cultos, asistencia social, formaci\u00f3n que ha ido desglosando a lo largo de las \u00faltimas semanas. <\/p>\n<p class=\"voc-p\" style=\"\"><strong>Estos son los nombres de los hermanos de la candidatura de Fernando Fern\u00e1ndez Cabezuelo:<\/strong><\/p>\n<p class=\"voc-p\" style=\"\">-Hermano mayor: Fernando Fern\u00e1ndez Cabezuelo<\/p>\n<p class=\"voc-p\" style=\"\">-Teniente hermano mayor: Jos\u00e9 Luis Vega V\u00e1zquez<\/p>\n<p class=\"voc-p\" style=\"\">-Consiliario 1\u00ba (Caridad y asistencia social): Manuel Rodolfo Campbell Caro<\/p>\n<p class=\"voc-p\" style=\"\">-Consiliario 2\u00ba (Asuntos econ\u00f3micos): Rafael Guil S\u00e1nchez<\/p>\n<p class=\"voc-p\" style=\"\">-Consiliario 3\u00ba (Culto, ac\u00f3litos, coral, escolan\u00eda y ropero): Macarena Cano-Romero Moreno<\/p>\n<p class=\"voc-p\" style=\"\">-Consiliario 4\u00ba (Formaci\u00f3n, juventud y biblioteca): Antonio Rubio Garc\u00eda<\/p>\n<p class=\"voc-p\" style=\"\">-Fiscal 1\u00ba: Fernando Romero Fern\u00e1ndez<\/p>\n<p class=\"voc-p\" style=\"\">-Fiscal 2\u00ba: Victoria Fern\u00e1ndez-Cabezuelo Sainz de la Maza<\/p>\n<p class=\"voc-p\" style=\"\">-Mayordomo del Rosario: Agust\u00edn Alfonso Calvo<\/p>\n<p class=\"voc-p\" style=\"\">-Mayordomo de la Esperanza: Antonio Jos\u00e9 Carrasco Torres<\/p>\n<p class=\"voc-p\" style=\"\">-Secretario del Rosario: Roc\u00edo S\u00e1ez Mill\u00e1n<\/p>\n<p class=\"voc-p\" style=\"\">-Secretario de la Esperanza: Jos\u00e9 Javier de Tarno S\u00e1nchez<\/p>\n<p class=\"voc-p\" style=\"\">-Prioste del Rosario: Fernanda Sainz de la Maza Conesa<\/p>\n<p class=\"voc-p\" style=\"\">-Prioste de la Esperanza: Miguel Gonz\u00e1lez de la Bandera<\/p>\n<p class=\"voc-p\" style=\"\">-Diputado mayor de gobierno: Jos\u00e9 Antonio Pe\u00f1alosa V\u00e1zquez<\/p>\n","protected":false},"excerpt":{"rendered":"El candidato Fernando Fern\u00e1ndez Cabezuelo ha sido elegido como nuevo hermano mayor de la Macarena. Ha ganado las&hellip;\n","protected":false},"author":2,"featured_media":264424,"comment_status":"","ping_status":"","sticky":false,"template":"","format":"standard","meta":{"footnotes":""},"categories":[8],"tags":[17,18,64674,4374,25,24,13,14,4355,11,19,20,60,9,10,15,16,23,12,21,22],"class_list":{"0":"post-264423","1":"post","2":"type-post","3":"status-publish","4":"format-standard","5":"has-post-thumbnail","7":"category-espana","8":"tag-breaking-news","9":"tag-breakingnews","10":"tag-cabezuelo","11":"tag-elecciones","12":"tag-es","13":"tag-espana","14":"tag-featured-news","15":"tag-featurednews","16":"tag-gana","17":"tag-headlines","18":"tag-latest-news","19":"tag-latestnews","20":"tag-macarena","21":"tag-news","22":"tag-noticias","23":"tag-noticias-destacadas","24":"tag-noticiasdestacadas","25":"tag-spain","26":"tag-titulares","27":"tag-ultimas-noticias","28":"tag-ultimasnoticias"},"share_on_mastodon":{"url":"https:\/\/pubeurope.com\/@es\/115641051120624693","error":""},"_links":{"self":[{"href":"https:\/\/www.europesays.com\/es\/wp-json\/wp\/v2\/posts\/264423","targetHints":{"allow":["GET"]}}],"collection":[{"href":"https:\/\/www.europesays.com\/es\/wp-json\/wp\/v2\/posts"}],"about":[{"href":"https:\/\/www.europesays.com\/es\/wp-json\/wp\/v2\/types\/post"}],"author":[{"embeddable":true,"href":"https:\/\/www.europesays.com\/es\/wp-json\/wp\/v2\/users\/2"}],"replies":[{"embeddable":true,"href":"https:\/\/www.europesays.com\/es\/wp-json\/wp\/v2\/comments?post=264423"}],"version-history":[{"count":0,"href":"https:\/\/www.europesays.com\/es\/wp-json\/wp\/v2\/posts\/264423\/revisions"}],"wp:featuredmedia":[{"embeddable":true,"href":"https:\/\/www.europesays.com\/es\/wp-json\/wp\/v2\/media\/264424"}],"wp:attachment":[{"href":"https:\/\/www.europesays.com\/es\/wp-json\/wp\/v2\/media?parent=264423"}],"wp:term":[{"taxonomy":"category","embeddable":true,"href":"https:\/\/www.europesays.com\/es\/wp-json\/wp\/v2\/categories?post=264423"},{"taxonomy":"post_tag","embeddable":true,"href":"https:\/\/www.europesays.com\/es\/wp-json\/wp\/v2\/tags?post=264423"}],"curies":[{"name":"wp","href":"https:\/\/api.w.org\/{rel}","templated":true}]}}