{"id":264425,"date":"2025-11-30T22:39:09","date_gmt":"2025-11-30T22:39:09","guid":{"rendered":"https:\/\/www.europesays.com\/es\/264425\/"},"modified":"2025-11-30T22:39:09","modified_gmt":"2025-11-30T22:39:09","slug":"las-palmas-pierde-en-castellon-su-condicion-de-visitante-invicto-1-0-ud-las-palmas","status":"publish","type":"post","link":"https:\/\/www.europesays.com\/es\/264425\/","title":{"rendered":"Las Palmas pierde en Castell\u00f3n su condici\u00f3n de visitante invicto (1-0) | UD Las Palmas"},"content":{"rendered":"<p>Los pronunciamientos t\u00e9cnicos previos se cumplieron en Castalia donde la UD Las Palmas encontr\u00f3 a un rival exigente en todos los perfiles del juego, especialmente si era capaz de atesorar el bal\u00f3n. Los amarillos comprendieron que desde el inicio el encuentro pasaba precisamente por la posesi\u00f3n y el aprovechamiento de los espacios en ataque.<\/p>\n<p>En la primera parte, desde el minuto 4, el equipo visitante tuvo presencia en el \u00e1rea del Castell\u00f3n. Sin embargo, a los remates del primer periodo le faltaron una pizca de precisi\u00f3n para alcanzar el objetivo. Los m\u00e1s destacados fueron obras de Fran Peji\u00f1o y en dos ocasiones de Milos Lukovic, logrando la defensa local abortarlos para evitar mayores problemas al portero Matthys.<\/p>\n<p class=\"MsoNormal\">Lukovic, adem\u00e1s, encontr\u00f3 por momentos carriles en direcci\u00f3n al \u00e1rea, faj\u00e1ndose con el d\u00fao de centrales constantemente. Uno de esos avances, tras servicio de Manu Fuster, oblig\u00f3 al meta Matthys a salir del \u00e1rea y tocar el bal\u00f3n con la cabeza para evitar los \u00faltimos metros en favor del ariete visitante.<\/p>\n<p class=\"MsoNormal\">El Castell\u00f3n exprim\u00eda sus opciones alentado por un animoso p\u00fablico. El conjunto de Pablo Hern\u00e1ndez tambi\u00e9n firm\u00f3 algunas aproximaciones al \u00e1rea canaria, la m\u00e1s peligrosa de ellas a trav\u00e9s de un veloz y coordinado contragolpe entre C\u00e1mara y Calatrava. El disparo de este \u00faltimo fue rechazado por Horkas in extremis, con la pierna, evitando la mejor posibilidad hasta entonces para el 1-0.<\/p>\n<p class=\"MsoNormal\">Los par\u00e1metros del juego se mantuvieron en la segunda mitad, con nuevas aproximaciones de Las Palmas sin lograr el remate ganador. Los primeros intentos fueron de Viti y de Manu Fuster, este \u00faltimo en una jugada ensayada de falta, mientras que al otro lado del campo hab\u00eda m\u00e1s calma que en la primera parte.<\/p>\n<p class=\"MsoNormal\">Iv\u00e1n Gil fue el primero de los relevos de banquillos elegidos por Luis Garc\u00eda Fern\u00e1ndez. Se preparaba el escenario del tramo final del encuentro, con la incertidumbre del 0-0 y las constantes iniciativas canarias ante un ordenado rival.<\/p>\n<p class=\"MsoNormal\">Fue el Castell\u00f3n el que finalmente se adelant\u00f3 en el marcador tras una carga por su izquierda y remate final de Suero que no pudo rechazar Horkas. Con el 1-0 en el marcador entraron en el campo Viera y Jes\u00e9, en el intento final de reconducir el encuentro.<\/p>\n<p class=\"MsoNormal\">El propio Jes\u00e9 e Iv\u00e1n Gil tuvieron sus propias ocasiones para anotar en el tramo final del partido, pero los intentos de ambos no llegaron a destino. El esfuerzo visitante se prolong\u00f3 hasta la \u00faltima jugada, pero el marcador no se alter\u00f3.<\/p>\n","protected":false},"excerpt":{"rendered":"Los pronunciamientos t\u00e9cnicos previos se cumplieron en Castalia donde la UD Las Palmas encontr\u00f3 a un rival exigente&hellip;\n","protected":false},"author":2,"featured_media":264426,"comment_status":"","ping_status":"","sticky":false,"template":"","format":"standard","meta":{"footnotes":""},"categories":[5],"tags":[17,18,25,24,13,14,11,19,20,9,10,15,16,23,12,21,22],"class_list":{"0":"post-264425","1":"post","2":"type-post","3":"status-publish","4":"format-standard","5":"has-post-thumbnail","7":"category-titulares","8":"tag-breaking-news","9":"tag-breakingnews","10":"tag-es","11":"tag-espana","12":"tag-featured-news","13":"tag-featurednews","14":"tag-headlines","15":"tag-latest-news","16":"tag-latestnews","17":"tag-news","18":"tag-noticias","19":"tag-noticias-destacadas","20":"tag-noticiasdestacadas","21":"tag-spain","22":"tag-titulares","23":"tag-ultimas-noticias","24":"tag-ultimasnoticias"},"share_on_mastodon":{"url":"https:\/\/pubeurope.com\/@es\/115641054850691744","error":""},"_links":{"self":[{"href":"https:\/\/www.europesays.com\/es\/wp-json\/wp\/v2\/posts\/264425","targetHints":{"allow":["GET"]}}],"collection":[{"href":"https:\/\/www.europesays.com\/es\/wp-json\/wp\/v2\/posts"}],"about":[{"href":"https:\/\/www.europesays.com\/es\/wp-json\/wp\/v2\/types\/post"}],"author":[{"embeddable":true,"href":"https:\/\/www.europesays.com\/es\/wp-json\/wp\/v2\/users\/2"}],"replies":[{"embeddable":true,"href":"https:\/\/www.europesays.com\/es\/wp-json\/wp\/v2\/comments?post=264425"}],"version-history":[{"count":0,"href":"https:\/\/www.europesays.com\/es\/wp-json\/wp\/v2\/posts\/264425\/revisions"}],"wp:featuredmedia":[{"embeddable":true,"href":"https:\/\/www.europesays.com\/es\/wp-json\/wp\/v2\/media\/264426"}],"wp:attachment":[{"href":"https:\/\/www.europesays.com\/es\/wp-json\/wp\/v2\/media?parent=264425"}],"wp:term":[{"taxonomy":"category","embeddable":true,"href":"https:\/\/www.europesays.com\/es\/wp-json\/wp\/v2\/categories?post=264425"},{"taxonomy":"post_tag","embeddable":true,"href":"https:\/\/www.europesays.com\/es\/wp-json\/wp\/v2\/tags?post=264425"}],"curies":[{"name":"wp","href":"https:\/\/api.w.org\/{rel}","templated":true}]}}