{"id":264429,"date":"2025-11-30T22:45:10","date_gmt":"2025-11-30T22:45:10","guid":{"rendered":"https:\/\/www.europesays.com\/es\/264429\/"},"modified":"2025-11-30T22:45:10","modified_gmt":"2025-11-30T22:45:10","slug":"nys-imparable-dos-de-dos-en-la-copa-del-mundo-de-ciclocross","status":"publish","type":"post","link":"https:\/\/www.europesays.com\/es\/264429\/","title":{"rendered":"Nys imparable, dos de dos en la Copa del Mundo de ciclocross"},"content":{"rendered":"<blockquote class=\"quote-card lateral\">\n<p>Nys repite y parece estar un punto por encima del resto<\/p>\n<\/blockquote>\n<p>El ciclocr\u00f3s regres\u00f3 a la acci\u00f3n con la segunda cita de la Copa del Mundo en Flamanville, donde Thibau Nys volvi\u00f3 a demostrar que atraviesa un momento sobresaliente. El belga se llev\u00f3 su segundo triunfo consecutivo tras una carrera marcada por los errores y los cambios de ritmo entre los favoritos. Una ca\u00edda leve y un problema mec\u00e1nico no impidieron que el l\u00edder de la general se impusiera por delante de Lars van der Haar y Cameron Mason.<\/p>\n<p>\t Contin\u00faa tras los patrocinadores<\/p>\n<blockquote class=\"quote-card lateral\">\n<p>Hubo t\u00e1ctica de equipo entre van der Haar y Nys<\/p>\n<\/blockquote>\n<p>La prueba arranc\u00f3 con movimientos inesperados. Joris Nieuwenhuis fall\u00f3 en la salida y tuvo que remontar desde atr\u00e1s, mientras Laurens Sweeck era el m\u00e1s r\u00e1pido en lanzarse al tramo inicial. Nys tambi\u00e9n qued\u00f3 encerrado, obligado a recuperar posiciones en un recorrido que no perdonaba despistes. Las primeras diferencias llegaron pronto, con Nieuwenhuis marcando un ritmo muy alto en las zonas abiertas y tensando la cabeza de carrera.<\/p>\n<p>A mitad de prueba se form\u00f3 un grupo selecto con Nieuwenhuis, Nys, van der Haar y Niels Vandeputte. Por detr\u00e1s, Mason protagonizaba una persecuci\u00f3n brillante que acab\u00f3 llev\u00e1ndole hasta el grupo delantero, ayudado adem\u00e1s por un contratiempo mec\u00e1nico del propio Nys en una de las zonas m\u00e1s t\u00e9cnicas.<\/p>\n<blockquote class=\"quote-card lateral\">\n<p>Doblete para el equipo Baloise<\/p>\n<\/blockquote>\n<p>La tensi\u00f3n creci\u00f3 cuando Nieuwenhuis sufri\u00f3 un problema de cadena tras una peque\u00f1a ca\u00edda en un viraje lento. Ese error abri\u00f3 la puerta al ataque definitivo de Nys, que en cuesti\u00f3n de segundos abri\u00f3 una diferencia decisiva. Van der Haar y Mason intentaron coordinarse para neutralizar al belga, pero sin \u00e9xito. Solo una ca\u00edda posterior de Nys en un giro cerrado acerc\u00f3 m\u00ednimamente a sus rivales, aunque no lo suficiente para comprometer su victoria.<\/p>\n<p>En la vuelta final, van der Haar asegur\u00f3 la segunda plaza con una potente aceleraci\u00f3n que dej\u00f3 atr\u00e1s a Mason. Nys cruza as\u00ed un inicio perfecto de temporada con 80 puntos tras sus triunfos en T\u00e1bor y Flamanville, consolid\u00e1ndose como l\u00edder s\u00f3lido de la Copa del Mundo.<\/p>\n<p>Felipe Orts no particip\u00f3 en la prueba y el mejor espa\u00f1ol fue Kevin Su\u00e1rez, 23\u00ba.<\/p>\n<p>Clasificaciones Copa del Mundo de ciclocross en Flamanville 2025 (masculinas)<\/p>\n<tr>\nPos.<br \/>\nNombre<br \/>\nTiempo<br \/>\n<\/tr>\n<tr>\n<td>1<\/td>\n<td>Thibau Nys<\/td>\n<td>1:03:01<\/td>\n<\/tr>\n<tr>\n<td>2<\/td>\n<td>Lars van der Haar<\/td>\n<td>+ 3<\/td>\n<\/tr>\n<tr>\n<td>3<\/td>\n<td>Cameron Mason<\/td>\n<td>+ 5<\/td>\n<\/tr>\n<tr>\n<td>4<\/td>\n<td>Niels Vandeputte<\/td>\n<td>+ 23<\/td>\n<\/tr>\n<tr>\n<td>5<\/td>\n<td>Laurens Sweeck<\/td>\n<td>+ 26<\/td>\n<\/tr>\n<tr>\n<td>6<\/td>\n<td>Joris Nieuwenhuis<\/td>\n<td>+ 32<\/td>\n<\/tr>\n<tr>\n<td>7<\/td>\n<td>Michael Vanthourenhout<\/td>\n<td>+ 38<\/td>\n<\/tr>\n<tr>\n<td>8<\/td>\n<td>Jente Michels<\/td>\n<td>+ 49<\/td>\n<\/tr>\n<tr>\n<td>9<\/td>\n<td>Emiel Verstrynge<\/td>\n<td>+ 1:12<\/td>\n<\/tr>\n<tr>\n<td>10<\/td>\n<td>Victor Van De Putte<\/td>\n<td>+ 1:23<\/td>\n<\/tr>\n<p>Van Alphen sorprende y firma una gran victoria en la carrera femenina<\/p>\n<p>La prueba femenina dej\u00f3 una de las historias del d\u00eda gracias a la impresionante actuaci\u00f3n de Aniek van Alphen. La neerlandesa se impuso con autoridad tras lanzar una larga escapada que ninguna rival pudo responder. Es su primer gran triunfo televisado desde finales de 2022 y llega acompa\u00f1ado de la recompensa adicional de situarse como nueva l\u00edder de la Copa del Mundo.<\/p>\n<p>El arranque estuvo marcado por la campeona francesa Amandine Fouquenet, muy s\u00f3lida en los primeros metros, junto a Leonie Bentveld. Entre las favoritas, Ceylin del Carmen Alvarado y Shirin van Anrooij salieron algo m\u00e1s retrasadas, aunque Alvarado recuper\u00f3 terreno con rapidez. Van Alphen empez\u00f3 fuerte, abri\u00f3 huecos desde la primera vuelta y seleccion\u00f3 el grupo delantero junto a Bentveld.<\/p>\n<p>Sof\u00eda Rodr\u00edguez fue 24\u00aa.<\/p>\n<p>La neerlandesa intensific\u00f3 su ritmo en la tercera de las seis vueltas y se march\u00f3 en solitario. Bentveld y Fouquenet intentaron mantenerla a la vista, mientras Alvarado y Van der Heijden se reagrupaban por detr\u00e1s. La persecuci\u00f3n nunca lleg\u00f3 a recortar diferencias de forma significativa y Van Alphen mantuvo una ventaja estable cercana al medio minuto.<\/p>\n<p>Fouquenet lanz\u00f3 el ataque que defini\u00f3 el segundo puesto en la \u00faltima vuelta, dejando atr\u00e1s a Alvarado, que aun as\u00ed logr\u00f3 un valioso tercer puesto en su regreso a la alta competici\u00f3n. Van Alphen cruz\u00f3 la meta con una actuaci\u00f3n impecable que le permite tomar el liderato general tras su quinto puesto en T\u00e1bor y esta victoria incontestable en Francia.<\/p>\n","protected":false},"excerpt":{"rendered":"Nys repite y parece estar un punto por encima del resto El ciclocr\u00f3s regres\u00f3 a la acci\u00f3n con&hellip;\n","protected":false},"author":2,"featured_media":264430,"comment_status":"","ping_status":"","sticky":false,"template":"","format":"standard","meta":{"footnotes":""},"categories":[273],"tags":[313,44324,312,168,25,24,23,167,63713],"class_list":{"0":"post-264429","1":"post","2":"type-post","3":"status-publish","4":"format-standard","5":"has-post-thumbnail","7":"category-ciclismo","8":"tag-ciclismo","9":"tag-ciclocross","10":"tag-cycling","11":"tag-deportes","12":"tag-es","13":"tag-espana","14":"tag-spain","15":"tag-sports","16":"tag-thibau-nys"},"share_on_mastodon":{"url":"https:\/\/pubeurope.com\/@es\/115641078393616614","error":""},"_links":{"self":[{"href":"https:\/\/www.europesays.com\/es\/wp-json\/wp\/v2\/posts\/264429","targetHints":{"allow":["GET"]}}],"collection":[{"href":"https:\/\/www.europesays.com\/es\/wp-json\/wp\/v2\/posts"}],"about":[{"href":"https:\/\/www.europesays.com\/es\/wp-json\/wp\/v2\/types\/post"}],"author":[{"embeddable":true,"href":"https:\/\/www.europesays.com\/es\/wp-json\/wp\/v2\/users\/2"}],"replies":[{"embeddable":true,"href":"https:\/\/www.europesays.com\/es\/wp-json\/wp\/v2\/comments?post=264429"}],"version-history":[{"count":0,"href":"https:\/\/www.europesays.com\/es\/wp-json\/wp\/v2\/posts\/264429\/revisions"}],"wp:featuredmedia":[{"embeddable":true,"href":"https:\/\/www.europesays.com\/es\/wp-json\/wp\/v2\/media\/264430"}],"wp:attachment":[{"href":"https:\/\/www.europesays.com\/es\/wp-json\/wp\/v2\/media?parent=264429"}],"wp:term":[{"taxonomy":"category","embeddable":true,"href":"https:\/\/www.europesays.com\/es\/wp-json\/wp\/v2\/categories?post=264429"},{"taxonomy":"post_tag","embeddable":true,"href":"https:\/\/www.europesays.com\/es\/wp-json\/wp\/v2\/tags?post=264429"}],"curies":[{"name":"wp","href":"https:\/\/api.w.org\/{rel}","templated":true}]}}