{"id":264431,"date":"2025-11-30T22:47:10","date_gmt":"2025-11-30T22:47:10","guid":{"rendered":"https:\/\/www.europesays.com\/es\/264431\/"},"modified":"2025-11-30T22:47:10","modified_gmt":"2025-11-30T22:47:10","slug":"ignacio-rosa-el-recambio-de-fynn-schott-para-el-hestia","status":"publish","type":"post","link":"https:\/\/www.europesays.com\/es\/264431\/","title":{"rendered":"Ignacio Rosa, el recambio de Fynn Schott para el Hestia"},"content":{"rendered":"<p>Y la entidad lo hizo oficial. El <a href=\"https:\/\/www.menorca.info\/etiqueta\/Hestia+Menorca.html?utm_source=Inline-tag&amp;utm_medium=internal\" rel=\"nofollow noopener\" target=\"_blank\">Hestia Menorca<\/a> se ha hecho para estos pr\u00f3ximos meses con el exjugador del Gipuzkoa Basket y canterano del Unicaja, Ignacio Rosa, <strong>ala-p\u00edvot de 25 a\u00f1os y 2,06 cent\u00edmetros que llega a la Isla para suceder temporalmente al lesionado Fynn Schott<\/strong>, que se lastim\u00f3 un dedo en las Ventanas FIBA y tendr\u00e1 para varias semanas de ausencia.<\/p>\n<p>Hestia y Rosa, tal y como avanzaba en los deportes de IB3 Not\u00edcies, han alcanzado un acuerdo para la incorporaci\u00f3n del \u2018cuatro\u2019 que debut\u00f3 en la Liga Endesa y en Euroliga con el primer equipo andaluz de la mano de Joan Plaza en el Unicaja. Internacional destacado en categor\u00edas inferiores con Espa\u00f1a, luego ha ido acumulando experiencia en <a href=\"https:\/\/www.menorca.info\/etiqueta\/Primera+FEB.html?utm_source=Inline-tag&amp;utm_medium=internal\" rel=\"nofollow noopener\" target=\"_blank\">Primera FEB<\/a> con Oviedo, Castell\u00f3 de Joan Faner, Huesca, Lleida, Burgos, Ourense y Alicante. Destaca, entre todas esas campa\u00f1as, del que ser\u00eda nuevo jugador de Javier Zamora,<strong> la que disput\u00f3 en Lleida, en la que promedi\u00f3 10 puntos y 4 rebotes por encuentro, con Final Four de ascenso incluida.<\/strong><\/p>\n<p>Adem\u00e1s, en la 2022\/23 jug\u00f3 en Liga Endesa con el Surne Bilbao Basket, disputando 31 partidos entre ACB y Europa. <strong>Ahora Rosa intentar\u00e1 en Bintalfa correr la suerte y protagonismo del que no ha gozado en el Gipuzkoa<\/strong>\u2013 donde estaba llamado a ser determinante\u2013 aunque el canterano de Unicaja sigue sin encontrar su hueco en las \u00faltimas temporadas.<\/p>\n","protected":false},"excerpt":{"rendered":"Y la entidad lo hizo oficial. El Hestia Menorca se ha hecho para estos pr\u00f3ximos meses con el&hellip;\n","protected":false},"author":2,"featured_media":264432,"comment_status":"","ping_status":"","sticky":false,"template":"","format":"standard","meta":{"footnotes":""},"categories":[269],"tags":[299,13146,298,168,25,24,4078,3917,23,167],"class_list":{"0":"post-264431","1":"post","2":"type-post","3":"status-publish","4":"format-standard","5":"has-post-thumbnail","7":"category-baloncesto","8":"tag-baloncesto","9":"tag-baloncesto-en-menorca","10":"tag-basketball","11":"tag-deportes","12":"tag-es","13":"tag-espana","14":"tag-hestia-menorca","15":"tag-primera-feb","16":"tag-spain","17":"tag-sports"},"share_on_mastodon":{"url":"https:\/\/pubeurope.com\/@es\/115641086462946614","error":""},"_links":{"self":[{"href":"https:\/\/www.europesays.com\/es\/wp-json\/wp\/v2\/posts\/264431","targetHints":{"allow":["GET"]}}],"collection":[{"href":"https:\/\/www.europesays.com\/es\/wp-json\/wp\/v2\/posts"}],"about":[{"href":"https:\/\/www.europesays.com\/es\/wp-json\/wp\/v2\/types\/post"}],"author":[{"embeddable":true,"href":"https:\/\/www.europesays.com\/es\/wp-json\/wp\/v2\/users\/2"}],"replies":[{"embeddable":true,"href":"https:\/\/www.europesays.com\/es\/wp-json\/wp\/v2\/comments?post=264431"}],"version-history":[{"count":0,"href":"https:\/\/www.europesays.com\/es\/wp-json\/wp\/v2\/posts\/264431\/revisions"}],"wp:featuredmedia":[{"embeddable":true,"href":"https:\/\/www.europesays.com\/es\/wp-json\/wp\/v2\/media\/264432"}],"wp:attachment":[{"href":"https:\/\/www.europesays.com\/es\/wp-json\/wp\/v2\/media?parent=264431"}],"wp:term":[{"taxonomy":"category","embeddable":true,"href":"https:\/\/www.europesays.com\/es\/wp-json\/wp\/v2\/categories?post=264431"},{"taxonomy":"post_tag","embeddable":true,"href":"https:\/\/www.europesays.com\/es\/wp-json\/wp\/v2\/tags?post=264431"}],"curies":[{"name":"wp","href":"https:\/\/api.w.org\/{rel}","templated":true}]}}