{"id":264437,"date":"2025-11-30T22:52:18","date_gmt":"2025-11-30T22:52:18","guid":{"rendered":"https:\/\/www.europesays.com\/es\/264437\/"},"modified":"2025-11-30T22:52:18","modified_gmt":"2025-11-30T22:52:18","slug":"las-mejores-9-series-de-diciembre-con-ciudad-de-sombras-fallout-y-emily-in-paris-al-frente-de-los-42-estrenos","status":"publish","type":"post","link":"https:\/\/www.europesays.com\/es\/264437\/","title":{"rendered":"Las mejores 9 series de diciembre, con &#8216;Ciudad de sombras&#8217;, &#8216;Fallout&#8217; y &#8216;Emily in Paris&#8217; al frente de los 42 estrenos"},"content":{"rendered":"<p class=\"article-text\">\n        <strong>Diciembre <\/strong>es un mes se\u00f1alado para los finales y las despedidas. El \u00faltimo mes del a\u00f1o significa muchas veces decir adi\u00f3s a proyectos profesionales y escribir \u00faltimas l\u00edneas en trabajos que se hab\u00edan convertido en tu vida, mientras enero se erige como un mes de comienzos y nuevas expectativas. Y en el <strong>calendario de series<\/strong>, parece que ese \u201ccansancio\u201d por llegar al final del a\u00f1o tambi\u00e9n se deja sentir.\n    <\/p>\n<p>    <a href=\"https:\/\/www.eldiario.es\/vertele\/analisis\/stranger-things-netflix-serie-inicia-final-3-anos-despues-dilatan-series-espera-temporadas_1_12795487.html\" data-mrf-recirculation=\"saber-mas\" data-dl-event=\"saber-mas\" rel=\"nofollow noopener\" target=\"_blank\"><\/p>\n<p class=\"know-more__title\">An\u00e1lisis | &#8216;Stranger Things&#8217; inicia su final en Netflix&#8230; 3 a\u00f1os despu\u00e9s: as\u00ed dilatan las series su espera entre temporadas<\/p>\n<p>            <img decoding=\"async\" class=\"lazy\" loading=\"lazy\" data-src=\"https:\/\/static.eldiario.es\/clip\/2fc528ef-da82-456f-84ae-5a2ae035eecd_16-9-aspect-ratio_default_0.jpg\" src=\"data:image\/svg+xml,%3Csvg xmlns=\" http:=\"\" viewbox=\"0 0 880 495\" alt=\"'Stranger Things' inicia su final en Netflix... 3 a\u00f1os despu\u00e9s: as\u00ed dilatan las series su espera entre temporadas\"\/><\/p>\n<p>                        <\/a><\/p>\n<p class=\"article-text\">\n        Num\u00e9ricamente, porque diciembre de 2025 trae <strong>42 series<\/strong>, una cantidad elevada para la que ni tan siquiera dan los d\u00edas, pero que es inferior a la que nos ha habituado la \u201cburbuja de la ficci\u00f3n\u201d en la que llevamos a\u00f1os. Cualitativamente, porque lo cierto es que no hay ning\u00fan gran t\u00edtulo que las cadenas y plataformas se hayan \u201creservado\u201d para cerrar el a\u00f1o, aunque s\u00ed pueden destacarse algunos para resguardarnos del fr\u00edo o aprovechar las vacaciones de Navidad.\n    <\/p>\n<p class=\"article-text\">\n        De entre <strong>las 9 que destacamos<\/strong>, como siempre nos fijamos m\u00e1s en las que tienen sello espa\u00f1ol. <strong>Movistar Plus+<\/strong>, por partida doble en los primeros d\u00edas gracias a <a href=\"https:\/\/www.eldiario.es\/vertele\/videos\/trailers-y-avances\/movistar-silencio-serie-eduardo-casanova-vampiras-sida-fecha-estreno-trailer_8_12675148.html\" data-mrf-recirculation=\"links-noticia\" class=\"link\" rel=\"nofollow noopener\" target=\"_blank\"><strong>Silencio<\/strong><\/a><strong> <\/strong>(la serie de Eduardo Casanova) y a <a href=\"https:\/\/www.eldiario.es\/vertele\/videos\/trailers-y-avances\/movistar-plus-sigue-cercas-pone-anatomia-de-un-instante-fecha-terra-alta-serie-adapta-premio-planeta_7_12795198.html\" data-mrf-recirculation=\"links-noticia\" class=\"link\" rel=\"nofollow noopener\" target=\"_blank\"><strong>Terra Alta<\/strong><\/a> (que repite el binomio de la plataforma y Javier Cercas tras Anatom\u00eda de un instante). <strong>Netflix <\/strong>tambi\u00e9n duplica su apuesta por las series espa\u00f1olas con <a href=\"https:\/\/www.eldiario.es\/vertele\/videos\/trailers-y-avances\/ciudad-de-sombras-ultima-serie-veronica-echegui-estreno-netflix_7_12769179.html\" data-mrf-recirculation=\"links-noticia\" class=\"link\" rel=\"nofollow noopener\" target=\"_blank\"><strong>Ciudad de sombras<\/strong><\/a> (la serie p\u00f3stuma de Ver\u00f3nica Echegui) e <a href=\"https:\/\/www.eldiario.es\/vertele\/videos\/trailers-y-avances\/innato-fecha-estreno-trailer-netflix-serie-imanol-arias-elena-anaya-asesino-gasoil_7_12780512.html\" data-mrf-recirculation=\"links-noticia\" class=\"link\" rel=\"nofollow noopener\" target=\"_blank\"><strong>Innato<\/strong><\/a><strong> <\/strong>(con un duelo interpretativo de Elena Anaya e Imanol Arias). Junto a <a href=\"https:\/\/www.eldiario.es\/vertele\/videos\/trailers-y-avances\/atasco-lanza-trailer-pone-fecha-navidena-temporada-3-prime-video-grison-ramoncin-fichajes_7_12802335.html\" data-mrf-recirculation=\"links-noticia\" class=\"link\" rel=\"nofollow noopener\" target=\"_blank\"><strong>Atasco<\/strong><\/a>, que lanza su tercera temporada en <strong>Amazon Prime Video<\/strong> sumando a su reparto a Grison y Ramonc\u00edn, son los cinco \u00fanicos t\u00edtulos espa\u00f1oles del mes.\n    <\/p>\n<p class=\"article-text\">\n        Saliendo de nuestras fronteras, pueden destacarse tambi\u00e9n los regresos de <strong>Fallout<\/strong>, de <strong>Emily in Paris<\/strong>, y de <strong>The Chosen<\/strong>, con su \u201c\u00faltima cena\u201d perfecta para \u00e9pocas navide\u00f1as. Entre las novedades, hay otro regreso como el de Rowan Atkinson, el m\u00edtico Mr. Bean, con una nueva serie; y dos apuestas como <strong>Los abandonados<\/strong> (que llegan con mucha pol\u00e9mica) y <strong>Spartacus: House of Ashur<\/strong> (que resucita, y nunca mejor dicho, la saga del gladiador).\n    <\/p>\n<p class=\"article-text\">\n        Para que puedas elegir, te contamos por qu\u00e9 destacamos 9 series, y recogemos tambi\u00e9n los <strong>16 estrenos<\/strong> y las <strong>17 nuevas temporadas<\/strong> que en este mes de diciembre de 2025 llegan a las cadenas y plataformas como Amazon Prime Video, Netflix, Movistar Plus+, Disney+, SkyShowtime, Filmin, AMC+ o COSMO. Por no ser estreno, no incluimos otro evento importante: el jueves 26 de diciembre Netflix lanza 3 cap\u00edtulos m\u00e1s de la quinta y \u00faltima temporada de <strong>Stranger Things<\/strong>, ya dejando s\u00f3lo su cap\u00edtulo final para el 1 de enero.\n    <\/p>\n<p>    <strong>Las 9 series m\u00e1s destacadas de diciembre de 2025:<\/strong><\/p>\n<p>    1) &#8216;Silencio&#8217; (Movistar Plus+, 1 diciembre)<\/p>\n<p class=\"article-text\">\n        <strong>As\u00ed es la serie:<\/strong> En las sombras de la historia, el secreto late como un pulso. Unas hermanas vampiras sobreviven a la escasez de \u201csangre humana limpia\u201d debido a la Peste Negra, pero el verdadero veneno es el silencio que las rodea. Siglos despu\u00e9s, una de sus descendientes se enfrenta al mismo conflicto en la pandemia del SIDA en Espa\u00f1a, y descubre que la condena social sigue siendo la misma. Y que el amor entre \u201cenfermos\u201d y \u201csanos\u201d, humanas y vampiras sigue provocando el mismo terror. \u00bfQu\u00e9 sucede cuando la eternidad se mide en siglos de silencio?\u00a0\n    <\/p>\n<p class=\"article-text\">\n        <strong>Por qu\u00e9 destaca:<\/strong> Porque parece que cualquier proyecto que emprenda Eduardo Casanova (aqu\u00ed creador, guionista y director) tiene que ser pol\u00e9mico, como si fuese el \u00fanico que recibe subvenciones. \u00c9l tiene ese se\u00f1alamiento superado, y por eso se atreve a proponer algo tan diferente y arriesgado como esta miniserie compuesta por 3 cap\u00edtulos de unos 23 minutos, que tiene una interesante doble lectura de fondo sobre los estigmas y el feminismo. Su reparto de prestigio incluye a Luc\u00eda D\u00edez, Ana Polvorosa, Mar\u00eda Le\u00f3n, Mariola Fuentes, Leticia Dolera, Omar Ayuso\u00a0y Carolina Rubio.\n    <\/p>\n<p>    2) &#8216;Terra alta&#8217; (Movistar Plus+, 4 diciembre)<\/p>\n<p class=\"article-text\">\n        <strong>As\u00ed es la serie:<\/strong> Terra Alta, en Tarragona, es un lugar de una belleza salvaje, donde a\u00fan sangran las cicatrices de la Guerra Civil. Un territorio tranquilo hasta que el asesinato de Francisco y Rosa Adell, patriarcas de la familia m\u00e1s rica y poderosa del lugar, conmociona a todos. Este suceso hace que Melchor Mar\u00edn, uno de los agentes a cargo de la investigaci\u00f3n, reviva su oscuro, complejo y olvidado pasado.\n    <\/p>\n<p class=\"article-text\">\n        <strong>Por qu\u00e9 destaca:<\/strong> Movistar Plus+ adquiri\u00f3 esta serie de Secuoya que adapta el libro de Javier Cercas por el que el escritor gan\u00f3 el Premio Planeta 2019, y que ve la luz ahora un tanto por sorpresa despu\u00e9s de que la plataforma haya lanzado la ambiciosa Anatom\u00eda de un instante, que tambi\u00e9n adapta al autor. Cuenta con un reparto encabezado por Miguel Bernardeau que est\u00e1 lleno de nombres destacados como Ivan Massagu\u00e9,\u00a0Marta Etura,\u00a0Bea Segura,\u00a0Goya Toledo,\u00a0Pere Ponce,\u00a0Pablo Derqui,\u00a0Manel Barcel\u00f3,\u00a0Jordi Mart\u00ednez\u00a0y\u00a0Francesc Orella.\n    <\/p>\n<p>    3) &#8216;Los abandonados&#8217; (Netflix, 4 diciembre)<\/p>\n<p class=\"article-text\">\n        <strong>As\u00ed es la serie:<\/strong> Territorio de Washington, 1854. Las matriarcas de dos familias muy diferentes, una rica y privilegiada, unida por lazos de sangre y otra formada por hu\u00e9rfanos y marginados, unida por el amor y la necesidad, ver\u00e1n sus destinos entrelazados por dos delitos, un oscuro secreto, un amor imposible y un terreno lleno de plata. Un choque que ilustra la lucha de clases en Estados Unidos, en un lugar donde la justicia brilla por su ausencia.\n    <\/p>\n<p class=\"article-text\">\n        <strong>Por qu\u00e9 destaca:<\/strong> Porque llega precedida de la pol\u00e9mica. Su creador Kurt Sutter, que ya lanz\u00f3 la exitosa Sons of anarchy (Hijos de la anarqu\u00eda) abandon\u00f3 el proyecto cuando faltaban unos d\u00edas para acabar el rodaje. Algo que ya le \u201csucedi\u00f3\u201d con Mayans MC. Diferencias creativas, recorte del n\u00famero de episodios, divisi\u00f3n del primero de ellos&#8230; hay inter\u00e9s por saber c\u00f3mo qued\u00f3 finalmente este western con un elenco de lujo capitaneado por Lena Headey y Gillian Anderson.\n    <\/p>\n<p>    4) &#8216;Spartacus: House of Ashur&#8217; (MGM+ \/ Amazon Prime Video, 6 diciembre)<\/p>\n<p class=\"article-text\">\n        <strong>As\u00ed es la serie:<\/strong> La ficci\u00f3n abre una v\u00eda alternativa para explorar qu\u00e9 habr\u00eda sucedido si el personaje de Ashur no hubiera muerto en el Monte Vesubio al final de la serie original.\u00a0En lugar de morir, Ashur habr\u00eda recibido la escuela de gladiadores de Batiato por su ayuda a los romanos para sofocar la rebeli\u00f3n de los esclavos.\u00a0La trama seguir\u00eda a Ashur en su nueva vida como due\u00f1o del ludus, enfrent\u00e1ndose a nuevos desaf\u00edos y personajes, incluyendo a una gladiadora llamada Achillia y su propio doctore, Korris.\n    <\/p>\n<p class=\"article-text\">\n        <strong>Por qu\u00e9 destaca:<\/strong> Porque el universo de Spartacus crece, aunque de forma desordenada. A la primera temporada de la serie original (Sangre y arena) en 2010, le sigui\u00f3 una precuela (Dioses de la arena) en 2011, y luego retom\u00f3 su historia original con una segunda temporada (Venganza) en 2012 y una tercera (Guerra de los condenados) en 2013. Una d\u00e9cada despu\u00e9s, Starz anunci\u00f3 que su creador Steven S. DeKnight estaba desarrollando el spin-off que ahora llega, Spartacus: La casa de Ashur, con el mismo actor Nick E. Tarabay al frente.\n    <\/p>\n<p>    5) &#8216;El hombre contra el beb\u00e9&#8217; (Netflix, 11 diciembre)<\/p>\n<p class=\"article-text\">\n        <strong>As\u00ed es la serie:<\/strong> Despu\u00e9s del fracaso como cuidador de una lujosa mansi\u00f3n debido a un inoportuno insecto en\u00a0El hombre contra la abeja,\u00a0Trevor Bingley (Rowan Atkinson) ha cambiado el estresante mundo del cuidado de casas por la tranquilidad de ser conserje en un colegio. Esto es as\u00ed hasta que recibe una oferta muy jugosa para cuidar un \u00e1tico de lujo en Londres durante las Navidades. El \u00faltimo d\u00eda de clase, cuando nadie viene a recoger al Ni\u00f1o Jes\u00fas del bel\u00e9n del colegio, Trevor acaba con un peque\u00f1o e inesperado compa\u00f1ero. Con un \u00e1tico que cuidar y un beb\u00e9 que no sabe eructar, \u00bfpodr\u00e1 Trevor disfrutar de unas Navidades tranquilas, o acabar\u00e1n las fiestas siendo un caos?\n    <\/p>\n<p class=\"article-text\">\n        <strong>Por qu\u00e9 destaca:<\/strong> Casi \u00fanicamente porque supone el regreso de Rowan Atkinson, para siempre Mr. Bean, con este mismo personaje que ya interpret\u00f3 en El hombre contra la abeja del a\u00f1o 2022, tambi\u00e9n en Netflix. La nueva ficci\u00f3n est\u00e1 protagonizada, pero tambi\u00e9n creada y escrita por el propio Atkinson, junto a Will Davies.\n    <\/p>\n<p>    6) &#8216;Ciudad de sombras&#8217; (Netflix, 12 diciembre)<\/p>\n<p class=\"article-text\">\n        <strong>As\u00ed es la serie:<\/strong> Un macabro crimen sacude La Pedrera &#8211; Casa Mil\u00e0: un cuerpo calcinado ha aparecido en la fachada del ic\u00f3nico edificio de Gaud\u00ed. El inspector Milo Malart (Isak F\u00e9rriz), recientemente suspendido de los Mossos d&#8217;Esquadra por insubordinaci\u00f3n, vuelve al servicio en Barcelona. Junto a la subinspectora Rebeca Garrido (Ver\u00f3nica Echegui), se embarca en la b\u00fasqueda del responsable del crimen.\n    <\/p>\n<p class=\"article-text\">\n        <strong>Por qu\u00e9 destaca:<\/strong>  Adem\u00e1s de porque es una de las \u00faltimas series espa\u00f1olas de este a\u00f1o, porque supone el proyecto p\u00f3stumo de Ver\u00f3nica Echegui, la actriz que falleci\u00f3 en el mes de agosto. En la ficci\u00f3n comparte protagonismo con Isak F\u00e9rriz, al frente de un reparto que tambi\u00e9n cuenta con Ana Wagener,\u00a0Manolo Solo\u00a0y\u00a0Jordi Ballester. Ciudad de sombras\u00a0adapta la primera novela del escritor catal\u00e1n\u00a0Aro S\u00e1inz de de la Maza, autor de la tetralog\u00eda de Milo Malart, y es una serie muy personal de Jorge Torregrossa (El cuerpo en llamas), que ejerce como guionista, showrunner y director.\n    <\/p>\n<p>    7) &#8216;Fallout&#8217; T2 (Amazon Prime Video, 17 diciembre)<\/p>\n<p class=\"article-text\">\n        <strong>As\u00ed es la serie:<\/strong> La nueva temporada retomar\u00e1 la historia tras el \u00e9pico final de la primera entrega y llevar\u00e1 al p\u00fablico a un viaje a trav\u00e9s del p\u00e1ramo de Mojave hasta la ciudad postapocal\u00edptica de New Vegas. Basada en una de las m\u00e1s grandes sagas de videojuegos de todos los tiempos, Fallout es la historia de los que tienen y los que no, en un mundo donde ya casi no queda nada por tener. Doscientos a\u00f1os despu\u00e9s del apocalipsis, los apacibles habitantes de lujosos refugios nucleares se ven obligados a regresar al infierno irradiado que sus antepasados dejaron atr\u00e1s, y se sorprenden al descubrir el universo incre\u00edblemente complejo, delirantemente extra\u00f1o y extremadamente violento que los espera.\n    <\/p>\n<p class=\"article-text\">\n        <strong>Por qu\u00e9 destaca:<\/strong> Porque aprovechar el tir\u00f3n de los videojuegos para adaptarlos como serie es una moda que las plataformas llevan ya explotando a\u00f1os, y con Fallout Amazon Prime Video intent\u00f3 ir sobre seguro no s\u00f3lo por su fama y trayectoria, sino tambi\u00e9n <a href=\"https:\/\/www.eldiario.es\/vertele\/noticias\/isla-tentaciones-fallout-reinan-buscado-tv-durante-2024-google-revuelta-cerca_1_11888642.html\" data-mrf-recirculation=\"links-noticia\" class=\"link\" rel=\"nofollow noopener\" target=\"_blank\">por su impacto<\/a>. Y con su primera temporada lo logr\u00f3, convirti\u00e9ndose en una de las adaptaciones m\u00e1s aplaudidas del mundo de los videojuegos, y endiosando a su actriz Ella Purnell. Esta segunda temporada tendr\u00e1 la dif\u00edcil misi\u00f3n de mantener su nivel, no como le pas\u00f3 a su \u201ccomparada\u201d The last of us&#8230;\n    <\/p>\n<p>    8) &#8216;Emily in Paris&#8217; T5 (Netflix, 18 diciembre)<\/p>\n<p class=\"article-text\">\n        <strong>As\u00ed es la serie:<\/strong> Emily, a la que han nombrado responsable de la Agence Grateau en Roma, se enfrenta a desaf\u00edos profesionales y sentimentales mientras aprende a moverse por una ciudad nueva. Sin embargo, cuando todo parece encajar, una mala decisi\u00f3n en el trabajo desata un efecto domin\u00f3 que sacude su vida personal y profesional. En un intento de recuperar la estabilidad, se apoya en su estilo de vida franc\u00e9s hasta que un gran secreto pone en peligro una de sus relaciones m\u00e1s estrechas. Emily aborda el conflicto con honestidad y sale del problema con v\u00ednculos m\u00e1s profundos, una visi\u00f3n m\u00e1s clara y una mayor predisposici\u00f3n a abrazar nuevas posibilidades.\n    <\/p>\n<p class=\"article-text\">\n        <strong>Por qu\u00e9 destaca:<\/strong> Porque es extra\u00f1o que las series de Netflix pasen de las tres temporadas, ya que las cifras de la plataforma suelen resentirse con el paso de las tandas de cap\u00edtulos, pero esta ligera comedia rom\u00e1ntica ha logrado llegar ya a la quinta, sin descartar que pueda ir m\u00e1s all\u00e1. Por primera vez sus tramas no se ambientar\u00e1n en la capital francesa, sino en Roma, donde el personaje interpretado por Lily Collins seguir\u00e1 intentando ganar adeptos y convertirse, de rebote, en un icono de moda.\n    <\/p>\n<p>    9) &#8216;Innato&#8217; (Netflix, 23 diciembre)<\/p>\n<p class=\"article-text\">\n        <strong>As\u00ed es la serie:<\/strong> Narra la historia de Sara (Elena Anaya), una psic\u00f3loga que ha dejado atr\u00e1s un traum\u00e1tico pasado como hija de F\u00e9lix Garay (Imanol Arias), un asesino en serie bautizado en su momento por la prensa como \u201cel asesino del gasoil\u201d. Ahora, la vida id\u00edlica que Sara ha construido junto a su marido Aitor (Roberto \u00c1lamo) y su hijo adolescente Sebas (Teo Soler) se tambalea cuando F\u00e9lix sale de la c\u00e1rcel coincidiendo con una nueva ola de cr\u00edmenes que parecen replicar los asesinatos perpetrados 25 a\u00f1os atr\u00e1s. Tras haber ocultado su pasado a su familia durante a\u00f1os, Sara debe colaborar ahora con la polic\u00eda para resolver los nuevos casos.\n    <\/p>\n<p class=\"article-text\">\n        <strong>Por qu\u00e9 destaca:<\/strong> Porque es la \u00faltima serie espa\u00f1ola de Netflix este a\u00f1o, y salvo sorpresas de \u00faltima hora tambi\u00e9n la \u00faltima serie espa\u00f1ola -en general- en estrenarse en 2025. Este thriller de ocho cap\u00edtulos lleva la firma de\u00a0la productora Plano a Plano, y est\u00e1 dirigido por Lino Escalera (\u00c9lite) e Inma Torrente (Valeria). Para crear la historia de \u201cel asesino del gasoil\u201d (que no se basa en un criminal real) presenta un duelo interpretativo de altura entre Elena Anaya e Imanol Arias, que vuelve a una serie tras el final de Cu\u00e9ntame en 2023.\n    <\/p>\n<p>    <a href=\"https:\/\/www.eldiario.es\/vertele\/series\/las-hijas-de-la-criada-sonsoles-onega-novelas-presentadoras-tv-han-convertido-series-atresplayer-antena-3_1_12798025.html\" data-mrf-recirculation=\"saber-mas-abajo\" data-dl-event=\"saber-mas-abajo\" rel=\"nofollow noopener\" target=\"_blank\"><\/p>\n<p class=\"know-more__title\">&#8216;Las hijas de la criada&#8217; de Sonsoles \u00d3nega y otras novelas de presentadoras de TV que se han convertido en series<\/p>\n<p>            <img decoding=\"async\" class=\"lazy\" loading=\"lazy\" data-src=\"https:\/\/static.eldiario.es\/clip\/8490459e-005c-4086-a001-53eb4f9c9041_16-9-aspect-ratio_default_0.jpg\" src=\"data:image\/svg+xml,%3Csvg xmlns=\" http:=\"\" viewbox=\"0 0 880 495\" alt=\"'Las hijas de la criada' de Sonsoles \u00d3nega y otras novelas de presentadoras de TV que se han convertido en series\"\/><\/p>\n<p>                        <\/a><\/p>\n<p>    <strong>Otras 16 series que se estrenan en diciembre de 2025:<\/strong><\/p>\n<ol>\n<li><strong>El juego de Gracie Darling<\/strong> (Netflix, 1 diciembre)<\/li>\n<li><strong>El precio de una confesi\u00f3n<\/strong> (Netflix, 5 diciembre)<\/li>\n<li><strong>The Irish Affair<\/strong> (SkyShowtime, 6 diciembre)<\/li>\n<li><strong>Tal vez ma\u00f1ana<\/strong> (Amazon Prime Video, 6 diciembre)<\/li>\n<li><strong>The gold<\/strong> (Filmin, 9 diciembre)<\/li>\n<li><strong>Reykjav\u00edk Fusion<\/strong> (AMC+, 10 diciembre)<\/li>\n<li><strong>Regreso al pueblo<\/strong> (Netflix, 11 diciembre)<\/li>\n<li><strong>Taylor Swift: The End of an Era<\/strong> (Disney+, 12 diciembre)<\/li>\n<li><strong>All Her Fault (Su peor pesadilla)<\/strong> (SkyShowtime, 15 diciembre)<\/li>\n<li><strong>El dentista<\/strong> (Movistar Plus+, 18 diciembre)<\/li>\n<li><strong>Human Specimens<\/strong> (Amazon Prime Video, 18 diciembre)<\/li>\n<li><strong>Doce citas antes de Navidad<\/strong> (Movistar Plus+, 20 diciembre)<\/li>\n<li><strong>Sicilia Express<\/strong> (Netflix, 22 diciembre)<\/li>\n<li><strong>Miss Sophie &#8211; Same Procedure as Every Year<\/strong> (Amazon Prime Video, 22 diciembre)<\/li>\n<li><strong>Reunion <\/strong>(Filmin, 23 diciembre)<\/li>\n<li><strong>Made in Korea<\/strong> (Disney+, 24 diciembre)<\/li>\n<\/ol>\n<p>    <strong>Y 17 series m\u00e1s que estrenan temporada en diciembre de 2025:<\/strong><\/p>\n<ol>\n<li><strong>&#8216;Todas las criaturas grandes y peque\u00f1as&#8217; T6<\/strong> (Filmin, 2 diciembre)<\/li>\n<li><strong>&#8216;Que as\u00ed sea&#8217; T2<\/strong> (Netflix, 4 diciembre)<\/li>\n<li><strong>&#8216;Veronika&#8217; T2<\/strong> (SkyShowtime, 8 diciembre)<\/li>\n<li><strong>&#8216;Pu\u00f1os de hielo&#8217; T2<\/strong> (Sundance TV, 9 diciembre)<\/li>\n<li><strong>&#8216;La paz de Marsella&#8217; T2<\/strong> (Netflix, 9 diciembre)<\/li>\n<li><strong>&#8216;Problemas con pap\u00e1&#8217; T2<\/strong> (Movistar Plus+, 9 diciembre)<\/li>\n<li><strong>&#8216;Asesinatos en la monta\u00f1a&#8217; T5<\/strong> (COSMO, 9 diciembre)<\/li>\n<li><strong>&#8216;Percy Jackson y los dioses del olimpo&#8217; T2<\/strong> (Disney+, 10 diciembre)<\/li>\n<li><strong>&#8216;Accidente&#8217; T2<\/strong> (Netflix, 10 diciembre)<\/li>\n<li><strong>&#8216;Tomb Raider: La leyenda de Lara Croft&#8217; T2<\/strong> (Netflix, 11 diciembre)<\/li>\n<li><strong>&#8216;Navidad en casa&#8217; T3<\/strong> (Netflix, 12 diciembre)<\/li>\n<li><strong>&#8216;Bright minds&#8217; T6<\/strong> (COSMO, 15 diciembre)<\/li>\n<li><strong>&#8216;Hawaii 5.0&#8217; T9<\/strong> (Warner TV, 16 diciembre)<\/li>\n<li><strong>&#8216;El Ni\u00f1ero&#8217; T3<\/strong> (Netflix, 17 diciembre)<\/li>\n<li><strong>&#8216;Atasco&#8217; T3<\/strong> (Amazon Prime Video, 22 diciembre)<\/li>\n<li><strong>&#8216;The Chosen&#8217; T5<\/strong> (Movistar Plus+, 22 diciembre)<\/li>\n<li><strong>&#8216;Muerte bajo cero&#8217; T2<\/strong> (AMC, 29 diciembre)<\/li>\n<\/ol>\n<p class=\"article-text\">\n        .\n    <\/p>\n","protected":false},"excerpt":{"rendered":"Diciembre es un mes se\u00f1alado para los finales y las despedidas. El \u00faltimo mes del a\u00f1o significa muchas&hellip;\n","protected":false},"author":2,"featured_media":264438,"comment_status":"","ping_status":"","sticky":false,"template":"","format":"standard","meta":{"footnotes":""},"categories":[171],"tags":[45,19599,6826,65648,35329,1060,27182,146,147,25,24,6750,24820,3390,804,1878,152,4759,805,23,214],"class_list":{"0":"post-264437","1":"post","2":"type-post","3":"status-publish","4":"format-standard","5":"has-post-thumbnail","7":"category-tv","8":"tag-45","9":"tag-19599","10":"tag-amazon-prime-video","11":"tag-ciudad-de-sombras","12":"tag-diciembre","13":"tag-disney","14":"tag-emily","15":"tag-entertainment","16":"tag-entretenimiento","17":"tag-es","18":"tag-espana","19":"tag-estrenos","20":"tag-fallout","21":"tag-in","22":"tag-mejores","23":"tag-movistar-plus","24":"tag-netflix","25":"tag-paris","26":"tag-series","27":"tag-spain","28":"tag-tv"},"share_on_mastodon":{"url":"https:\/\/pubeurope.com\/@es\/115641106233347106","error":""},"_links":{"self":[{"href":"https:\/\/www.europesays.com\/es\/wp-json\/wp\/v2\/posts\/264437","targetHints":{"allow":["GET"]}}],"collection":[{"href":"https:\/\/www.europesays.com\/es\/wp-json\/wp\/v2\/posts"}],"about":[{"href":"https:\/\/www.europesays.com\/es\/wp-json\/wp\/v2\/types\/post"}],"author":[{"embeddable":true,"href":"https:\/\/www.europesays.com\/es\/wp-json\/wp\/v2\/users\/2"}],"replies":[{"embeddable":true,"href":"https:\/\/www.europesays.com\/es\/wp-json\/wp\/v2\/comments?post=264437"}],"version-history":[{"count":0,"href":"https:\/\/www.europesays.com\/es\/wp-json\/wp\/v2\/posts\/264437\/revisions"}],"wp:featuredmedia":[{"embeddable":true,"href":"https:\/\/www.europesays.com\/es\/wp-json\/wp\/v2\/media\/264438"}],"wp:attachment":[{"href":"https:\/\/www.europesays.com\/es\/wp-json\/wp\/v2\/media?parent=264437"}],"wp:term":[{"taxonomy":"category","embeddable":true,"href":"https:\/\/www.europesays.com\/es\/wp-json\/wp\/v2\/categories?post=264437"},{"taxonomy":"post_tag","embeddable":true,"href":"https:\/\/www.europesays.com\/es\/wp-json\/wp\/v2\/tags?post=264437"}],"curies":[{"name":"wp","href":"https:\/\/api.w.org\/{rel}","templated":true}]}}