{"id":264439,"date":"2025-11-30T22:53:13","date_gmt":"2025-11-30T22:53:13","guid":{"rendered":"https:\/\/www.europesays.com\/es\/264439\/"},"modified":"2025-11-30T22:53:13","modified_gmt":"2025-11-30T22:53:13","slug":"michael-jackson-de-yo-soy-asi-fue-su-impactante-presentacion-de-thriller","status":"publish","type":"post","link":"https:\/\/www.europesays.com\/es\/264439\/","title":{"rendered":"Michael Jackson de \u2018Yo Soy\u2019: as\u00ed fue su impactante presentaci\u00f3n de \u201cThriller\u201d"},"content":{"rendered":"<p>Michael Jackson de \u2018Yo Soy\u2019: Gabriela Villanueva impacta con \u201cThriller\u201d a los jurados y p\u00fablico. IG: Latina TV.<\/p>\n<p class=\"paragraph\">La noche del viernes 28 de noviembre, &#8216;<a rel=\"noopener noreferrer nofollow\" href=\"https:\/\/www.infobae.com\/peru\/2025\/11\/23\/imitadora-de-michael-jackson-emociono-a-eva-ayllon-y-al-publico-era-imitarlo-no-revivirlo\/\" target=\"_blank\" title=\"https:\/\/www.infobae.com\/peru\/2025\/11\/23\/imitadora-de-michael-jackson-emociono-a-eva-ayllon-y-al-publico-era-imitarlo-no-revivirlo\/\"><b>Yo Soy\u2019 <\/b>vivi\u00f3 uno de sus momentos m\u00e1s memorables de la temporada. <b>Gabriela Villanueva<\/b><\/a>, la joven imitadora de 21 a\u00f1os que ha revolucionado el formato, present\u00f3 una impactante versi\u00f3n de <b>\u201cThriller\u201d<\/b>, logrando cautivar al p\u00fablico y al jurado con una mezcla impecable de baile, actuaci\u00f3n, precisi\u00f3n r\u00edtmica y una caracterizaci\u00f3n que rindi\u00f3 homenaje al emblem\u00e1tico videoclip de<b> Michael Jackson.<\/b><\/p>\n<p class=\"paragraph\">Con su energ\u00eda arrolladora, su entrega absoluta y un evidente respeto por la figura del Rey del Pop, Gabriela volvi\u00f3 a consolidarse como una de las revelaciones m\u00e1s fuertes del reality.<\/p>\n<p><img alt=\"Michael Jackson de \u2018Yo Soy\u2019:\" class=\"global-image\" decoding=\"async\" fetchpriority=\"low\" height=\"1080\" loading=\"lazy\" src=\"https:\/\/www.europesays.com\/es\/wp-content\/uploads\/2025\/11\/A5KCBNR4IRGCBJDVMBMYKUEX3A.jpg\" width=\"1920\"\/>Michael Jackson de \u2018Yo Soy\u2019: Gabriela Villanueva impacta con \u201cThriller\u201d a los jurados y p\u00fablico. Captura de TV &#8211; Latina.<\/p>\n<p class=\"paragraph\">La presentaci\u00f3n de \u201cThriller\u201d dej\u00f3 claro que Villanueva estudia cada detalle del artista que representa. Su vestuario, id\u00e9ntico al ic\u00f3nico look del video musical, marc\u00f3 el inicio de una performance que combin\u00f3 <b>coreograf\u00edas exactas<\/b>, <b>movimientos ic\u00f3nicos<\/b> y un manejo esc\u00e9nico poco com\u00fan para participantes tan j\u00f3venes.<\/p>\n<p class=\"paragraph\">\u201cCon un impecable vestuario, Gabriela cautiv\u00f3 al p\u00fablico con su habilidad para bailar y cantar\u201d, se\u00f1alaron los conductores del programa, que destacaron el trabajo integral de la participante.<\/p>\n<p class=\"paragraph\">Para la joven, encarnar a <b>Michael Jackson<\/b> es m\u00e1s que un reto art\u00edstico: es un compromiso emocional. <\/p>\n<blockquote class=\"color_figcaption\"><p>\u201cEs perfecci\u00f3n, es disciplina, es arte, es amor, es cultura, es m\u00fasica. \u00c9l es la m\u00fasica hecha persona. Como fan, y por este amor que tengo por Michael, quiero llevarle al p\u00fablico esa sensaci\u00f3n de estar viendo a Michael en escena\u201d, sostuvo en backstage.<\/p><\/blockquote>\n<p><img alt=\"Michael Jackson de \u2018Yo Soy\u2019:\" class=\"global-image\" decoding=\"async\" fetchpriority=\"low\" height=\"1080\" loading=\"lazy\" src=\"https:\/\/www.europesays.com\/es\/wp-content\/uploads\/2025\/11\/NBVP56KWTREYNMEFD2JS7NEOZI.jpg\" width=\"1920\"\/>Michael Jackson de \u2018Yo Soy\u2019: Gabriela Villanueva recrea escena ic\u00f3nica de \u201cThriller\u201d. Captura de TV &#8211; Latina.<\/p>\n<p class=\"paragraph\"> <b>Gabriela Villanueva <\/b>hizo su primera presentaci\u00f3n en las galas el pasado <a rel=\"noopener noreferrer nofollow\" href=\"https:\/\/www.infobae.com\/peru\/2025\/11\/22\/yo-soy-revela-a-los-24-imitadores-que-estaran-en-noche-de-conciertos-y-el-publico-podra-votar-para-elegir-al-numero-25\/\" target=\"_blank\" title=\"https:\/\/www.infobae.com\/peru\/2025\/11\/22\/yo-soy-revela-a-los-24-imitadores-que-estaran-en-noche-de-conciertos-y-el-publico-podra-votar-para-elegir-al-numero-25\/\">22 de noviembre en <b>\u2018Yo Soy\u2019<\/b><\/a>, y convirti\u00f3 en la<a rel=\"noopener noreferrer nofollow\" href=\"https:\/\/www.infobae.com\/peru\/2025\/10\/15\/imitadora-de-michael-jackson-sorprende-al-jurado-de-yo-soy-y-los-deja-con-la-boca-abierta\/\" target=\"_blank\" title=\"https:\/\/www.infobae.com\/peru\/2025\/10\/15\/imitadora-de-michael-jackson-sorprende-al-jurado-de-yo-soy-y-los-deja-con-la-boca-abierta\/\"> primera mujer en asumir el desaf\u00edo de imitar a <b>Michael Jackson<\/b><\/a> dentro del conocido reality. <\/p>\n<p class=\"paragraph\">La reacci\u00f3n m\u00e1s intensa de la noche vino de parte de <b>Eva Ayll\u00f3n<\/b>, quien no pudo contener las l\u00e1grimas al finalizar la performance.<\/p>\n<blockquote class=\"color_figcaption\"><p>\u201cGabriela, estoy muy conmovida. Yo amo a Michael, lo am\u00e9 con locura. Lo llor\u00e9 m\u00e1s de un mes, lo llor\u00e9 m\u00e1s que cuando me divorci\u00e9\u201d, confes\u00f3 la reconocida cantante criolla.<\/p><\/blockquote>\n<p class=\"paragraph\">La jurado explic\u00f3 que la presentaci\u00f3n la transport\u00f3 a un momento emocional muy personal. \u201cMe has revivido ese instante. Nadie ha logrado esto como t\u00fa. Much\u00edsimas gracias por ese esfuerzo, esa perseverancia que s\u00e9 que tienes\u201d.<\/p>\n<p class=\"paragraph\">Ayll\u00f3n incluso admiti\u00f3 que, por primera vez en la gala, dej\u00f3 de analizar la voz para sumergirse enteramente en el espect\u00e1culo:<\/p>\n<p class=\"paragraph\">\u201cMe olvid\u00e9 de la voz, sent\u00ed que todo estaba bien en conjunto. Eres una versi\u00f3n extraordinaria. Sigue aprendiendo, porque siempre hay cosas que aprender\u201d.<\/p>\n<p class=\"paragraph\">Su debut en el reality ya hab\u00eda sido comentado cuando interpret\u00f3 <b>\u201cBillie Jean\u201d, <\/b>pero con \u201cThriller\u201d confirm\u00f3 que su talento no es casualidad.<\/p>\n<p>Gabriela Villanueva llev\u00f3 a las l\u00e1grimas a Eva Ayll\u00f3n luego de escuchar su primera presentaci\u00f3n en los conciertos de \u2018Yo Soy\u2019 | Latina<\/p>\n<p class=\"paragraph\">Tras escuchar el mensaje de <b>Eva Ayll\u00f3n,<\/b> la noche del viernes 28 de noviembre, <b>Gabriela<\/b> no pudo ocultar su sorpresa.<\/p>\n<p class=\"paragraph\">\u201cEs una situaci\u00f3n inesperada. Es un honor que Eva haya presenciado un show m\u00edo y haya tenido esta reacci\u00f3n tan genuina. Me voy a llevar esta experiencia por el resto de mi vida\u201d, declar\u00f3 visiblemente emocionada.<\/p>\n<p class=\"paragraph\">Su humildad, sumada a su disciplina, ha sido uno de los factores que m\u00e1s ha resaltado el jurado desde su primera aparici\u00f3n.<\/p>\n<p class=\"paragraph\">La artista tiene 21 a\u00f1os y lleg\u00f3 al casting de \u2018Yo Soy\u2019 en Arequipa. Su camino no ha sido sencillo, pero s\u00ed profundamente apasionado.<\/p>\n<blockquote class=\"color_figcaption\"><p>\u201cYo viv\u00eda en Ilo y trabajaba como mesera y cocinera. Cuando era peque\u00f1a, mis pap\u00e1s me compraban la ropa, discos y pases. Jam\u00e1s imagin\u00e9 todo lo que me ha pasado\u201d, cont\u00f3.<\/p><\/blockquote>\n<p class=\"paragraph\">Su conexi\u00f3n con <b>Michael Jackson<\/b> comenz\u00f3 desde que tuvo uso de raz\u00f3n.\u201cCreo que todo empez\u00f3 cuando ten\u00eda consciencia. Justo hab\u00eda muerto Michael y fue por mi pap\u00e1, que consum\u00eda toda su m\u00fasica. Soy muy buena bailando y canto desde peque\u00f1a. Michael tiene un estilo impecable, y yo tengo un buen ingl\u00e9s, lo cual me ayuda\u201d.<\/p>\n<p class=\"paragraph\">Actualmente, Gabriela se dedica a bailar en discotecas, escribe m\u00fasica y lleva cursos de canto con el prop\u00f3sito de ingresar pronto a una escuela profesional del rubro.<\/p>\n<p class=\"paragraph\">Adem\u00e1s, revel\u00f3 que sus primeros pasos en escenarios se dieron en el mundo drag:\u201cMe inici\u00e9 en el mundo drag, desde playback y lip sync\u201d.<\/p>\n<p><img alt=\"Gabriela se convirti\u00f3 en la\" class=\"global-image\" decoding=\"async\" fetchpriority=\"low\" height=\"1080\" loading=\"lazy\" src=\"https:\/\/www.europesays.com\/es\/wp-content\/uploads\/2025\/11\/XADOMNW7MNFXBEB5ZQ6JR2BWTA.jpg\" width=\"1920\"\/>Gabriela se convirti\u00f3 en la primera mujer en interpretar a Michael Jackson en el reality. Captura de TV &#8211; Latina.<\/p>\n","protected":false},"excerpt":{"rendered":"Michael Jackson de \u2018Yo Soy\u2019: Gabriela Villanueva impacta con \u201cThriller\u201d a los jurados y p\u00fablico. IG: Latina TV.&hellip;\n","protected":false},"author":2,"featured_media":264440,"comment_status":"","ping_status":"","sticky":false,"template":"","format":"standard","meta":{"footnotes":""},"categories":[170],"tags":[146,147,25,24,184,185,23],"class_list":{"0":"post-264439","1":"post","2":"type-post","3":"status-publish","4":"format-standard","5":"has-post-thumbnail","7":"category-musica","8":"tag-entertainment","9":"tag-entretenimiento","10":"tag-es","11":"tag-espana","12":"tag-music","13":"tag-musica","14":"tag-spain"},"share_on_mastodon":{"url":"https:\/\/pubeurope.com\/@es\/115641110380983885","error":""},"_links":{"self":[{"href":"https:\/\/www.europesays.com\/es\/wp-json\/wp\/v2\/posts\/264439","targetHints":{"allow":["GET"]}}],"collection":[{"href":"https:\/\/www.europesays.com\/es\/wp-json\/wp\/v2\/posts"}],"about":[{"href":"https:\/\/www.europesays.com\/es\/wp-json\/wp\/v2\/types\/post"}],"author":[{"embeddable":true,"href":"https:\/\/www.europesays.com\/es\/wp-json\/wp\/v2\/users\/2"}],"replies":[{"embeddable":true,"href":"https:\/\/www.europesays.com\/es\/wp-json\/wp\/v2\/comments?post=264439"}],"version-history":[{"count":0,"href":"https:\/\/www.europesays.com\/es\/wp-json\/wp\/v2\/posts\/264439\/revisions"}],"wp:featuredmedia":[{"embeddable":true,"href":"https:\/\/www.europesays.com\/es\/wp-json\/wp\/v2\/media\/264440"}],"wp:attachment":[{"href":"https:\/\/www.europesays.com\/es\/wp-json\/wp\/v2\/media?parent=264439"}],"wp:term":[{"taxonomy":"category","embeddable":true,"href":"https:\/\/www.europesays.com\/es\/wp-json\/wp\/v2\/categories?post=264439"},{"taxonomy":"post_tag","embeddable":true,"href":"https:\/\/www.europesays.com\/es\/wp-json\/wp\/v2\/tags?post=264439"}],"curies":[{"name":"wp","href":"https:\/\/api.w.org\/{rel}","templated":true}]}}