{"id":264460,"date":"2025-11-30T23:09:14","date_gmt":"2025-11-30T23:09:14","guid":{"rendered":"https:\/\/www.europesays.com\/es\/264460\/"},"modified":"2025-11-30T23:09:14","modified_gmt":"2025-11-30T23:09:14","slug":"los-que-vivimos-el-tour-1989-no-hemos-vuelto-a-ver-nada-igual","status":"publish","type":"post","link":"https:\/\/www.europesays.com\/es\/264460\/","title":{"rendered":"Los que vivimos el Tour 1989 no hemos vuelto a ver nada igual"},"content":{"rendered":"<p data-start=\"214\" data-end=\"753\">Hablar del Tour de 1989 es abrir una puerta a la edici\u00f3n que, quiz\u00e1 m\u00e1s que ninguna otra, rompi\u00f3 los moldes de lo posible.<\/p>\n<p data-start=\"214\" data-end=\"753\">No es nostalgia barata ni ese mantra de que \u201cantes todo era mejor\u201d.<\/p>\n<p><a class=\"wppaslink\" href=\"https:\/\/joanseguidor.com\/pas\/ccmm-valenciana\/44016\/0\" target=\"_blank\" rel=\"nofollow noopener\"><img decoding=\"async\" src=\"data:image\/svg+xml,%3Csvg%20xmlns=\" http:=\"\" alt=\"CCMM Valenciana\" border=\"0\" data-lazy-src=\"https:\/\/www.europesays.com\/es\/wp-content\/uploads\/2025\/11\/1764544152_622_tl-joanseguidorcom-1024x140-1.png\"\/><\/a><\/p>\n<p data-start=\"214\" data-end=\"753\">Es, sencillamente, <strong>reconocer que pocas carreras han concentrado tanta emoci\u00f3n, relato y magia como aquella<\/strong>.<\/p>\n<p data-start=\"214\" data-end=\"753\">El Tour siempre fue grande, s\u00ed, pero en el 89 alcanz\u00f3 un nivel casi cinematogr\u00e1fico, heredero directo de lo que ya hab\u00eda insinuado en 1986. Fue el momento en que la carrera dej\u00f3 de ser s\u00f3lo ciclismo para convertirse en un fen\u00f3meno cultural.<\/p>\n<p data-start=\"755\" data-end=\"819\">Si volvemos la vista a aquel julio, es f\u00e1cil comprender por qu\u00e9.<\/p>\n<p data-start=\"821\" data-end=\"1263\">En la salida <strong>conviv\u00edan ciclistas que hab\u00edan crecido bajo la sombra enorme de Hinault<\/strong>, pero que ya no necesitaban ning\u00fan padrino.<\/p>\n<p data-start=\"821\" data-end=\"1263\"><strong> Lemond y Fignon ven\u00edan de su escuder\u00eda, mientras Perico, que se cruz\u00f3 con ellos en no pocos escenarios<\/strong> \u2014como aquella escapada de Pau en el 86\u2014, ya era un campe\u00f3n hecho y derecho.<\/p>\n<p data-start=\"821\" data-end=\"1263\">S\u00f3lo Roche, lesionado, falt\u00f3 para redondear una generaci\u00f3n \u00fanica, todos ellos en su punto justo de madurez, de ambici\u00f3n y de car\u00e1cter.<\/p>\n<p data-start=\"1265\" data-end=\"1821\">Y, sin embargo, todo empez\u00f3 de la manera m\u00e1s improbable.<\/p>\n<p data-start=\"1265\" data-end=\"1821\">El episodio de Luxemburgo trascendi\u00f3 la an\u00e9cdota y se convirti\u00f3 en mito.<\/p>\n<p data-start=\"1265\" data-end=\"1821\">A Perico, capaz de lo sublime y de lo ins\u00f3lito, le ocurri\u00f3 lo \u00fanico que jam\u00e1s podr\u00eda ocurrirle a un l\u00edder del Tour: llegar tarde a la salida de la contrarreloj.<\/p>\n<p data-start=\"1265\" data-end=\"1821\">Aquel retraso, sumado al desastre del d\u00eda siguiente en la crono por equipos, convirti\u00f3 su defensa del t\u00edtulo en una persecuci\u00f3n desde el \u00faltimo lugar de la general.<\/p>\n<p data-start=\"1265\" data-end=\"1821\">Fue un golpe dur\u00edsimo\u2026 y, al mismo tiempo, el origen de un relato que a\u00fan hoy da la vuelta al mundo.<\/p>\n<p data-start=\"1823\" data-end=\"2270\">Mientras Perico remontaba como pod\u00eda, el duelo Fignon\u2013Lemond empez\u00f3 a tomar forma. Y ah\u00ed la carrera toc\u00f3 techo.<\/p>\n<p data-start=\"1823\" data-end=\"2270\">Ninguno de los dos parec\u00eda m\u00e1s fuerte que Delgado, pero la ventaja inicial fue abismal.<\/p>\n<p data-start=\"1823\" data-end=\"2270\">A partir de ah\u00ed, lo que se vio fue un pulso entre dos ciclistas gigantes: <strong>Lemond, cerebral y met\u00f3dico, siempre atento a cualquier innovaci\u00f3n; Fignon, puro car\u00e1cter<\/strong>, un corredor que mostraba siempre sus cartas porque no sab\u00eda correr de otra manera.<\/p>\n<p data-start=\"1823\" data-end=\"2270\"><a href=\"https:\/\/www.turismodecastellon.com\/es\/que-hacer\/rutaCicloturismo\" rel=\"nofollow noopener\" target=\"_blank\"><img loading=\"lazy\" decoding=\"async\" class=\"aligncenter wp-image-66569 size-medium\" src=\"data:image\/svg+xml,%3Csvg%20xmlns=\" http:=\"\" alt=\"\" width=\"300\" height=\"293\" data-lazy- data-lazy- data-lazy-src=\"https:\/\/www.europesays.com\/es\/wp-content\/uploads\/2025\/10\/bn-castellon-cycling-1024x1000-3-300x293.gif\"\/><\/a><\/p>\n<p data-start=\"2272\" data-end=\"2660\">Como si faltara contexto, Francia celebraba el bicentenario de su Revoluci\u00f3n.<\/p>\n<p data-start=\"2272\" data-end=\"2660\">El pa\u00eds viv\u00eda un a\u00f1o simb\u00f3lico, monumental, casi solemne\u2026 y esperaba que el Tour coronara a un h\u00e9roe nacional. Pero el guion cambi\u00f3.<\/p>\n<p data-start=\"2272\" data-end=\"2660\">Y lo que lleg\u00f3 en Par\u00eds fue el final m\u00e1s salvaje jam\u00e1s visto: <strong>Lemond remontando lo irremontable y Fignon derrumb\u00e1ndose en directo<\/strong>, mientras Perico comentaba incr\u00e9dulo desde TVE.<\/p>\n<p data-start=\"2662\" data-end=\"2802\" data-is-last-node=\"\" data-is-only-node=\"\">Ocho segundos.<\/p>\n<p data-start=\"2662\" data-end=\"2802\" data-is-last-node=\"\" data-is-only-node=\"\">Nada m\u00e1s.<\/p>\n<p data-start=\"2662\" data-end=\"2802\" data-is-last-node=\"\" data-is-only-node=\"\">Nada menos.<\/p>\n<p data-start=\"2662\" data-end=\"2802\" data-is-last-node=\"\" data-is-only-node=\"\">Una eternidad en el coraz\u00f3n del Tour.<\/p>\n<p data-start=\"2662\" data-end=\"2802\" data-is-last-node=\"\" data-is-only-node=\"\">Y un desenlace que cambi\u00f3 para siempre la historia de la carrera.<\/p>\n","protected":false},"excerpt":{"rendered":"Hablar del Tour de 1989 es abrir una puerta a la edici\u00f3n que, quiz\u00e1 m\u00e1s que ninguna otra,&hellip;\n","protected":false},"author":2,"featured_media":264461,"comment_status":"","ping_status":"","sticky":false,"template":"","format":"standard","meta":{"footnotes":""},"categories":[273],"tags":[313,312,168,25,24,2548,65650,65651,23,167,2550],"class_list":{"0":"post-264460","1":"post","2":"type-post","3":"status-publish","4":"format-standard","5":"has-post-thumbnail","7":"category-ciclismo","8":"tag-ciclismo","9":"tag-cycling","10":"tag-deportes","11":"tag-es","12":"tag-espana","13":"tag-featured","14":"tag-greg-lemond","15":"tag-laurent-fignon","16":"tag-spain","17":"tag-sports","18":"tag-tourfrancia"},"share_on_mastodon":{"url":"https:\/\/pubeurope.com\/@es\/115641172859468052","error":""},"_links":{"self":[{"href":"https:\/\/www.europesays.com\/es\/wp-json\/wp\/v2\/posts\/264460","targetHints":{"allow":["GET"]}}],"collection":[{"href":"https:\/\/www.europesays.com\/es\/wp-json\/wp\/v2\/posts"}],"about":[{"href":"https:\/\/www.europesays.com\/es\/wp-json\/wp\/v2\/types\/post"}],"author":[{"embeddable":true,"href":"https:\/\/www.europesays.com\/es\/wp-json\/wp\/v2\/users\/2"}],"replies":[{"embeddable":true,"href":"https:\/\/www.europesays.com\/es\/wp-json\/wp\/v2\/comments?post=264460"}],"version-history":[{"count":0,"href":"https:\/\/www.europesays.com\/es\/wp-json\/wp\/v2\/posts\/264460\/revisions"}],"wp:featuredmedia":[{"embeddable":true,"href":"https:\/\/www.europesays.com\/es\/wp-json\/wp\/v2\/media\/264461"}],"wp:attachment":[{"href":"https:\/\/www.europesays.com\/es\/wp-json\/wp\/v2\/media?parent=264460"}],"wp:term":[{"taxonomy":"category","embeddable":true,"href":"https:\/\/www.europesays.com\/es\/wp-json\/wp\/v2\/categories?post=264460"},{"taxonomy":"post_tag","embeddable":true,"href":"https:\/\/www.europesays.com\/es\/wp-json\/wp\/v2\/tags?post=264460"}],"curies":[{"name":"wp","href":"https:\/\/api.w.org\/{rel}","templated":true}]}}