{"id":264462,"date":"2025-11-30T23:11:16","date_gmt":"2025-11-30T23:11:16","guid":{"rendered":"https:\/\/www.europesays.com\/es\/264462\/"},"modified":"2025-11-30T23:11:16","modified_gmt":"2025-11-30T23:11:16","slug":"la-perla-de-16-anos-del-barca-de-basket-que-llama-a-la-puerta-de-xavi-pascual-tras-aplastar-al-real-madrid","status":"publish","type":"post","link":"https:\/\/www.europesays.com\/es\/264462\/","title":{"rendered":"La perla de 16 a\u00f1os del Bar\u00e7a de basket que llama a la puerta de Xavi Pascual tras aplastar al Real Madrid"},"content":{"rendered":"<p>                <a href=\"https:\/\/cronicaglobal.elespanol.com\/culemania\/secciones\/\" class=\"kicker--section\" rel=\"nofollow noopener\" target=\"_blank\">Secciones<\/a><\/p>\n<p>\n    El joven jugador azulgrana brill\u00f3 m\u00e1s que Mohamed Dabone en el cl\u00e1sico de la Liga U y suma n\u00fameros para ganar protagonismo en el primer equipo cul\u00e9\n<\/p>\n<p>    Noticias relacionadas<\/p>\n<p class=\"paragraph\" id=\"paragraph_1\">La Mas\u00eda es una fuente inagotable de talento y el <a href=\"https:\/\/cronicaglobal.elespanol.com\/culemania\/secciones\/20251128\/estrella-barca-despega-inversion-millonaria-xavi-pascual\/1003742711695_0.html?utm_cmp_rs=linksinline\" target=\"_blank\" rel=\"nofollow noopener\">Bar\u00e7a de basket<\/a> tambi\u00e9n se nutre de ello. Existe una larga lista de jugadores que tras formarse en la cantera azulgrana <strong>han triunfado en el baloncesto espa\u00f1ol, europeo e internacional<\/strong>. De eso no hay duda. Ahora, una nueva estrella se est\u00e1 gestando y <strong>no se trata de Mohamed Dabone<\/strong>. <a href=\"https:\/\/cronicaglobal.elespanol.com\/culemania\/secciones\/20250911\/joya-barca-basket-rumbo-unidos-jugador-nba\/1003742688066_0.html?utm_cmp_rs=linksinline\" target=\"_blank\" rel=\"nofollow noopener\">Una joya de 16 a\u00f1os<\/a> que <strong>aplast\u00f3 al Real Madrid de basket en la Liga U22 y llama a la puerta de Xavi Pascual<\/strong>.<\/p>\n<p class=\"paragraph\" id=\"paragraph_2\"><a href=\"https:\/\/cronicaglobal.elespanol.com\/culemania\/secciones\/20250902\/promesas-barca-basket-seducir-joan-penarroya-pretemporadaferoz\/1003742685603_0.html?utm_cmp_rs=linksinline\" target=\"_blank\" rel=\"nofollow noopener\">Son seis las perlas a las que Pe\u00f1arroya convoc\u00f3<\/a> para que formaran parte del conjunto absoluto del Bar\u00e7a de basket durante la pretemporada. Todos y cada uno de ellos tienen un futuro prometedor en el baloncesto profesional, aunque algunos destacan por encima del resto. Son los casos de <strong><a href=\"https:\/\/cronicaglobal.elespanol.com\/culemania\/secciones\/20250910\/lucha-perlas-barca-basket-penarroya-wembanyama-mutombo\/1003742687871_0.html?utm_cmp_rs=linksinline\" target=\"_blank\" rel=\"nofollow noopener\">Sayon Keita, Mohamed Dabone<\/a> y Joaquim Boumtje Boumtje.<\/strong><\/p>\n<p>Actuaci\u00f3n estelar en el cl\u00e1sico<\/p>\n<p class=\"paragraph\" id=\"paragraph_3\">Aunque normalmente son Dabone y Keita los que se llevan el protagonismo en los titulares, <strong>esta vez ha sido Boumtje quien ha brillado por encima de cualquier otro<\/strong>. El ala-p\u00edvot norteamericano de 16 a\u00f1os <strong>explot\u00f3 en el cl\u00e1sico de la Liga U22 contra el Real Madrid de basket (69-93). Sus 29 puntos con ocho triples<\/strong> lideraron a los azulgranas a una paliza hist\u00f3rica, que no goz\u00f3 del Dabone m\u00e1s inspirado, pero que tuvo a un nuevo h\u00e9roe: Boumtje.<\/p>\n<p><img decoding=\"async\" alt=\"Joaquim Boumtje en el cl\u00e1sico de la Liga U22\" data-imgm=\"true\" height=\"180\" loading=\"lazy\"  src=\"https:\/\/www.europesays.com\/es\/wp-content\/uploads\/2025\/11\/1003742712217_15465286_1024x576.jpg\"  width=\"320\"\/><\/p>\n<p>                                                            Joaquim Boumtje en el cl\u00e1sico de la Liga U22<\/p>\n<p>                    FCB<\/p>\n<p class=\"paragraph\" id=\"paragraph_4\">El &#8216;4&#8217; estadounidense finaliz\u00f3 el choque con un 29 de valoraci\u00f3n y, lo m\u00e1s importante, <strong>un porcentaje en triples absurdamente brillante: 8 de 11<\/strong>. Su versatilidad en el ataque le ha reportado comparaciones con jugadores de la talla <strong>Victor Wembanyama y Chet Holmgren<\/strong>, que son capaces de aportar positivamente en defensa en la pintura y tirar desde lejos en ataque. Verdaderos unicornios.<\/p>\n<p>Hijo de jugador de la NBA<\/p>\n<p class=\"paragraph\" id=\"paragraph_5\">El ala-p\u00edvot americano de<strong> 2,09 de estatura<\/strong> aterriz\u00f3 en <a href=\"https:\/\/cronicaglobal.elespanol.com\/culemania\/secciones\/20250910\/lucha-perlas-barca-basket-penarroya-wembanyama-mutombo\/1003742687871_0.html?utm_cmp_rs=linksinline\" target=\"_blank\" rel=\"nofollow noopener\">Can Bar\u00e7a<\/a> para el inicio del curso 2023-24 procedente del programa de formaci\u00f3n <strong>Team Speights Elite<\/strong>. Desde su llegada ha ido escalando pelda\u00f1os en la pir\u00e1mide de importancia de la Mas\u00eda hasta colocarse como una de las m\u00e1ximas promesas de la cantera cul\u00e9.<\/p>\n<p><img loading=\"lazy\" decoding=\"async\" alt=\"Joaquim Boumtje Boumtje, jugador de la cantera del Bar\u00e7a de basket\" height=\"1436\" src=\"https:\/\/www.europesays.com\/es\/wp-content\/uploads\/2025\/09\/1003742685629_15086813_1706x1436.jpg\" width=\"1706\" data-lazy-status=\"processed\" data-lazy-info=\"remove loading item 1\"\/><\/p>\n<p>                                                            Joaquim Boumtje Boumtje, jugador de la cantera del Bar\u00e7a de basket<\/p>\n<p>                    REDES<\/p>\n<p><img decoding=\"async\" alt=\"Joaquim Boumtje Boumtje antes de llegar al Bar\u00e7a de basket\" data-imgm=\"true\" height=\"180\" loading=\"lazy\"  src=\"https:\/\/www.europesays.com\/es\/wp-content\/uploads\/2025\/11\/1003742688069_15132333_1024x576.jpg\"  width=\"320\"\/><\/p>\n<p>                                                            Joaquim Boumtje Boumtje antes de llegar al Bar\u00e7a de basket<\/p>\n<p>                    REDES<\/p>\n<p class=\"paragraph\" id=\"paragraph_7\">Boumtje es hijo del exjugador camerun\u00e9s <strong>Ruben Boumtje Boumtje<\/strong>, que milit\u00f3 en las filas de los <strong>Portland Trail Blazers de la NBA<\/strong> durante tres campa\u00f1as: entre el a\u00f1o 2000 y el 2004. De esta manera, su familia es conocedora de lo que es llegar a la mejor liga del mundo y el joven &#8216;4&#8217; cul\u00e9 <strong>parece tener el futuro fijado en dicha competici\u00f3n<\/strong>. Podr\u00eda seguir los pasos de <strong>Dame Sarr, <a href=\"https:\/\/cronicaglobal.elespanol.com\/culemania\/secciones\/20250627\/canterano-barca-basket-nba-drafteado-ricky-rubio\/1003742669367_0.html?utm_cmp_rs=linksinline\" target=\"_blank\" rel=\"nofollow noopener\">Kasparas Jakucionis<\/a> y Sayon Keita<\/strong> &#8211;que lo m\u00e1s probable es que salga del FC Barcelona el pr\u00f3ximo verano&#8211;, para aterrizar en la NCAA y acercarse al sue\u00f1o de fichar por un equipo de la NBA.<\/p>\n","protected":false},"excerpt":{"rendered":"Secciones El joven jugador azulgrana brill\u00f3 m\u00e1s que Mohamed Dabone en el cl\u00e1sico de la Liga U y&hellip;\n","protected":false},"author":2,"featured_media":264463,"comment_status":"","ping_status":"","sticky":false,"template":"","format":"standard","meta":{"footnotes":""},"categories":[269],"tags":[299,298,168,25,24,4469,21446,4470,23,167],"class_list":{"0":"post-264462","1":"post","2":"type-post","3":"status-publish","4":"format-standard","5":"has-post-thumbnail","7":"category-baloncesto","8":"tag-baloncesto","9":"tag-basketball","10":"tag-deportes","11":"tag-es","12":"tag-espana","13":"tag-fcb-basket","14":"tag-la-masia","15":"tag-secciones","16":"tag-spain","17":"tag-sports"},"share_on_mastodon":{"url":"https:\/\/pubeurope.com\/@es\/115641181511136692","error":""},"_links":{"self":[{"href":"https:\/\/www.europesays.com\/es\/wp-json\/wp\/v2\/posts\/264462","targetHints":{"allow":["GET"]}}],"collection":[{"href":"https:\/\/www.europesays.com\/es\/wp-json\/wp\/v2\/posts"}],"about":[{"href":"https:\/\/www.europesays.com\/es\/wp-json\/wp\/v2\/types\/post"}],"author":[{"embeddable":true,"href":"https:\/\/www.europesays.com\/es\/wp-json\/wp\/v2\/users\/2"}],"replies":[{"embeddable":true,"href":"https:\/\/www.europesays.com\/es\/wp-json\/wp\/v2\/comments?post=264462"}],"version-history":[{"count":0,"href":"https:\/\/www.europesays.com\/es\/wp-json\/wp\/v2\/posts\/264462\/revisions"}],"wp:featuredmedia":[{"embeddable":true,"href":"https:\/\/www.europesays.com\/es\/wp-json\/wp\/v2\/media\/264463"}],"wp:attachment":[{"href":"https:\/\/www.europesays.com\/es\/wp-json\/wp\/v2\/media?parent=264462"}],"wp:term":[{"taxonomy":"category","embeddable":true,"href":"https:\/\/www.europesays.com\/es\/wp-json\/wp\/v2\/categories?post=264462"},{"taxonomy":"post_tag","embeddable":true,"href":"https:\/\/www.europesays.com\/es\/wp-json\/wp\/v2\/tags?post=264462"}],"curies":[{"name":"wp","href":"https:\/\/api.w.org\/{rel}","templated":true}]}}