{"id":264464,"date":"2025-11-30T23:12:14","date_gmt":"2025-11-30T23:12:14","guid":{"rendered":"https:\/\/www.europesays.com\/es\/264464\/"},"modified":"2025-11-30T23:12:14","modified_gmt":"2025-11-30T23:12:14","slug":"xabi-alonso-ha-faltado-punteria","status":"publish","type":"post","link":"https:\/\/www.europesays.com\/es\/264464\/","title":{"rendered":"Xabi Alonso: \u201cHa faltado punter\u00eda\u201d"},"content":{"rendered":"<p class=\"\"><b>Para Xabi Alonso, la palabra es \u201c<\/b><a href=\"https:\/\/as.com\/futbol\/primera\/xabi-alonso-ha-faltado-punteria-f202511-n\/\" target=\"_self\" rel=\"nofollow noopener\" title=\"https:\/\/as.com\/futbol\/primera\/xabi-alonso-ha-faltado-punteria-f202511-n\/\"><b>punter\u00eda<\/b><\/a><b>\u201d. <\/b>El cenital del an\u00e1lisis, tras el pinchazo de Montilivi. \u201cEn la segunda parte hubo mejor\u00eda; <b>hemos tenido tres-cuatro ocasiones bastante claras dentro del \u00e1rea&#8230; pero ha faltado punter\u00eda<\/b>\u201d, opina.<b> <\/b><a href=\"https:\/\/as.com\/futbol\/primera\/las-polemicas-de-la-jornada-14-en-laliga-ea-sports-todos-los-penaltis-expulsiones-y-jugadas-controvertidas-f202511-n\/\" target=\"_self\" rel=\"nofollow noopener\" title=\"https:\/\/as.com\/futbol\/primera\/las-polemicas-de-la-jornada-14-en-laliga-ea-sports-todos-los-penaltis-expulsiones-y-jugadas-controvertidas-f202511-n\/\"><b>Sobre el posible penalti a Rodrygo<\/b><\/a><b>,<\/b> deja una indirecta muy directa: \u201cNo lo he visto, <b>pero me han dicho que era revisable por el VAR, por el contacto; sorprende&#8230; son jugadas decisivas<\/b>\u201d. Breve en el an\u00e1lisis (\u201cnos ha faltado completar m\u00e1s minutos de buen f\u00fatbol\u201d) y sin reproches a la actitud: \u201c<b>Me ha gustado la reacci\u00f3n; no ha sido suficiente, pero hemos estado cerca<\/b>\u201d.<\/p>\n<p><img decoding=\"async\" src=\"https:\/\/www.europesays.com\/es\/wp-content\/uploads\/2025\/11\/JG6TTJLA7RF4RNJFWVEW3L6FXY.JPG\" alt=\"Xabi Alonso: \u201cHa faltado punter\u00eda\u201d\" height=\"2860\" width=\"3813\"   loading=\"lazy\"\/>Xabi Alonso, en Montilivi.JESUS ALVAREZ ORIHUELARueda de prensa<\/p>\n<p class=\"\"><b>\u2212\u00bfQu\u00e9 ha faltado esta noche?<\/b><\/p>\n<p class=\"\">\u2212En la segunda parte, sobre todo, hubo mejor\u00eda; empujamos y creamos m\u00e1s. Tuvimos suficientes ocasiones para ganar, pero ha faltado punter\u00eda. El no ganar&#8230; bueno, estamos ah\u00ed, est\u00e1 todo muy igualado, esto es muy largo y hay que seguir.<\/p>\n<p><a title=\"\u00a1LAS RUEDAS DE PRENSA DE XABI ALONSO, TAMBI\u00c9N EN PODCAST!\" href=\"https:\/\/as.com\/audio\/podcast\/real-madrid-hoy\/\" rel=\"nofollow noopener\" target=\"_blank\">\u00a1LAS RUEDAS DE PRENSA DE XABI ALONSO, TAMBI\u00c9N EN PODCAST!<\/a><a href=\"https:\/\/as.com\/audio\/podcast\/real-madrid-hoy\/\" rel=\"nofollow noopener\" target=\"_blank\"><img decoding=\"async\" src=\"https:\/\/www.europesays.com\/es\/wp-content\/uploads\/2025\/11\/https:\/\/cloudfront-eu-central-1.images.arcpublishing.com\/diarioas\/IKDR4AT5ANAUDBPLOFWK7WBOVM.JPG\" alt=\"Xabi Alonso: \u201cHa faltado punter\u00eda\u201d\" class=\"a_m-h\" height=\"9\" width=\"16\"   loading=\"lazy\"\/><\/a><\/p>\n<p>En el coche, cuando salgas a pasear o correr, en el gimnasio, saliendo del Bernab\u00e9u&#8230; \u00a1d\u00f3nde quieras y cuando quieras! AS ofrece a sus internautas las ruedas de prensa completas de Xabi Alonso en formato podcast. \u00a1Pincha aqu\u00ed debajo en tu plataforma habitual de audio, suscr\u00edbete a Real Madrid Hoy y no te pierdas ning\u00fan contenido! <\/p>\n<p><strong><a href=\"https:\/\/open.spotify.com\/show\/1pei3mi0YFY2WvBISf6XCc\" rel=\"noopener noreferrer nofollow\" target=\"_blank\">Spotify<\/a>, <a href=\"https:\/\/podcasts.apple.com\/us\/podcast\/real-madrid-hoy\/id1840607579\" rel=\"noopener noreferrer nofollow\" target=\"_blank\">Apple Podcast<\/a>, <a href=\"https:\/\/www.podiumpodcast.com\/podcasts\/real-madrid-hoy-diarioas-os\/\" rel=\"noopener noreferrer nofollow\" target=\"_blank\">Podium<\/a> e <a href=\"https:\/\/www.ivoox.com\/podcast-real-madrid-hoy_sq_f12768667_1.html\" rel=\"noopener noreferrer nofollow\" target=\"_blank\">Ivoox<\/a><\/strong><\/p>\n<p>As Audio<\/p>\n<p class=\"\"><b>\u2212\u00bfQu\u00e9 opina del posible penalti sobre Rodrygo?<\/b><\/p>\n<p class=\"\">\u2212No lo he visto, pero me han dicho que era revisable por el VAR, por el contacto que hab\u00eda. Te sorprende&#8230; pero bueno, habr\u00e1 que verla. Son jugadas decisivas, que pueden marcar el partido.<\/p>\n<p class=\"\"><b>\u2212\u00bfQu\u00e9 le falta al equipo, en general, para ser el que usted quiere?<\/b><\/p>\n<p class=\"\">\u2212En una temporada hay diferentes fases. Hab\u00eda fases, sobre todo al inicio, en las que \u00e9ramos constantes. Y en estos \u00faltimos est\u00e1 habiendo fases&#8230; hoy, la segunda parte ha sido mucho mejor que la primera. Y hemos podido remontar. El equipo ha tenido ganas de sobreponerse al 1-0. Pero nos ha faltado&#8230; hemos tenido tres-cuatro ocasiones bastante claras dentro del \u00e1rea para meter el segundo gol y vencer. Pero hay que seguir con la exigencia que requiere jugar en el Real Madrid. Y esto es muy largo.<\/p>\n<blockquote class=\"a_q\">\n<p>El equipo ha tenido ganas de sobreponerse al 1-0<\/p>\n<p>Xabi Alonso, en rueda de prensa<\/p><\/blockquote>\n<p class=\"\"><b>\u2212Van tres empates consecutivos en liga&#8230; \u00bfTiene alg\u00fan reproche a la actitud?<\/b><\/p>\n<p class=\"\">\u2212No, ninguno. Hoy me ha gustado la reacci\u00f3n; no ha sido suficiente, pero hemos estado cerca. Hay que seguir con la unidad que tenemos, con la autocr\u00edtica suficiente, necesaria. Con ganas de ganar fuera de casa, algo que nos ha tocado mucho en este calendario. El mi\u00e9rcoles tenemos una oportunidad en Bilbao. Y ya veremos.<\/p>\n<p class=\"\"><b>\u2212\u00bfAl equipo le falta generar m\u00e1s f\u00fatbol? \u00bfTener un Xabi Alonso?<\/b><\/p>\n<p class=\"\">\u2212Nos ha faltado completar m\u00e1s minutos de buen f\u00fatbol, de f\u00fatbol ofensivo, de ser dominantes. En la segunda parte lo hemos hecho mucho m\u00e1s y eso es lo que queremos. \u00bfPor qu\u00e9 no lo conseguimos? Eso es lo que tenemos que analizar, mirar&#8230; e intentar hacer desde el inicio. O darle continuidad en la segunda parte, si lo hacemos en la primera. Lo dije el otro d\u00eda en la rueda de prensa y hoy, se repite un poco.<\/p>\n<blockquote class=\"a_q\">\n<p>Han faltado m\u00e1s minutos de f\u00fatbol ofensivo, de ser dominantes<\/p>\n<p>Xabi Alonso, en rueda de prensa<\/p><\/blockquote>\n<p class=\"\"><b>\u2212\u00bfQu\u00e9 hay en juego en Bilbao? \u00bfM\u00e1s que tres puntos?<\/b><\/p>\n<p class=\"\">\u2212No, es una oportunidad para volver a ganar fuera de casa, pero los puntos son los que son. Seguimos ah\u00ed, esto va a ser muy largo y se va a apretar mucho la clasificaci\u00f3n. Habr\u00e1 muchas idas y venidas. Nos jugamos tres puntos&#8230; pero s\u00ed es un buen momento, el de Bilbo, para ganar. Lo necesitamos y lo queremos. Despu\u00e9s de hoy&#8230; pues a mirar c\u00f3mo podemos hacerlo mejor.<\/p>\n<p>Noticias relacionadas<a href=\"https:\/\/as.com\/futbol\/primera\/asencio-baja-para-girona-f202511-n\/\" class=\"s_m_w\" title=\"Contin\u00faa aquejado de gastroenteritis y se queda en Madrid. Xabi deber\u00e1 elegir entre repetir con Carreras como central o poner a R\u00fcdiger. Vuelve Mastantuono, recuperado de su pubalgia\" data-tb-link=\"\" rel=\"nofollow noopener\" target=\"_blank\"><img decoding=\"async\" src=\"https:\/\/www.europesays.com\/es\/wp-content\/uploads\/2025\/11\/1764544333_513_VLI3HRQ6YNCKLIEROVOQXCBOSU.JPG\" alt=\"Asencio, baja para Girona\" class=\"\" height=\"9\" width=\"16\"   loading=\"lazy\" data-tb-thumbnail=\"\"\/><\/a><a href=\"https:\/\/as.com\/futbol\/champions\/mbappe-debemos-protegernos-entre-nosotros-al-entrenador-y-al-staff-f202511-n\/\" class=\"s_m_w\" title=\"\u201cEn la vida, no todo es perfecto, pero estamos muy unidos\u201d, responde. Para terminar: \u201cEstamos con Xabi, se ve\u201d. No le sent\u00f3 bien que se hablase de \u2018Mbapp\u00e9dependencia\u2019\" data-tb-link=\"\" rel=\"nofollow noopener\" target=\"_blank\"><img decoding=\"async\" src=\"https:\/\/www.europesays.com\/es\/wp-content\/uploads\/2025\/11\/1764544334_641_BB7BVAL325EGXEUUMNDW5J4YK4.JPG\" alt=\"Mbapp\u00e9: \u201c\u00bfDependencia de m\u00ed? Lo que soy es responsable, si no marco&quot;\" class=\"\" height=\"9\" width=\"16\"   loading=\"lazy\" data-tb-thumbnail=\"\"\/><\/a><\/p>\n<p class=\"\"><b>\u00a1Tus opiniones importan!<\/b> Comenta en los art\u00edculos y suscr\u00edbete gratis a nuestra <a href=\"https:\/\/asfan.as.com\/newsletters\/\" target=\"_blank\" rel=\"nofollow noopener\" title=\"https:\/\/asfan.as.com\/newsletters\/\">newsletter<\/a> y a las alertas informativas en la <a href=\"https:\/\/as.com\/aplicacion-de-as-n\/\" target=\"_blank\" rel=\"nofollow noopener\" title=\"https:\/\/as.com\/aplicacion-de-as-n\/\">App<\/a> o el canal de <a href=\"https:\/\/www.whatsapp.com\/channel\/0029VaAasdA7j6g745nz9M10\" target=\"_blank\" rel=\"nofollow noopener\" title=\"https:\/\/www.whatsapp.com\/channel\/0029VaAasdA7j6g745nz9M10\">WhatsApp<\/a>. <\/p>\n<p class=\"\">\u00bfBuscas licenciar contenido? Haz clic <a href=\"https:\/\/profesional.elpais.com\/soluciones-sindicacion?utm_medium=interno&amp;utm_source=crosslinking&amp;utm_campaign=sindicacion_as_pie_articulos\" target=\"_blank\" rel=\"nofollow noopener\" title=\"https:\/\/profesional.elpais.com\/soluciones-sindicacion?utm_medium=interno&amp;utm_source=crosslinking&amp;utm_campaign=sindicacion_as_pie_articulos\">aqu\u00ed<\/a><\/p>\n","protected":false},"excerpt":{"rendered":"Para Xabi Alonso, la palabra es \u201cpunter\u00eda\u201d. El cenital del an\u00e1lisis, tras el pinchazo de Montilivi. \u201cEn la&hellip;\n","protected":false},"author":2,"featured_media":264465,"comment_status":"","ping_status":"","sticky":false,"template":"","format":"standard","meta":{"footnotes":""},"categories":[268],"tags":[168,25,24,280,282,281,23,167],"class_list":{"0":"post-264464","1":"post","2":"type-post","3":"status-publish","4":"format-standard","5":"has-post-thumbnail","7":"category-futbol","8":"tag-deportes","9":"tag-es","10":"tag-espana","11":"tag-football","12":"tag-futbol","13":"tag-soccer","14":"tag-spain","15":"tag-sports"},"share_on_mastodon":{"url":"https:\/\/pubeurope.com\/@es\/115641185104621938","error":""},"_links":{"self":[{"href":"https:\/\/www.europesays.com\/es\/wp-json\/wp\/v2\/posts\/264464","targetHints":{"allow":["GET"]}}],"collection":[{"href":"https:\/\/www.europesays.com\/es\/wp-json\/wp\/v2\/posts"}],"about":[{"href":"https:\/\/www.europesays.com\/es\/wp-json\/wp\/v2\/types\/post"}],"author":[{"embeddable":true,"href":"https:\/\/www.europesays.com\/es\/wp-json\/wp\/v2\/users\/2"}],"replies":[{"embeddable":true,"href":"https:\/\/www.europesays.com\/es\/wp-json\/wp\/v2\/comments?post=264464"}],"version-history":[{"count":0,"href":"https:\/\/www.europesays.com\/es\/wp-json\/wp\/v2\/posts\/264464\/revisions"}],"wp:featuredmedia":[{"embeddable":true,"href":"https:\/\/www.europesays.com\/es\/wp-json\/wp\/v2\/media\/264465"}],"wp:attachment":[{"href":"https:\/\/www.europesays.com\/es\/wp-json\/wp\/v2\/media?parent=264464"}],"wp:term":[{"taxonomy":"category","embeddable":true,"href":"https:\/\/www.europesays.com\/es\/wp-json\/wp\/v2\/categories?post=264464"},{"taxonomy":"post_tag","embeddable":true,"href":"https:\/\/www.europesays.com\/es\/wp-json\/wp\/v2\/tags?post=264464"}],"curies":[{"name":"wp","href":"https:\/\/api.w.org\/{rel}","templated":true}]}}