{"id":264470,"date":"2025-11-30T23:17:23","date_gmt":"2025-11-30T23:17:23","guid":{"rendered":"https:\/\/www.europesays.com\/es\/264470\/"},"modified":"2025-11-30T23:17:23","modified_gmt":"2025-11-30T23:17:23","slug":"se-canta-en-espanol-las-iconicas-canciones-que-dua-lipa-ha-interpretado-durante-su-iradical-optimism-tour-i","status":"publish","type":"post","link":"https:\/\/www.europesays.com\/es\/264470\/","title":{"rendered":"Se canta en espa\u00f1ol: las ic\u00f3nicas canciones que Dua Lipa ha interpretado durante su iRadical Optimism Tour\/i"},"content":{"rendered":"<p><img alt=\"Dua Lipa ha presentando m\u00e1s de 50 covers durante toda la gira. FOTO: GETTY\" loading=\"lazy\" width=\"375\" height=\"300\" decoding=\"async\" data-nimg=\"1\" class=\"rounded-lg\" style=\"color:transparent\" src=\"https:\/\/www.europesays.com\/es\/wp-content\/uploads\/2025\/11\/406e6d7ea424441a38bb5ae3c7ac51f4.jpeg\"\/><\/p>\n<p>Dua Lipa ha presentando m\u00e1s de 50 covers durante toda la gira. FOTO: GETTY<\/p>\n<p class=\"mb-4 text-lg md:leading-8 break-words\">Despu\u00e9s de tres a\u00f1os de su primera visita a Colombia, este viernes <strong><a href=\"https:\/\/www.elcolombiano.com\/cronologia\/noticias\/meta\/dua-lipa\" rel=\"nofollow noopener\" target=\"_blank\" data-ylk=\"slk:Dua Lipa;elm:context_link;itc:0;sec:content-canvas\" class=\"link \">Dua Lipa<\/a><\/strong> vuelve a subirse a un escenario bogotano. Esta vez lo har\u00e1 en el <strong>estadio El Camp\u00edn<\/strong> como parte de su <strong>Radical Optimism Tour<\/strong>, una gira con la que ha recorrido Australia, Europa y Estados Unidos, y en la que <strong>Bogot\u00e1 se convierte en su pen\u00faltima parada en Latinoam\u00e9rica<\/strong> antes de cerrar en Ciudad de M\u00e9xico.<\/p>\n<p class=\"mb-4 text-lg md:leading-8 break-words\"><strong>En contexto:<a href=\"https:\/\/www.elcolombiano.com\/cultura\/musica\/dua-lipa-concierto-bogota-radical-optimism-tour-fenomeno-EF31254347\" rel=\"nofollow noopener\" target=\"_blank\" data-ylk=\"slk:Dua Lipa en Colombia: estas son las claves para entender el fen\u00f3meno que ha causado su gira en Latinoam\u00e9rica;elm:context_link;itc:0;sec:content-canvas\" class=\"link \">Dua Lipa en Colombia: estas son las claves para entender el fen\u00f3meno que ha causado su gira en Latinoam\u00e9rica<\/a><\/strong><\/p>\n<p class=\"mb-4 text-lg md:leading-8 break-words\">La expectativa en el pa\u00eds es enorme, no solo por el regreso de la superestrella,<strong>sino por la tradici\u00f3n que ha mantenido a lo largo del tour: interpretar una canci\u00f3n emblem\u00e1tica del pa\u00eds que visita. <\/strong>Lo hizo con <strong>H\u00e9roe<\/strong><strong> y <\/strong><strong>Me gustas t\u00fa<\/strong><strong> en Espa\u00f1a<\/strong>; <strong>Tu falta de querer<\/strong><strong> y <\/strong><strong>El duelo<\/strong><strong> en Chile;<\/strong> <strong>De m\u00fasica ligera<\/strong><strong> y <\/strong><strong>Tu misterioso alguien<\/strong><strong> en Argentina<\/strong>; y la cumbia <strong>Cari\u00f1ito<\/strong><strong> en Per\u00fa,<\/strong> interpretaci\u00f3n que incluso gener\u00f3 conversaci\u00f3n en Colombia por el origen peruano del tema que populariz\u00f3 Rodolfo Aicardi.<\/p>\n<p class=\"mb-4 text-lg md:leading-8 break-words\">Con su llegada a Bogot\u00e1, <strong>miles de fans esperan descubrir cu\u00e1l ser\u00e1 el \u201chimno\u201d colombiano<\/strong> que la artista incluir\u00e1 esta noche en su show.<\/p>\n<p class=\"mb-4 text-lg md:leading-8 break-words\"><strong>A lo largo de su carrera, Dua Lipa ha demostrado un inter\u00e9s creciente y genuino por el espa\u00f1ol<\/strong>. Aunque sus primeras interacciones en el idioma fueron breves saludos en redes sociales, <strong>en 2025 la artista formaliz\u00f3 ese compromiso al presentar y aprobar el examen oficial GCSE, que certifica un nivel b\u00e1sico de dominio del idioma en el sistema educativo brit\u00e1nico.<\/strong><\/p>\n<p class=\"mb-4 text-lg md:leading-8 break-words\"><strong>Conozca: <a href=\"https:\/\/www.elcolombiano.com\/cultura\/musica\/dua-lipa-saludo-espanol-fans-colombia-concierto-bogota-2025-OL30809142\" rel=\"nofollow noopener\" target=\"_blank\" data-ylk=\"slk:Dua Lipa salud\u00f3 en espa\u00f1ol a sus fans de Colombia antes de su concierto en Bogot\u00e1, \u00bfqu\u00e9 dijo?;elm:context_link;itc:0;sec:content-canvas\" class=\"link \">Dua Lipa salud\u00f3 en espa\u00f1ol a sus fans de Colombia antes de su concierto en Bogot\u00e1, \u00bfqu\u00e9 dijo?<\/a><\/strong><\/p>\n<p class=\"mb-4 text-lg md:leading-8 break-words\">Con un orgulloso \u201c\u00a1Lo logr\u00e9!\u201d, acompa\u00f1\u00f3 la imagen de su certificado y agradeci\u00f3 a su profesora de espa\u00f1ol, un gesto que dej\u00f3 ver que su relaci\u00f3n con la lengua iba m\u00e1s all\u00e1 de lo ocasional. <strong>Desde entonces, la cantante contin\u00faa estudiando para alcanzar un nivel avanzado (A Level), compaginando sus clases con la exigente agenda de su <\/strong><strong>Radical Optimism Tour.<\/strong><\/p>\n<p class=\"mb-4 text-lg md:leading-8 break-words\">Ese esfuerzo acad\u00e9mico se ha traducido directamente en sus presentaciones. Durante su paso por Madrid, sorprendi\u00f3 interpretando H\u00e9roe de Enrique Iglesias y Me gustas t\u00fa de Manu Chao, dos actuaciones que fueron recibidas como una muestra de respeto hacia el p\u00fablico hispanohablante.<\/p>\n<p class=\"mb-4 text-lg md:leading-8 break-words\">\n<blockquote class=\"twitter-tweet\" data-width=\"550\" data-dnt=\"true\">\n<p lang=\"es\" dir=\"ltr\">Dua Lipa cantando \u201cMe Gustas Tu\u201d de Manu Chao <a href=\"https:\/\/t.co\/n0kQHOjKVd\" rel=\"nofollow\">pic.twitter.com\/n0kQHOjKVd<\/a><\/p>\n<p>&mdash; Indie 505 (@Indie5051) <a href=\"https:\/\/twitter.com\/Indie5051\/status\/1922075820450808318?ref_src=twsrc%5Etfw\" rel=\"nofollow noopener\" target=\"_blank\">May 12, 2025<\/a><\/p><\/blockquote>\n<p><script async src=\"https:\/\/platform.twitter.com\/widgets.js\" charset=\"utf-8\"><\/script><\/p>\n<p class=\"mb-4 text-lg md:leading-8 break-words\">M\u00e1s recientemente, su mensaje viral dirigido a sus \u201c<strong>amores de Latinoam\u00e9rica<\/strong>\u201d, en el que mencion\u00f3 a Buenos Aires, Santiago, Lima, Bogot\u00e1 y Ciudad de M\u00e9xico con notable fluidez, confirm\u00f3 el progreso de su aprendizaje. El saludo gener\u00f3 una ola de entusiasmo, especialmente en Per\u00fa, donde adem\u00e1s anunci\u00f3 el sorteo de entradas para sus conciertos.<\/p>\n<p class=\"mb-4 text-lg md:leading-8 break-words\"><strong>La cercan\u00eda de Dua Lipa con el espa\u00f1ol no solo est\u00e1 en su esfuerzo por hablarlo, sino tambi\u00e9n en c\u00f3mo lo integra a su propuesta art\u00edstica.<\/strong> Durante esta gira <strong>ha elegido interpretar canciones en espa\u00f1ol representativas de cada pa\u00eds que visita, una tradici\u00f3n que ha fortalecido su v\u00ednculo con el p\u00fablico latino<\/strong>. Este gesto, sumado a su constante inter\u00e9s por aprender el idioma, ha convertido cada concierto en un encuentro cultural y afectivo que trasciende lo musical.<\/p>\n<p class=\"mb-4 text-lg md:leading-8 break-words\">\n<blockquote class=\"twitter-tweet\" data-width=\"550\" data-dnt=\"true\">\n<p lang=\"es\" dir=\"ltr\">Dua Lipa cantando Tu misterioso alguien de Miranda. Es m\u00e1s argentina que cualquiera.   <a href=\"https:\/\/t.co\/2F9gJbp5K1\" rel=\"nofollow\">pic.twitter.com\/2F9gJbp5K1<\/a><\/p>\n<p>&mdash; Marian Herrera (@marianherrrera) <a href=\"https:\/\/twitter.com\/marianherrrera\/status\/1987339537937310186?ref_src=twsrc%5Etfw\" rel=\"nofollow noopener\" target=\"_blank\">November 9, 2025<\/a><\/p><\/blockquote>\n<p><script async src=\"https:\/\/platform.twitter.com\/widgets.js\" charset=\"utf-8\"><\/script><\/p>\n<p class=\"mb-4 text-lg md:leading-8 break-words\">Aunque parezca improvisado,<strong>el momento en el que Dua Lipa sorprende al p\u00fablico con una canci\u00f3n local est\u00e1 lejos de ser una ocurrencia del \u00faltimo minuto. <\/strong>La artista revel\u00f3 a Variety que <strong>la idea naci\u00f3 despu\u00e9s de interpretar un tema junto a Chris Stapleton para los American Country Music Awards<\/strong>. La experiencia fue tan divertida que le propuso a su banda un reto ambicioso: <strong>tocar una canci\u00f3n distinta en cada show, adaptada al pa\u00eds donde se presenta<\/strong>.<\/p>\n<p class=\"mb-4 text-lg md:leading-8 break-words\">\n<blockquote class=\"twitter-tweet\" data-width=\"550\" data-dnt=\"true\">\n<p lang=\"es\" dir=\"ltr\">dua lipa cantando tu falta de querer en chile gag <a href=\"https:\/\/t.co\/wvLfY2vdza\" rel=\"nofollow\">pic.twitter.com\/wvLfY2vdza<\/a><\/p>\n<p>&mdash; dei: them (@orfidalbritney) <a href=\"https:\/\/twitter.com\/orfidalbritney\/status\/1988685259144409373?ref_src=twsrc%5Etfw\" rel=\"nofollow noopener\" target=\"_blank\">November 12, 2025<\/a><\/p><\/blockquote>\n<p><script async src=\"https:\/\/platform.twitter.com\/widgets.js\" charset=\"utf-8\"><\/script><\/p>\n<p class=\"mb-4 text-lg md:leading-8 break-words\"><strong>Desde entonces, el proceso se convirti\u00f3 en un trabajo coordinado y meticuloso. <\/strong>Antes de iniciar cada etapa de la gira, <strong>Dua arma una<\/strong> <strong>peque\u00f1a lista de reproducci\u00f3n<\/strong> con posibles canciones nacionales, un punto de partida que luego discute con su equipo de m\u00fasicos.<\/p>\n<p class=\"mb-4 text-lg md:leading-8 break-words\"><strong>Lea tambi\u00e9n: <a href=\"https:\/\/es-us.noticias.yahoo.com\/ayuda-dua-lipa-escoger-canciones-015636973.html\" data-ylk=\"slk:\u00bfQui\u00e9n le ayuda a Dua Lipa a escoger las canciones para sus conciertos en espa\u00f1ol? Esto revel\u00f3 la artista;elm:context_link;itc:0;sec:content-canvas;outcm:mb_qualified_link;_E:mb_qualified_link;ct:story;\" class=\"link  yahoo-link\" rel=\"nofollow noopener\" target=\"_blank\">\u00bfQui\u00e9n le ayuda a Dua Lipa a escoger las canciones para sus conciertos en espa\u00f1ol? Esto revel\u00f3 la artista<\/a><\/strong><\/p>\n<p class=\"mb-4 text-lg md:leading-8 break-words\">Ella misma reconoce que es \u201cbastante ambicioso\u201d, pero tambi\u00e9n que es un desaf\u00edo que disfrutan. Seg\u00fan cont\u00f3, se trata de <strong>un esfuerzo completamente colectivo<\/strong>, en el que <strong>intervienen productores, m\u00fasicos y asistentes, quienes eval\u00faan qu\u00e9 canci\u00f3n funciona mejor en t\u00e9rminos vocales, de estilo y de conexi\u00f3n con el p\u00fablico local.<\/strong><\/p>\n<p class=\"mb-4 text-lg md:leading-8 break-words\">\n<blockquote class=\"twitter-tweet\" data-width=\"550\" data-dnt=\"true\">\n<p lang=\"es\" dir=\"ltr\">Dua lipa \u201cEl Duelo\u201d de La Ley (full) @ Estadio Nacional de Chile<a href=\"https:\/\/t.co\/TslbT8z6cM\" rel=\"nofollow\">pic.twitter.com\/TslbT8z6cM<\/a><\/p>\n<p>&mdash; DUA LIPA ARGENTINA | Fan Account (@dualipanoticia) <a href=\"https:\/\/twitter.com\/dualipanoticia\/status\/1988803718477959540?ref_src=twsrc%5Etfw\" rel=\"nofollow noopener\" target=\"_blank\">November 13, 2025<\/a><\/p><\/blockquote>\n<p><script async src=\"https:\/\/platform.twitter.com\/widgets.js\" charset=\"utf-8\"><\/script><\/p>\n<p class=\"mb-4 text-lg md:leading-8 break-words\"><strong>La selecci\u00f3n, adem\u00e1s, procura hacerse con la mayor anticipaci\u00f3n posible<\/strong>. Sin embargo, a veces la planificaci\u00f3n se altera: <strong>artistas locales se acercan a la banda o piden compartir escenario, <\/strong>lo cual obliga a ajustes de \u00faltimo momento. Aun as\u00ed, Dua asegura que su equipo es \u201cligero de pies\u201d, siempre preparado para cambios repentinos.<\/p>\n<p class=\"mb-4 text-lg md:leading-8 break-words\"><strong>Lea tambi\u00e9n:<a href=\"https:\/\/es-us.noticias.yahoo.com\/concierto-dua-lipa-bogot%C3%A1-rutas-124248493.html\" data-ylk=\"slk:Concierto de Dua Lipa en Bogot\u00e1: rutas de TransMilenio,;elm:context_link;itc:0;sec:content-canvas;outcm:mb_qualified_link;_E:mb_qualified_link;ct:story;\" class=\"link  yahoo-link\" rel=\"nofollow noopener\" target=\"_blank\">Concierto de Dua Lipa en Bogot\u00e1: rutas de TransMilenio, <\/a><\/strong><strong>setlist,<\/strong><strong><a href=\"https:\/\/es-us.noticias.yahoo.com\/concierto-dua-lipa-bogot%C3%A1-rutas-124248493.html\" data-ylk=\"slk:cierres viales y todo lo que debe saber;elm:context_link;itc:0;sec:content-canvas;outcm:mb_qualified_link;_E:mb_qualified_link;ct:story;\" class=\"link  yahoo-link\" rel=\"nofollow noopener\" target=\"_blank\"> cierres viales y todo lo que debe saber<\/a><\/strong><\/p>\n<p class=\"mb-4 text-lg md:leading-8 break-words\">Ese compromiso ha hecho posible que, solo hasta octubre \u2014cuando a\u00fan estaba en Estados Unidos\u2014,<strong>la artista ya suma m\u00e1s de 50 <\/strong><strong>covers<\/strong><strong> entre ingl\u00e9s, espa\u00f1ol y portugu\u00e9s<\/strong>.<\/p>\n<p class=\"mb-4 text-lg md:leading-8 break-words\">Durante su concierto del 25 de noviembre en <a href=\"https:\/\/www.elcolombiano.com\/cronologia\/noticias\/meta\/peru\" rel=\"nofollow noopener\" target=\"_blank\" data-ylk=\"slk:Lima;elm:context_link;itc:0;sec:content-canvas\" class=\"link \">Lima<\/a>, en el Estadio San Marcos, <strong>Dua Lipa sorprendi\u00f3 al p\u00fablico peruano interpretando <\/strong><strong>\u201cCari\u00f1ito\u201d<\/strong><strong>, un cl\u00e1sico profundamente arraigado en la identidad musical del pa\u00eds<\/strong>. Aunque para muchos latinoamericanos \u2014especialmente para el p\u00fablico colombiano\u2014 <strong>la canci\u00f3n est\u00e1 asociada a la voz de Rodolfo Aicardi<\/strong>, lo cierto es que<strong> su origen es completamente peruano: fue compuesta en 1979 por \u00c1ngel An\u00edbal Rosado e interpretada por primera vez por la agrupaci\u00f3n<\/strong> <strong>Hijos del Sol<\/strong>, convirti\u00e9ndose r\u00e1pidamente en un s\u00edmbolo musical de la regi\u00f3n.<\/p>\n<p class=\"mb-4 text-lg md:leading-8 break-words\">\n<blockquote class=\"twitter-tweet\" data-width=\"550\" data-dnt=\"true\">\n<p lang=\"es\" dir=\"ltr\">Viajero en el tiempo mueve una silla:<\/p>\n<p>Dua Lipa canta &quot;Cari\u00f1ito&quot; en Per\u00fa. <a href=\"https:\/\/t.co\/aIwHY3qQYD\" rel=\"nofollow\">pic.twitter.com\/aIwHY3qQYD<\/a><\/p>\n<p>&mdash; Discos Fuentes (@DiscosFuentes) <a href=\"https:\/\/twitter.com\/DiscosFuentes\/status\/1993684660639936883?ref_src=twsrc%5Etfw\" rel=\"nofollow noopener\" target=\"_blank\">November 26, 2025<\/a><\/p><\/blockquote>\n<p><script async src=\"https:\/\/platform.twitter.com\/widgets.js\" charset=\"utf-8\"><\/script><\/p>\n<p class=\"mb-4 text-lg md:leading-8 break-words\">La elecci\u00f3n de Dua Lipa gener\u00f3 entusiasmo en Per\u00fa, <strong>pero tambi\u00e9n despert\u00f3 un inesperado debate en <a href=\"https:\/\/www.elcolombiano.com\/redes-sociales\" rel=\"nofollow noopener\" target=\"_blank\" data-ylk=\"slk:redes sociales;elm:context_link;itc:0;sec:content-canvas\" class=\"link \">redes sociales<\/a> colombianas.<\/strong> Algunos usuarios cuestionaron por qu\u00e9 la artista hab\u00eda interpretado \u201cuna canci\u00f3n colombiana\u201d fuera del pa\u00eds.<\/p>\n<p class=\"mb-4 text-lg md:leading-8 break-words\">La controversia deriv\u00f3 en una revelaci\u00f3n necesaria: <strong>el tema nunca fue colombiano en su origen.<\/strong> Rodolfo Aicardi lo grab\u00f3 tiempo despu\u00e9s tras escucharlo en <a href=\"https:\/\/www.elcolombiano.com\/cronologia\/noticias\/meta\/ecuador\" rel=\"nofollow noopener\" target=\"_blank\" data-ylk=\"slk:Ecuador;elm:context_link;itc:0;sec:content-canvas\" class=\"link \">Ecuador<\/a>, llev\u00e1ndolo al cat\u00e1logo de Discos Fuentes y convirti\u00e9ndolo en un \u00e9xito absoluto en las temporadas decembrinas, especialmente en 1979 y 1981, <strong>cuando se consolid\u00f3 como uno de los himnos navide\u00f1os de Colombia.<\/strong><\/p>\n<p class=\"mb-4 text-lg md:leading-8 break-words\">\n<blockquote class=\"twitter-tweet\" data-width=\"550\" data-dnt=\"true\">\n<p lang=\"es\" dir=\"ltr\">los colombianos descubriendo que cari\u00f1ito no era de rodolfo aicardi sino que pertenece a per\u00fa y todo gracias a dua lipa <a href=\"https:\/\/t.co\/BbrPMLQSxR\" rel=\"nofollow\">pic.twitter.com\/BbrPMLQSxR<\/a><\/p>\n<p>&mdash; mel \u22c6 (@notmeeeeel) <a href=\"https:\/\/twitter.com\/notmeeeeel\/status\/1993537290367594651?ref_src=twsrc%5Etfw\" rel=\"nofollow noopener\" target=\"_blank\">November 26, 2025<\/a><\/p><\/blockquote>\n<p><script async src=\"https:\/\/platform.twitter.com\/widgets.js\" charset=\"utf-8\"><\/script><\/p>\n<p class=\"mb-4 text-lg md:leading-8 break-words\">El gesto de la artista en Per\u00fa, lejos de la pol\u00e9mica, termin\u00f3 avivando el inter\u00e9s por conocer cu\u00e1les ser\u00e1n las canciones que eligir\u00e1 en los siguientes pa\u00edses.<\/p>\n<p class=\"mb-4 text-lg md:leading-8 break-words\">La expectativa por saber cu\u00e1l ser\u00e1 la canci\u00f3n colombiana que Dua Lipa interpretar\u00e1 en Bogot\u00e1 tambi\u00e9n lleg\u00f3 a las redes de EL COLOMBIANO. <strong>El diario realiz\u00f3 una encuesta a trav\u00e9s de sus historias de Instagram para medir cu\u00e1l podr\u00eda ser el tema nacional elegido por la artista, siguiendo la tradici\u00f3n que ha mantenido durante toda su gira <a href=\"https:\/\/www.elcolombiano.com\/cronologia\/noticias\/meta\/latinoamerica\" rel=\"nofollow noopener\" target=\"_blank\" data-ylk=\"slk:latinoamericana;elm:context_link;itc:0;sec:content-canvas\" class=\"link \">latinoamericana<\/a>.<\/strong><\/p>\n<p class=\"mb-4 text-lg md:leading-8 break-words\">Entre las respuestas, la opci\u00f3n m\u00e1s mencionada fue <strong>alg\u00fan \u00e9xito de Shakira<\/strong>, especialmente <strong>Hips Don\u2019t Lie<\/strong><strong> o <\/strong><strong>La Tortura<\/strong>, consideradas por los internautas como himnos globales que resumen la identidad pop del pa\u00eds. Otra candidata fuerte fue <strong>La Camisa Negra de Juanes<\/strong>, uno de los temas colombianos m\u00e1s reconocidos internacionalmente y que, <strong>seg\u00fan los votantes, se ajusta al tipo de canciones que Dua suele adaptar en sus conciertos.<\/strong><\/p>\n<p class=\"mb-4 text-lg md:leading-8 break-words\"><strong>Ent\u00e9rese: <a href=\"https:\/\/www.elcolombiano.com\/tendencias\/dua-lipa-desmiente-rumores-despido-agente-palestina-JL29442913\" rel=\"nofollow noopener\" target=\"_blank\" data-ylk=\"slk:Dua Lipa desmiente a medios de comunicaci\u00f3n: no despidi\u00f3 a su agente por apoyar a Palestina;elm:context_link;itc:0;sec:content-canvas\" class=\"link \">Dua Lipa desmiente a medios de comunicaci\u00f3n: no despidi\u00f3 a su agente por apoyar a Palestina<\/a><\/strong><\/p>\n<p class=\"mb-4 text-lg md:leading-8 break-words\">Por su parte, un grupo significativo de seguidores apuesta por una elecci\u00f3n m\u00e1s sorprendente: una canci\u00f3n con ra\u00edz folcl\u00f3rica. <strong>Entre las sugerencias aparecieron La Cucharita de Jorge Velosa<\/strong> o alg\u00fan vallenato cl\u00e1sico, como<strong> La Gota Fr\u00eda de Emiliano Zuleta Baquero <\/strong>eincluso una candidata ideal tambi\u00e9n ser\u00eda<strong> Sin Medir Distancias de Diomedes D\u00edaz; propuestas que buscan mantener la l\u00ednea de \u201ccanci\u00f3n emblem\u00e1tica del pa\u00eds\u201d, <\/strong>como lo hizo en Per\u00fa con la cumbia Cari\u00f1ito.<\/p>\n<p class=\"mb-4 text-lg md:leading-8 break-words\">Aunque no existe ninguna pista oficial, los fans coinciden en que Dua Lipa podr\u00eda optar por un tema que conecte profundamente con el p\u00fablico colombiano y que represente su diversidad musical.<\/p>\n<p class=\"mb-4 text-lg md:leading-8 break-words\">Bloque de pregunta y respuestas<\/p>\n<p><script async src=\"https:\/\/platform.twitter.com\/widgets.js\" charset=\"utf-8\"><\/script><\/p>\n","protected":false},"excerpt":{"rendered":"Dua Lipa ha presentando m\u00e1s de 50 covers durante toda la gira. FOTO: GETTY Despu\u00e9s de tres a\u00f1os&hellip;\n","protected":false},"author":2,"featured_media":264471,"comment_status":"","ping_status":"","sticky":false,"template":"","format":"standard","meta":{"footnotes":""},"categories":[170],"tags":[5207,65652,27959,14008,28079,146,147,25,24,184,185,22771,65653,23],"class_list":{"0":"post-264470","1":"post","2":"type-post","3":"status-publish","4":"format-standard","5":"has-post-thumbnail","7":"category-musica","8":"tag-bogota","9":"tag-canciones-en-espanol","10":"tag-ciudad-de-mexico","11":"tag-dua-lipa","12":"tag-el-espanol","13":"tag-entertainment","14":"tag-entretenimiento","15":"tag-es","16":"tag-espana","17":"tag-music","18":"tag-musica","19":"tag-radical-optimism","20":"tag-rodolfo-aicardi","21":"tag-spain"},"share_on_mastodon":{"url":"https:\/\/pubeurope.com\/@es\/115641204519218226","error":""},"_links":{"self":[{"href":"https:\/\/www.europesays.com\/es\/wp-json\/wp\/v2\/posts\/264470","targetHints":{"allow":["GET"]}}],"collection":[{"href":"https:\/\/www.europesays.com\/es\/wp-json\/wp\/v2\/posts"}],"about":[{"href":"https:\/\/www.europesays.com\/es\/wp-json\/wp\/v2\/types\/post"}],"author":[{"embeddable":true,"href":"https:\/\/www.europesays.com\/es\/wp-json\/wp\/v2\/users\/2"}],"replies":[{"embeddable":true,"href":"https:\/\/www.europesays.com\/es\/wp-json\/wp\/v2\/comments?post=264470"}],"version-history":[{"count":0,"href":"https:\/\/www.europesays.com\/es\/wp-json\/wp\/v2\/posts\/264470\/revisions"}],"wp:featuredmedia":[{"embeddable":true,"href":"https:\/\/www.europesays.com\/es\/wp-json\/wp\/v2\/media\/264471"}],"wp:attachment":[{"href":"https:\/\/www.europesays.com\/es\/wp-json\/wp\/v2\/media?parent=264470"}],"wp:term":[{"taxonomy":"category","embeddable":true,"href":"https:\/\/www.europesays.com\/es\/wp-json\/wp\/v2\/categories?post=264470"},{"taxonomy":"post_tag","embeddable":true,"href":"https:\/\/www.europesays.com\/es\/wp-json\/wp\/v2\/tags?post=264470"}],"curies":[{"name":"wp","href":"https:\/\/api.w.org\/{rel}","templated":true}]}}