{"id":264488,"date":"2025-11-30T23:24:17","date_gmt":"2025-11-30T23:24:17","guid":{"rendered":"https:\/\/www.europesays.com\/es\/264488\/"},"modified":"2025-11-30T23:24:17","modified_gmt":"2025-11-30T23:24:17","slug":"america-latina-toma-partido-ante-la-amenaza-de-estados-unidos-a-venezuela","status":"publish","type":"post","link":"https:\/\/www.europesays.com\/es\/264488\/","title":{"rendered":"Am\u00e9rica Latina toma partido ante la amenaza de Estados Unidos a Venezuela"},"content":{"rendered":"<p class=\"\">La escalada militar de Estados Unidos contra Venezuela agita la diplomacia latinoamericana. En la reciente cumbre que la Comunidad de Estados Latinoamericanos y Caribe\u00f1os (CELAC) y la Uni\u00f3n Europea celebraron a principios de <a href=\"https:\/\/elpais.com\/america-colombia\/2025-11-10\/la-cumbre-celac-ue-cierra-con-criticas-veladas-a-estados-unidos-y-una-defensa-del-multilateralismo.html\" target=\"_self\" rel=\"nofollow noopener\" title=\"https:\/\/elpais.com\/america-colombia\/2025-11-10\/la-cumbre-celac-ue-cierra-con-criticas-veladas-a-estados-unidos-y-una-defensa-del-multilateralismo.html\">noviembre en Santa Marta, Colombia,<\/a> el documento final defin\u00eda como \u201czona de paz\u201d las aguas del Caribe. El texto evit\u00f3 adrede cualquier menci\u00f3n a Estados Unidos y a sus m\u00e1s de 20 ataques a presuntas \u201cnarcolanchas\u201d en esa zona lindante con Venezuela y Colombia. Tampoco se refiri\u00f3 a los m\u00e1s de 80 muertos que dejaron esas incursiones militares. Pero el asunto estuvo ah\u00ed, qued\u00f3 por escrito y cont\u00f3 con el aval de una mayor\u00eda de pa\u00edses. <\/p>\n<p class=\"\">Los presidentes de la regi\u00f3n que m\u00e1s presionaron por promover una \u201czona de seguridad mar\u00edtima\u201d en el Caribe fueron el anfitri\u00f3n, Gustavo Petro, y el brasile\u00f1o Luiz In\u00e1cio Lula da Silva. M\u00e9xico apoy\u00f3, aunque solo envi\u00f3 a su canciller, Juan Ram\u00f3n de la Fuente. Argentina, el otro \u201cgrande\u201d, fue coherente con su alineamiento sin matices con Washington y no firm\u00f3 el art\u00edculo para no enfadar a Donald Trump. Lo mismo hicieron Ecuador, Paraguay, El Salvador, Costa Rica y Trinidad y Tobago, este \u00faltimo crucial para el despliegue militar estadounidense contra Caracas. <\/p>\n<p class=\"\">A falta de una estrategia de consenso, los pa\u00edses responden, como es habitual, a sus intereses particulares. Son importantes los matices. La relaci\u00f3n con Estados Unidos, decidido ahora a recuperar la hegemon\u00eda perdida en lo que considera \u201csu patio trasero\u201d, no afecta a todos por igual. El pa\u00eds m\u00e1s afectado por los ecos de la escalada b\u00e9lica contra Venezuela es, sin duda, <a href=\"https:\/\/elpais.com\/america-colombia\/2025-10-26\/las-narcolanchas-con-cocaina-colombiana-usan-mas-la-ruta-del-pacifico-que-la-del-caribe-para-llegar-a-estados-unidos.html\" target=\"_self\" rel=\"nofollow noopener\" title=\"https:\/\/elpais.com\/america-colombia\/2025-10-26\/las-narcolanchas-con-cocaina-colombiana-usan-mas-la-ruta-del-pacifico-que-la-del-caribe-para-llegar-a-estados-unidos.html\">Colombia<\/a>. Ambos pa\u00edses comparten m\u00e1s de mil kil\u00f3metros de frontera y cuatro millones de venezolanos han cruzado la l\u00ednea buscando refugio. Una cantidad no cuantificable de colombianos, a su vez, han encontrado durante a\u00f1os en Venezuela un refugio a la violencia armada en su pa\u00eds. Las relaciones econ\u00f3micas y de seguridad llevan a\u00f1os dependiendo de una relaci\u00f3n bilateral inevitable por la historia y la geograf\u00eda. <\/p>\n<p><img decoding=\"auto\" class=\"_re lazyload a_m-h\" height=\"276\"  width=\"414\"  src=\"https:\/\/www.europesays.com\/es\/wp-content\/uploads\/2025\/11\/3E6YK2AWFFEKXOJ6D5PIVNXOAM.jpg\" loading=\"lazy\"\/>Portaaviones USS Gerald Ford, en una imagen de archivo. Alyssa Joy (EFE)<\/p>\n<p class=\"\">Con ese contexto, el Gobierno de Gustavo Petro enfrenta dilemas no solo de relaciones internacionales, sino de pol\u00edtica interna, especialmente sensibles a seis meses de las elecciones presidenciales. Y m\u00e1s a\u00fan cuando la derecha ha usado pol\u00edticamente la mala situaci\u00f3n econ\u00f3mica de Venezuela para agitar el fantasma del \u201ccastrochavismo\u201d. Eso explica que Petro haya dicho d\u00edas atr\u00e1s que apoya una transici\u00f3n pol\u00edtica en Caracas, pero no una intervenci\u00f3n militar estadounidense; o que afirme que se requieren unas elecciones transparentes, pero sin pedirle a Maduro dar un paso al costado. \u201cYo no apoyo a Maduro; quiero una soluci\u00f3n pol\u00edtica y pac\u00edfica en Venezuela, no apoyo una invasi\u00f3n\u201d, insiste Petro, temeroso de las consecuencias de una guerra al otro lado de la frontera.<\/p>\n<p class=\"\">Brasil tampoco quiere saber nada con que haya acciones militares en su zona natural de influencia. El presidente Lula ofreci\u00f3 hace unos d\u00edas sus buenos oficios para mediar ante Trump con el fin de rebajar la presi\u00f3n contra el r\u00e9gimen chavista y evitar un eventual ataque de Estados Unidos. El republicano <a href=\"https:\/\/elpais.com\/internacional\/2025-11-20\/trump-aprueba-una-reduccion-de-los-aranceles-a-brasil-para-rebajar-el-precio-de-la-carne-y-otros-productos-frescos.html\" target=\"_self\" rel=\"nofollow noopener\" title=\"https:\/\/elpais.com\/internacional\/2025-11-20\/trump-aprueba-una-reduccion-de-los-aranceles-a-brasil-para-rebajar-el-precio-de-la-carne-y-otros-productos-frescos.html\">ignor\u00f3 la oferta<\/a>. El despliegue militar en el Caribe tiene al brasile\u00f1o \u201cmuy preocupado\u201d, seg\u00fan admiti\u00f3 el fin de semana pasado, tras el G-20. \u201cUna guerra ahora no tiene ning\u00fan sentido. No repitamos el error de la guerra Rusia-Ucrania. Basta un tiro para empezar una guerra, pero nadie sabe c\u00f3mo acaba\u201d, avis\u00f3.<\/p>\n<p class=\"\">Brasil comparte frontera con Venezuela \u20142.200 kil\u00f3metros en la selva amaz\u00f3nica\u2014 pero, adem\u00e1s, una ofensiva militar lo abocar\u00eda a \u201cun escenario de pesadilla\u201d, seg\u00fan Pedro Brites, de la Fundaci\u00f3n Get\u00falio Vargas. En el plano diplom\u00e1tico, el Gobierno de Lula, que rompi\u00f3 con el chavismo por el fraude electoral en 2024, se encontrar\u00eda en una posici\u00f3n realmente inc\u00f3moda. \u201cPorque Brasil no est\u00e1 en condiciones de colocarse p\u00fablicamente con uno de los bandos\u201d. Para Lula, \u201cno ser\u00eda interesante apoyar a Maduro, porque no reconoci\u00f3 el resultado de las elecciones\u201d presidenciales, explic\u00f3 Brites este jueves en un seminario organizado por la FGV, pero el brasile\u00f1o tampoco defender\u00eda un ataque militar sin el aval del Consejo de Seguridad de la ONU. De manera que \u201cva a tener que asumir una postura de neutralidad, pedir paz\u201d.<\/p>\n<p class=\"\">La intervenci\u00f3n de una potencia extranjera tambi\u00e9n debilita el papel de Brasil como l\u00edder regional. La coyuntura es a\u00fan m\u00e1s endiablada para Brasilia porque est\u00e1 en medio de unas delicadas negociaciones con Trump para que retire el tarifazo arancelario, que por ahora solo ha aliviado. Lula necesitar\u00e1 sus mejores dotes de equilibrista para gestionar un conflicto con potencial de derivar en una crisis de refugiados y de generar inestabilidad en toda la regi\u00f3n fronteriza, por donde las drogas se mueven con soltura. Tambi\u00e9n podr\u00eda contaminar la campa\u00f1a para las elecciones de 2026 y que la idea de Trump de que el narcotr\u00e1fico es terrorismo al que combatir con medios militares cale en el discurso de la derecha con la que se medir\u00e1 Lula. <\/p>\n<p class=\"\">M\u00e1s al norte, M\u00e9xico tambi\u00e9n juega al equilibrista con Trump. La presidenta, Claudia Sheinbaum, anunci\u00f3 semanas atr\u00e1s que hab\u00eda llegado a un acuerdo con Estados Unidos respecto a las presuntas narcolanchas. La Marina mexicana ser\u00e1 la encargada de interceptar estas embarcaciones en aguas internacionales cercanas a las costas de M\u00e9xico para evitar m\u00e1s bombardeos. Uno de los \u00faltimos ocurri\u00f3 a 400 millas n\u00e1uticas de Acapulco, en el que M\u00e9xico intento sin \u00e9xito rescatar al \u00fanico superviviente. <\/p>\n<p class=\"\">El acuerdo es un cortafuegos para evitar que los ataques se contagien a M\u00e9xico, algo que ha deslizado Trump en m\u00e1s de una ocasi\u00f3n como parte de su estrategia de tensi\u00f3n permanente. A la vez, la actitud negociadora de Sheinbaum en este caso concreto prolonga una estrategia de calculados equilibrios en su pol\u00edtica internacional y, en concreto, con Venezuela y el chavismo. Ante el reciente premio Nobel de la paz para Mar\u00eda Corina Machado, ac\u00e9rrima opositora a Maduro, la mandataria mexicana opt\u00f3 por la prudencia. \u201cNosotros siempre hemos hablado de la soberan\u00eda y la autodeterminaci\u00f3n de los pueblos\u201d, se limit\u00f3 a responder en una de sus conferencias ma\u00f1aneras. <\/p>\n<p class=\"\">Meses antes, hab\u00eda declarado que \u201cM\u00e9xico rechaza la criminalizaci\u00f3n de la oposici\u00f3n venezolana\u201d, al mismo tiempo que \u201cinsta a defender la soberan\u00eda de ese pa\u00eds\u201d. No hay que olvidar que M\u00e9xico fue en 2021 el pa\u00eds anfitri\u00f3n en las negociaciones entre el chavismo y la oposici\u00f3n. En todo caso, esa pretendida neutralidad sufri\u00f3 un viraje reciente cuando Sheinbaum, ante la insistencia del presidente Petro envi\u00f3 casi por sorpresa una representaci\u00f3n diplom\u00e1tica a la toma de posesi\u00f3n de Maduro.<\/p>\n<p><img decoding=\"auto\" class=\"_re lazyload a_m-h\" height=\"277\"  width=\"414\"  src=\"https:\/\/www.europesays.com\/es\/wp-content\/uploads\/2025\/11\/2WQGBI3E3FIZJOCNQQOI6C4MOI.jpg\" loading=\"lazy\"\/>Nicol\u00e1s Maduro, Vladimir Padrino L\u00f3pez y Domingo Hern\u00e1ndez durante la concentraci\u00f3n organizada por el Gobierno en Caracas, el 25 de noviembre de 2025. Cristian Hernandez (AP)<\/p>\n<p class=\"\">Menos pruritos diplom\u00e1ticos tiene <a href=\"https:\/\/elpais.com\/argentina\/2024-08-05\/javier-milei-encuentra-a-su-enemigo-ideal-en-nicolas-maduro.html\" target=\"_self\" rel=\"nofollow noopener\" title=\"https:\/\/elpais.com\/argentina\/2024-08-05\/javier-milei-encuentra-a-su-enemigo-ideal-en-nicolas-maduro.html\">Argentina, pa\u00eds que ha roto relaciones con Venezuela hace un a\u00f1o<\/a> y medio. Su embajada en Caracas est\u00e1 cerrada desde la salida de los opositores que se hab\u00edan refugiado en el edificio para escapar del chavismo. El di\u00e1logo bilateral no se ha reiniciado desde entonces. Ni siquiera para tratar los temas m\u00e1s urgentes, como la detenci\u00f3n en una prisi\u00f3n militar chavista de Nahuel Gallo, un militar argentino que el 8 de diciembre pasado intent\u00f3 cruzar la frontera para ver a su hijo y su novia y el r\u00e9gimen acusa de espionaje.<\/p>\n<p class=\"\">El presidente argentino, Javier Milei, fue uno de los primeros en denunciar un fraude electoral en la reelecci\u00f3n en 2024 de Maduro, al que considera un \u201cdictador\u201d, \u201cla peor cloaca del planeta Tierra\u201d o \u201cun energ\u00fameno\u201d. El venezolano le responde llam\u00e1ndolo \u201cnazi\u201d. El mar de fondo es la decisi\u00f3n de Milei de entregar su pol\u00edtica exterior a los deseos de Donald Trump. La elecci\u00f3n de un nuevo canciller ha sido una muestra de ello: Pablo Quirno era hasta su nombramiento el 26 de octubre pasado el negociador del rescate financiero de 22.000 millones de d\u00f3lares que Trump entreg\u00f3 a Milei para apuntalar su campa\u00f1a electoral en las legislativas. <\/p>\n<p class=\"\">Quirno es un avezado operador financiero que fue director para Am\u00e9rica Latina del banco JP Morgan, pero de relaciones internacionales conoce poco y nada. Tal vez sea por ello que la canciller\u00eda argentina no ha dicho una palabra sobre la escalada militar en el Caribe. El \u00fanico gesto diplom\u00e1tico verificable fue no firmar el art\u00edculo que incomodaba a Trump en el documento de Santa Marta. Milei tambi\u00e9n se ha mantenido al margen del asunto, pese a que no pierde oportunidad de insultar a Maduro con el mismo \u00e9nfasis con que alaba a Trump.<\/p>\n","protected":false},"excerpt":{"rendered":"La escalada militar de Estados Unidos contra Venezuela agita la diplomacia latinoamericana. En la reciente cumbre que la&hellip;\n","protected":false},"author":2,"featured_media":264489,"comment_status":"","ping_status":"","sticky":false,"template":"","format":"standard","meta":{"footnotes":""},"categories":[42],"tags":[889,283,3216,17,18,30234,1803,352,629,13,14,11,61,62,63,64,19,20,1804,1906,9,10,15,16,12,21,22,1192,65,66,67],"class_list":{"0":"post-264488","1":"post","2":"type-post","3":"status-publish","4":"format-standard","5":"has-post-thumbnail","7":"category-internacional","8":"tag-america","9":"tag-argentina","10":"tag-brasil","11":"tag-breaking-news","12":"tag-breakingnews","13":"tag-caribe","14":"tag-colombia","15":"tag-donald-trump","16":"tag-estados-unidos","17":"tag-featured-news","18":"tag-featurednews","19":"tag-headlines","20":"tag-internacional","21":"tag-international","22":"tag-international-news","23":"tag-internationalnews","24":"tag-latest-news","25":"tag-latestnews","26":"tag-latinoamerica","27":"tag-mexico","28":"tag-news","29":"tag-noticias","30":"tag-noticias-destacadas","31":"tag-noticiasdestacadas","32":"tag-titulares","33":"tag-ultimas-noticias","34":"tag-ultimasnoticias","35":"tag-venezuela","36":"tag-world","37":"tag-world-news","38":"tag-worldnews"},"share_on_mastodon":{"url":"https:\/\/pubeurope.com\/@es\/115641232371633530","error":""},"_links":{"self":[{"href":"https:\/\/www.europesays.com\/es\/wp-json\/wp\/v2\/posts\/264488","targetHints":{"allow":["GET"]}}],"collection":[{"href":"https:\/\/www.europesays.com\/es\/wp-json\/wp\/v2\/posts"}],"about":[{"href":"https:\/\/www.europesays.com\/es\/wp-json\/wp\/v2\/types\/post"}],"author":[{"embeddable":true,"href":"https:\/\/www.europesays.com\/es\/wp-json\/wp\/v2\/users\/2"}],"replies":[{"embeddable":true,"href":"https:\/\/www.europesays.com\/es\/wp-json\/wp\/v2\/comments?post=264488"}],"version-history":[{"count":0,"href":"https:\/\/www.europesays.com\/es\/wp-json\/wp\/v2\/posts\/264488\/revisions"}],"wp:featuredmedia":[{"embeddable":true,"href":"https:\/\/www.europesays.com\/es\/wp-json\/wp\/v2\/media\/264489"}],"wp:attachment":[{"href":"https:\/\/www.europesays.com\/es\/wp-json\/wp\/v2\/media?parent=264488"}],"wp:term":[{"taxonomy":"category","embeddable":true,"href":"https:\/\/www.europesays.com\/es\/wp-json\/wp\/v2\/categories?post=264488"},{"taxonomy":"post_tag","embeddable":true,"href":"https:\/\/www.europesays.com\/es\/wp-json\/wp\/v2\/tags?post=264488"}],"curies":[{"name":"wp","href":"https:\/\/api.w.org\/{rel}","templated":true}]}}