{"id":264490,"date":"2025-11-30T23:25:11","date_gmt":"2025-11-30T23:25:11","guid":{"rendered":"https:\/\/www.europesays.com\/es\/264490\/"},"modified":"2025-11-30T23:25:11","modified_gmt":"2025-11-30T23:25:11","slug":"amigos-de-las-dos-chicas-halladas-muertas-en-jaen-aseguran-que-habian-sufrido-acoso-escolar","status":"publish","type":"post","link":"https:\/\/www.europesays.com\/es\/264490\/","title":{"rendered":"Amigos de las dos chicas halladas muertas en Ja\u00e9n aseguran que hab\u00edan sufrido acoso escolar"},"content":{"rendered":"<p class=\"articleParagraph\">Varios amigos y compa\u00f1eros de clase de las <b>dos j\u00f3venes de 15 y 16 a\u00f1os que aparecieron muertas<\/b> en el Parque de la Concordia de Ja\u00e9n han asegurado que ambas <b>habr\u00edan sufrido bullying recientemente<\/b>, seg\u00fan los testimonios que ha recogido la Agencia EFE. Todos se han trasladado este domingo al tanatorio donde se vela los cuerpos para mostrar su dolor e incomprensi\u00f3n ante un suceso que ha conmocionado a la sociedad jiennense.<\/p>\n<p class=\"articleParagraph\">La Polic\u00eda Nacional inform\u00f3 de que la muerte se hab\u00eda producido por suicidio, pero no dio m\u00e1s detalles al respecto <b>ni confirm\u00f3 si se trataban o no de v\u00edctimas de acoso escolar<\/b> porque el caso est\u00e1 bajo secreto de sumario judicial y la investigaci\u00f3n contin\u00faa abierta.<\/p>\n<p>Ambas habr\u00edan sufrido acoso escolar<\/p>\n<p class=\"articleParagraph\">Un amigo de las fallecidas ha asegurado al diario &#8216;El Pa\u00eds&#8217; que <b>una de las chicas \u00absufri\u00f3 bullying en su anterior instituto<\/b>, &#8216;El Valle&#8217;, y es algo de lo que <b>no se hab\u00eda recuperado<\/b>. Estaba <b>muy afectada<\/b> por ello\u00bb. Este joven, que tambi\u00e9n particip\u00f3 en las tareas de b\u00fasqueda de las dos adolescentes junto a familiares directos de las dos v\u00edctimas, ha hecho tambi\u00e9n extensible la situaci\u00f3n de acoso escolar hacia la otra adolescente que tambi\u00e9n se quit\u00f3 la vida.<\/p>\n<p class=\"articleParagraph\">Las dos fallecidas, nacidas en Ja\u00e9n, son de nacionalidad espa\u00f1ola y sus padres son de origen colombiano. <b>El entierro de la chica de 16 a\u00f1os tendr\u00e1 lugar este <\/b><b>lunes<\/b>, mientras que a\u00fan se desconoce la fecha del sepelio de la m\u00e1s joven.<\/p>\n<p class=\"articleParagraph\">Desde la Polic\u00eda Nacional no se ha hecho valoraci\u00f3n alguna de la investigaci\u00f3n amparados en el secreto judicial del caso. Desde la Brigada Judicial de la Polic\u00eda Nacional se indic\u00f3 ayer que <b>en una primera inspecci\u00f3n ocular no se aprecian signos de violencia externa<\/b> y, aunque la investigaci\u00f3n sigue abierta, parece ser que se descartar\u00eda la participaci\u00f3n directa de terceras personas.<\/p>\n<p class=\"articleParagraph\">Mientras tanto, desde el Instituto San Juan Bosco de Ja\u00e9n, donde estudiaban actualmente las dos fallecidas, se ha mostrado el <b>dolor y tristeza<\/b> \u00abpor la terrible p\u00e9rdida de las dos alumnas de nuestro centro\u00bb.<\/p>\n<p class=\"articleParagraph\">El Ayuntamiento de Ja\u00e9n ha decretado <b>tres d\u00edas de luto oficial <\/b>(hasta el pr\u00f3ximo martes ) y un <b>minuto de silencio<\/b>, que tendr\u00e1 lugar ma\u00f1ana lunes a las 12 del medio d\u00eda, una acci\u00f3n que tambi\u00e9n se repetir\u00e1 a las puertas del instituto donde cursaban estudios las dos chicas.<\/p>\n<p>Conmoci\u00f3n en la sociedad jiennense<\/p>\n<p class=\"articleParagraph\">Estas dos muertes han conmocionado a la sociedad jiennense, sobre todo despu\u00e9s de que el pasado d\u00eda 10 se produjo el<b> fallecimiento de otro adolescente de 16 a\u00f1os<\/b> que se quit\u00f3 la vida con un disparo en su vivienda de la zona norte de la capital.<\/p>\n<p class=\"articleParagraph\">En octubre pasado <b>se suicid\u00f3 en Sevilla la joven Sandra Pe\u00f1a, de 14 a\u00f1os<\/b>, que estudiaba en el colegio concertado Irlandesas de Loreto, un caso por el que la Fiscal\u00eda de Menores investiga por presunto acoso escolar a tres menores que eran compa\u00f1eras de la v\u00edctima y al citado colegio.<\/p>\n<p class=\"articleParagraph\">Las personas con ideas suicidas y sus allegados pueden recibir <b>ayuda especializada<\/b> a cualquier hora en el<b> tel\u00e9fono 024<\/b> y, ante situaciones de emergencia, tambi\u00e9n pueden llamar al 112.<\/p>\n","protected":false},"excerpt":{"rendered":"Varios amigos y compa\u00f1eros de clase de las dos j\u00f3venes de 15 y 16 a\u00f1os que aparecieron muertas&hellip;\n","protected":false},"author":2,"featured_media":264491,"comment_status":"","ping_status":"","sticky":false,"template":"","format":"standard","meta":{"footnotes":""},"categories":[8],"tags":[17,18,25,24,13,14,11,19,20,9,10,15,16,23,12,21,22],"class_list":{"0":"post-264490","1":"post","2":"type-post","3":"status-publish","4":"format-standard","5":"has-post-thumbnail","7":"category-espana","8":"tag-breaking-news","9":"tag-breakingnews","10":"tag-es","11":"tag-espana","12":"tag-featured-news","13":"tag-featurednews","14":"tag-headlines","15":"tag-latest-news","16":"tag-latestnews","17":"tag-news","18":"tag-noticias","19":"tag-noticias-destacadas","20":"tag-noticiasdestacadas","21":"tag-spain","22":"tag-titulares","23":"tag-ultimas-noticias","24":"tag-ultimasnoticias"},"share_on_mastodon":{"url":"https:\/\/pubeurope.com\/@es\/115641235756937800","error":""},"_links":{"self":[{"href":"https:\/\/www.europesays.com\/es\/wp-json\/wp\/v2\/posts\/264490","targetHints":{"allow":["GET"]}}],"collection":[{"href":"https:\/\/www.europesays.com\/es\/wp-json\/wp\/v2\/posts"}],"about":[{"href":"https:\/\/www.europesays.com\/es\/wp-json\/wp\/v2\/types\/post"}],"author":[{"embeddable":true,"href":"https:\/\/www.europesays.com\/es\/wp-json\/wp\/v2\/users\/2"}],"replies":[{"embeddable":true,"href":"https:\/\/www.europesays.com\/es\/wp-json\/wp\/v2\/comments?post=264490"}],"version-history":[{"count":0,"href":"https:\/\/www.europesays.com\/es\/wp-json\/wp\/v2\/posts\/264490\/revisions"}],"wp:featuredmedia":[{"embeddable":true,"href":"https:\/\/www.europesays.com\/es\/wp-json\/wp\/v2\/media\/264491"}],"wp:attachment":[{"href":"https:\/\/www.europesays.com\/es\/wp-json\/wp\/v2\/media?parent=264490"}],"wp:term":[{"taxonomy":"category","embeddable":true,"href":"https:\/\/www.europesays.com\/es\/wp-json\/wp\/v2\/categories?post=264490"},{"taxonomy":"post_tag","embeddable":true,"href":"https:\/\/www.europesays.com\/es\/wp-json\/wp\/v2\/tags?post=264490"}],"curies":[{"name":"wp","href":"https:\/\/api.w.org\/{rel}","templated":true}]}}