{"id":264492,"date":"2025-11-30T23:26:10","date_gmt":"2025-11-30T23:26:10","guid":{"rendered":"https:\/\/www.europesays.com\/es\/264492\/"},"modified":"2025-11-30T23:26:10","modified_gmt":"2025-11-30T23:26:10","slug":"todavia-me-cuesta-procesar-lo-que-paso-esa-tarde-con-mazon","status":"publish","type":"post","link":"https:\/\/www.europesays.com\/es\/264492\/","title":{"rendered":"Todav\u00eda me cuesta procesar lo que pas\u00f3 esa tarde con Maz\u00f3n"},"content":{"rendered":"<p>La exconsellera de Interior de la Comunidad Valenciana <strong>Salom\u00e9 Pradas<\/strong> ha reprochado a <strong>Carlos Maz\u00f3n<\/strong> sus \u00abcontraversiones\u00bb sobre lo que hizo la tarde del d\u00eda de la <strong>dana <\/strong>de 2024 y sobre por qu\u00e9 no le contest\u00f3 al tel\u00e9fono en varias ocasiones ante la cat\u00e1strofe por la que perdieron la vida 229 personas en la regi\u00f3n: \u00ab<strong>Todav\u00eda me cuesta procesar lo que pas\u00f3 esa tarde con el president<\/strong> de la Generalitat y ah\u00ed empatizo mucho con las v\u00edctimas\u00bb.<\/p>\n<p>Pradas se ha pronunciado as\u00ed en <strong>una entrevista<\/strong> en La Sexta este domingo, <strong>la primera desde que ocurri\u00f3 la tragedia<\/strong> el 29 de octubre del a\u00f1o pasado. En ella, ha dicho que <strong>no percibi\u00f3 en ning\u00fan momento a Maz\u00f3n \u00abpreocupado\u00bb,<\/strong> ha considerado que el que era su \u00abjefe\u00bb deber\u00eda haber cancelado su agenda para trasladarse al Cecopi para hacer frente a la emergencia y le ha echado en cara \u00abla forma\u00bb en la que ha relatado qu\u00e9 estuvo haciendo durante aquella tarde.<\/p>\n<p>\u00abA m\u00ed ni siquiera me lo cont\u00f3 directamente. Nunca me ha hablado de eso, nunca me ha relataddo qu\u00e9 es lo que hizo esa tarde con detalle y, <strong>solo una vez, s\u00ed que tuve la fuerza para decirle que,<\/strong> si no era por m\u00ed, <strong>lo hiciera por las v\u00edctimas<\/strong> y que lo contase\u00bb, ha expresado.<\/p>\n<p>En un momento de la entrevista, ha dicho que <strong>de \u00abtodas\u00bb las versiones <\/strong>que ha dado Maz\u00f3n <strong>la que m\u00e1s le \u00abdoli\u00f3\u00bb<\/strong> fue la que ofreci\u00f3 en la comisi\u00f3n de investigaci\u00f3n en el Congreso, cuando asegur\u00f3 que no respondi\u00f3 a sus llamadas porque ten\u00eda <strong>el tel\u00e9fono guardado en la mochila.<\/strong><\/p>\n<p><strong>\u00abPens\u00e9 inmediatamente en las v\u00edctimas<\/strong> porque fue el peor momento de la tarde. Yo quer\u00eda informarle sobre todo (&#8230;) No le quer\u00eda pedir ni opini\u00f3n ni valoraci\u00f3n\u00bb, ha asegurado. En este punto, ha asegurado que Maz\u00f3n no retras\u00f3 el env\u00edo del ES-Alert a la poblaci\u00f3n: \u00ab<strong>Nada par\u00f3 el ES-Alert por parte del se\u00f1or Maz\u00f3n<\/strong> porque yo ni pude informarle en el momento en que se estaba debatiendo ni en el momento en que se hab\u00eda decidido porque <strong>no me cog\u00eda el tel\u00e9fono<\/strong>\u00ab.<\/p>\n<p>A Maz\u00f3n, tras su cese: \u00abYo s\u00ed he estado donde ten\u00eda que estar\u00bb<\/p>\n<p>En la entrevista, tambi\u00e9n ha asegurado que ella le dijo al president de la Generalitat, Carlos Maz\u00f3n, el d\u00eda que la ces\u00f3, que<strong> la estaba culpabilizando de forma \u00abinjusta\u00bb cuando ella \u00abs\u00ed hab\u00eda estado desde el principio donde ten\u00eda que estar\u00bb <\/strong>el d\u00eda de la dana. Pradas fue cesada veinte d\u00edas despu\u00e9s de la tragedia: \u00abMe dijo que iba a hacer una remodelaci\u00f3n del Consell y que yo ten\u00eda que salir\u00bb.<\/p>\n<p>La exconsellera tambi\u00e9n ha explicado que recibi\u00f3 <strong>\u00f3rdenes del jefe de gabinete de Maz\u00f3n de no molestar con llamadas al &#8216;president&#8217;<\/strong> la tarde de la dana, pero que<strong> se las salt\u00f3<\/strong>: \u00ab\u00bfC\u00f3mo no iba a tener que conocer el president de la Generalitat lo que estaba pasando?\u00bb.<\/p>\n<p>Tambi\u00e9n ha lamentado la imagen que se ha transmitido sobre ella como ignorante, pasiva o ca\u00f3tica, que considera \u00ababsolutamente injusta\u00bb: \u00abQuienes me conocen saben que el d\u00eda de la dana <strong>hice todo lo posible por ayudar <\/strong>a resolver aquella emergencia, una emergencia que se enfrentaba casi a <strong>un apocalipsis<\/strong> (&#8230;) Ya est\u00e1 bien de que hable mucha gente por m\u00ed, ha hablado demasiada gente por m\u00ed y ahora ha llegado el momento de hablar por m\u00ed misma sobre lo que viv\u00ed aquella jornada\u00bb, contin\u00faa.<\/p>\n<p>Pradas sostiene que, tras reflexionar sobre aquella tr\u00e1gica jornada, ha concluido que \u00abhubiera sido necesario que el se\u00f1or Maz\u00f3n, como m\u00e1ximo representante institucional de la Generalitat, hubiera estado\u00bb en el Cecopi aquella tarde.<\/p>\n<p>Por \u00faltimo, la ex consellera ha lamentado que<strong> a las v\u00edctimas \u00ables ha faltado calor\u00bb<\/strong> y \u00abcomprensi\u00f3n\u00bb: \u00abHa habido <strong>demasiada pol\u00edtica pero poco coraz\u00f3n<\/strong>\u00ab. En la parte que a ella le toca, ha pedido perd\u00f3n a las v\u00edctimas por \u00abno haber podido hacer m\u00e1s\u00bb.<\/p>\n","protected":false},"excerpt":{"rendered":"La exconsellera de Interior de la Comunidad Valenciana Salom\u00e9 Pradas ha reprochado a Carlos Maz\u00f3n sus \u00abcontraversiones\u00bb sobre&hellip;\n","protected":false},"author":2,"featured_media":264493,"comment_status":"","ping_status":"","sticky":false,"template":"","format":"standard","meta":{"footnotes":""},"categories":[5],"tags":[17,18,25,24,13,14,11,19,20,9,10,15,16,23,12,21,22],"class_list":{"0":"post-264492","1":"post","2":"type-post","3":"status-publish","4":"format-standard","5":"has-post-thumbnail","7":"category-titulares","8":"tag-breaking-news","9":"tag-breakingnews","10":"tag-es","11":"tag-espana","12":"tag-featured-news","13":"tag-featurednews","14":"tag-headlines","15":"tag-latest-news","16":"tag-latestnews","17":"tag-news","18":"tag-noticias","19":"tag-noticias-destacadas","20":"tag-noticiasdestacadas","21":"tag-spain","22":"tag-titulares","23":"tag-ultimas-noticias","24":"tag-ultimasnoticias"},"share_on_mastodon":{"url":"https:\/\/pubeurope.com\/@es\/115641239689898864","error":""},"_links":{"self":[{"href":"https:\/\/www.europesays.com\/es\/wp-json\/wp\/v2\/posts\/264492","targetHints":{"allow":["GET"]}}],"collection":[{"href":"https:\/\/www.europesays.com\/es\/wp-json\/wp\/v2\/posts"}],"about":[{"href":"https:\/\/www.europesays.com\/es\/wp-json\/wp\/v2\/types\/post"}],"author":[{"embeddable":true,"href":"https:\/\/www.europesays.com\/es\/wp-json\/wp\/v2\/users\/2"}],"replies":[{"embeddable":true,"href":"https:\/\/www.europesays.com\/es\/wp-json\/wp\/v2\/comments?post=264492"}],"version-history":[{"count":0,"href":"https:\/\/www.europesays.com\/es\/wp-json\/wp\/v2\/posts\/264492\/revisions"}],"wp:featuredmedia":[{"embeddable":true,"href":"https:\/\/www.europesays.com\/es\/wp-json\/wp\/v2\/media\/264493"}],"wp:attachment":[{"href":"https:\/\/www.europesays.com\/es\/wp-json\/wp\/v2\/media?parent=264492"}],"wp:term":[{"taxonomy":"category","embeddable":true,"href":"https:\/\/www.europesays.com\/es\/wp-json\/wp\/v2\/categories?post=264492"},{"taxonomy":"post_tag","embeddable":true,"href":"https:\/\/www.europesays.com\/es\/wp-json\/wp\/v2\/tags?post=264492"}],"curies":[{"name":"wp","href":"https:\/\/api.w.org\/{rel}","templated":true}]}}