{"id":264494,"date":"2025-11-30T23:30:17","date_gmt":"2025-11-30T23:30:17","guid":{"rendered":"https:\/\/www.europesays.com\/es\/264494\/"},"modified":"2025-11-30T23:30:17","modified_gmt":"2025-11-30T23:30:17","slug":"la-amateur-andrea-revuelta-termina-como-la-mejor-espanola-del-andalucia-costa-del-sol-open-de-espana","status":"publish","type":"post","link":"https:\/\/www.europesays.com\/es\/264494\/","title":{"rendered":"La amateur Andrea Revuelta termina como la mejor espa\u00f1ola del Andaluc\u00eda Costa del Sol Open de Espa\u00f1a"},"content":{"rendered":"<p>&#13;<br \/>\n        &#13;<br \/>\n&#13;<br \/>\n        &#13;<\/p>\n<p>            <a href=\"https:\/\/ten-golf.com\/wp-content\/uploads\/2025\/11\/andrearevueltaopenespana25.jpg\" data-caption=\"Andrea Revuelta, durante el Andaluc\u00eda Costa del Sol Open de Espa\u00f1a. Tristan Jones\/ LET\" rel=\"nofollow noopener\" target=\"_blank\"><img decoding=\"async\" loading=\"lazy\" width=\"611\" height=\"444\" class=\"entry-thumb td-modal-image\" src=\"https:\/\/www.europesays.com\/es\/wp-content\/uploads\/2025\/11\/andrearevueltaopenespana25-611x444.jpg\"   alt=\"Andrea Revuelta, durante el Andaluc\u00eda Costa del Sol Open de Espa\u00f1a.\" title=\"Andrea Revuelta, durante el Andaluc\u00eda Costa del Sol Open de Espa\u00f1a. Tristan Jones\/ LET\"\/><\/a>Andrea Revuelta, durante el Andaluc\u00eda Costa del Sol Open de Espa\u00f1a. Tristan Jones\/ LET<\/p>\n<p>            \u2013 No ha sido el mejor Andaluc\u00eda Costa del Sol Open de Espa\u00f1a para las jugadoras espa\u00f1olas. Ninguna ha conseguido meterse realmente en la pelea por la victoria en los \u00faltimos nueve hoyos, aunque si alguna ha estado realmente cerca de hacerlo ha sido la joven amateur And<\/p>\n<p>Para seguir leyendo, Suscr\u00edbete<\/p>\n<p>    Subscription OptionsMENSUAL<\/p>\n<p>Unlimited  Entradas<\/p>\n<p>Unlimited  Galer\u00edas<\/p>\n<p>Unlimited  \u00c1lbumes<\/p>\n<p>Unlimited  P\u00e1ginas<\/p>\n<p>ANUAL + LIBRO<\/p>\n<p>Unlimited  Entradas<\/p>\n<p>Unlimited  Galer\u00edas<\/p>\n<p>Unlimited  \u00c1lbumes<\/p>\n<p>Unlimited  P\u00e1ginas<\/p>\n<p>ANUAL<\/p>\n<p>Unlimited  Entradas<\/p>\n<p>Unlimited  Galer\u00edas<\/p>\n<p>Unlimited  \u00c1lbumes<\/p>\n<p>Unlimited  P\u00e1ginas<\/p>\n<p>    Recibe 30 mulligans para gastar en <a href=\"https:\/\/thegame.ten-golf.com\" target=\"_blank\" rel=\"nofollow noopener\">TheGame<\/a> junto a tu suscripci\u00f3n anual (al final de la temporada se quitar\u00e1n los mulligans no gastados)<\/p>\n<p>    Pincha <a href=\"https:\/\/ten-golf.com\/tengolf-pone-en-marcha-el-muro-de-pago-y-crea-el-club-tengolf\" target=\"_blank\" rel=\"nofollow noopener\">aqu\u00ed<\/a> para saber m\u00e1s sobre las distintas suscripciones<\/p>\n<p>        &#13;<br \/>\n&#13;<br \/>\n        &#13;<br \/>\n            &#13;<br \/>\n            &#13;<br \/>\n&#13;<\/p>\n<p class=\"join-telegram\"><img decoding=\"async\" class=\"loading\" src=\"https:\/\/www.europesays.com\/es\/wp-content\/uploads\/2025\/11\/telegram-icon.png\" alt=\"\"\/> S\u00edguenos tambi\u00e9n en <a href=\"https:\/\/telegram.org\/\" target=\"_blank\" style=\"font-weight: normal;\" rel=\"nofollow noopener\">Telegram<\/a> en el canal <a href=\"https:\/\/t.me\/tengolf\" target=\"_blank\" rel=\"nofollow\">@tengolf<\/a><\/p>\n<p>        &#13;<br \/>\n        <a class=\"will-load\" name=\"end-article\" data-id=\"post-212929\"\/>&#13;<\/p>\n","protected":false},"excerpt":{"rendered":"&#13; &#13; &#13; &#13; Andrea Revuelta, durante el Andaluc\u00eda Costa del Sol Open de Espa\u00f1a. Tristan Jones\/ LET&hellip;\n","protected":false},"author":2,"featured_media":264495,"comment_status":"","ping_status":"","sticky":false,"template":"","format":"standard","meta":{"footnotes":""},"categories":[275],"tags":[54440,64441,4814,64774,10212,168,25,24,329,336,35376,338,339,340,65497,23,167],"class_list":{"0":"post-264494","1":"post","2":"type-post","3":"status-publish","4":"format-standard","5":"has-post-thumbnail","7":"category-golf","8":"tag-ana-pelaez","9":"tag-andalucia-costa-del-sol-open-de-espana","10":"tag-andrea-revuelta","11":"tag-azahara-munoz","12":"tag-carlota-ciganda","13":"tag-deportes","14":"tag-es","15":"tag-espana","16":"tag-golf","17":"tag-notificacion","18":"tag-nuria-iturrioz","19":"tag-portada","20":"tag-portada-america","21":"tag-portada-global","22":"tag-real-guadalhorce-golf-club","23":"tag-spain","24":"tag-sports"},"share_on_mastodon":{"url":"https:\/\/pubeurope.com\/@es\/115641256106243515","error":""},"_links":{"self":[{"href":"https:\/\/www.europesays.com\/es\/wp-json\/wp\/v2\/posts\/264494","targetHints":{"allow":["GET"]}}],"collection":[{"href":"https:\/\/www.europesays.com\/es\/wp-json\/wp\/v2\/posts"}],"about":[{"href":"https:\/\/www.europesays.com\/es\/wp-json\/wp\/v2\/types\/post"}],"author":[{"embeddable":true,"href":"https:\/\/www.europesays.com\/es\/wp-json\/wp\/v2\/users\/2"}],"replies":[{"embeddable":true,"href":"https:\/\/www.europesays.com\/es\/wp-json\/wp\/v2\/comments?post=264494"}],"version-history":[{"count":0,"href":"https:\/\/www.europesays.com\/es\/wp-json\/wp\/v2\/posts\/264494\/revisions"}],"wp:featuredmedia":[{"embeddable":true,"href":"https:\/\/www.europesays.com\/es\/wp-json\/wp\/v2\/media\/264495"}],"wp:attachment":[{"href":"https:\/\/www.europesays.com\/es\/wp-json\/wp\/v2\/media?parent=264494"}],"wp:term":[{"taxonomy":"category","embeddable":true,"href":"https:\/\/www.europesays.com\/es\/wp-json\/wp\/v2\/categories?post=264494"},{"taxonomy":"post_tag","embeddable":true,"href":"https:\/\/www.europesays.com\/es\/wp-json\/wp\/v2\/tags?post=264494"}],"curies":[{"name":"wp","href":"https:\/\/api.w.org\/{rel}","templated":true}]}}