{"id":264496,"date":"2025-11-30T23:31:54","date_gmt":"2025-11-30T23:31:54","guid":{"rendered":"https:\/\/www.europesays.com\/es\/264496\/"},"modified":"2025-11-30T23:31:54","modified_gmt":"2025-11-30T23:31:54","slug":"los-amantes-del-tenis-no-se-olvidan-de-gerard-pique-y-lo-destrozan-tras-una-nueva-final-de-copa-davis","status":"publish","type":"post","link":"https:\/\/www.europesays.com\/es\/264496\/","title":{"rendered":"Los amantes del tenis no se olvidan de Gerard Piqu\u00e9 y lo destrozan tras una nueva final de Copa Davis"},"content":{"rendered":"<p data-testid=\"paragraph\" class=\"mb-[20px] md:mb-[30px] break-word\">En la \u00faltima semana, el foco de los amantes del tenis estuvo centrado en la <a href=\"https:\/\/bolavip.com\/ar\/tema\/copa-davis\" target=\"_blank\" rel=\"noreferrer noopener nofollow\" class=\"break-word font-articleLinkText text-articleLinkText hover:text-articleLinkTextHover hover:bg-articleLinkTextHoverBg cursor-pointer border-solid border-b-articleLinkTextHover\">Copa Davis<\/a>, el certamen que puso punto final a la temporada. Los ocho mejores pa\u00edses se citaron en Bolonia y disputaron el tramo final de la competici\u00f3n en series que comenzaron con los cuartos de final, se jugaron al mejor de tres partidos y al mejor de tres sets,<strong> siguiendo casi calcado el modelo que implement\u00f3 <\/strong><a href=\"https:\/\/bolavip.com\/ar\/tema\/gerard-pique\" target=\"_blank\" rel=\"noreferrer noopener nofollow\" class=\"break-word font-articleLinkText text-articleLinkText hover:text-articleLinkTextHover hover:bg-articleLinkTextHoverBg cursor-pointer border-solid border-b-articleLinkTextHover\">Gerard Piqu\u00e9<\/a><strong> a trav\u00e9s de su empresa Kosmos.<\/strong><\/p>\n<p data-testid=\"paragraph\" class=\"mb-[20px] md:mb-[30px] break-word\">En 2018, Kosmos adquiri\u00f3 los derechos de la Copa Davis y, junto a la ITF, decidieron modificar abismalmente el formato de la Copa Davis, sacando local\u00edas, equiparando las superficies en las instancias finales y d\u00e1ndoselas a una ciudad en concreto. <strong>Los amantes del tenis nunca estuvieron de acuerdo con esta manera de jugar la Davis y si bien el ex futbolista del Barcelona ya no est\u00e1 involucrado en la organizaci\u00f3n, las cr\u00edticas siguen siendo lapidarias.<\/strong><\/p>\n<p data-testid=\"paragraph\" class=\"mb-[20px] md:mb-[30px] break-word\">Kosmos hab\u00eda firmado un contrato con la ITF de 25 a\u00f1os, pero para comienzos de 2023 se termin\u00f3 el mismo, aunque la realidad es que no se pudo volver al formato anterior. <strong>Piqu\u00e9 dej\u00f3 marcado a fuego su nombre en la Copa Davis y los fan\u00e1ticos del tenis se lo hicieron saber en las redes sociales.<\/strong><\/p>\n<p><img decoding=\"async\" src=\"https:\/\/www.europesays.com\/es\/wp-content\/uploads\/2025\/11\/BAR_20251124_BAR_584978_Pique-Finals-2019_9f96d4ce.webp&#038;width=4233&#038;height=2481.webp\" width=\"4233\" height=\"2481\" alt=\"Piqu\u00e9 en las finales de la Davis en 2019. (Foto: Getty).\" class=\"h-auto\" loading=\"lazy\"\/><\/p>\n<p class=\"text-center mt-5 text-[14px] leading-[20px] font-normal\">Piqu\u00e9 en las finales de la Davis en 2019. (Foto: Getty).<\/p>\n<p>Tras el t\u00edtulo de Italia, las redes estallaron contra Piqu\u00e9<\/p>\n<p data-testid=\"paragraph\" class=\"mb-[20px] md:mb-[30px] break-word\">El pasado domingo, Italia derrot\u00f3 2 a 0 a Espa\u00f1a y se consagr\u00f3 campe\u00f3n de la Copa Davis por tercera vez consecutiva. Un detalle no menor es que los italianos no contaron con <a href=\"https:\/\/bolavip.com\/ar\/tema\/jannik-sinner\" target=\"_blank\" rel=\"noreferrer noopener nofollow\" class=\"break-word font-articleLinkText text-articleLinkText hover:text-articleLinkTextHover hover:bg-articleLinkTextHoverBg cursor-pointer border-solid border-b-articleLinkTextHover\">Jannik Sinner<\/a>, que se dio de baja para poder descansar y encarar una pretemporada fuerte pensando en 2026. <strong>Una vez concluida la Davis, las redes sociales se llenaron de mensajes contra Piqu\u00e9, a quien responsabilizan por haber implementado este formato.<\/strong><\/p>\n<p>Los mensajes m\u00e1s crudos contra Piqu\u00e9<a title=\"Gerard Piqu\u00e9 cont\u00f3 por qu\u00e9 fracas\u00f3 su incursi\u00f3n en la Copa Davis y propuso cambios revolucionarios para el tenis\" href=\"https:\/\/bolavip.com\/ar\/tenis\/gerard-pique-conto-por-que-fracaso-su-incursion-en-la-copa-davis-y-propuso-cambios-revolucionarios-para-el-tenis\" target=\"_self\" rel=\"nofollow noopener\" class=\"article-also-read-embed\"><img decoding=\"async\" class=\"aspect-square max-w-[100px] m-[10px] md:m-0\" src=\"https:\/\/www.europesays.com\/es\/wp-content\/uploads\/2025\/11\/1764545510_893_image\" alt=\"Gerard Piqu\u00e9 cont\u00f3 por qu\u00e9 fracas\u00f3 su incursi\u00f3n en la Copa Davis y propuso cambios revolucionarios para el tenis\" width=\"200\" height=\"200\" loading=\"lazy\"\/><\/p>\n<p class=\"font-secondary my-[13px] uppercase text-alsoReadSeeAlso bg-alsoReadSeeAlsoBackground alsoReadSeeAlso w-fit\">ver tambi\u00e9n<\/p>\n<p class=\"w-full line-clamp-3 md:line-clamp-2 text-alsoReadEmbedTitle font-primary alsoReadLink\">Gerard Piqu\u00e9 cont\u00f3 por qu\u00e9 fracas\u00f3 su incursi\u00f3n en la Copa Davis y propuso cambios revolucionarios para el tenis<\/p>\n<p><\/a><img decoding=\"async\" src=\"https:\/\/www.europesays.com\/es\/wp-content\/uploads\/2025\/11\/BAR_20251124_BAR_584978_Pique-01_93a6232d.webp&#038;width=879&#038;height=819.webp\" width=\"879\" height=\"819\" alt=\"\" class=\"h-auto\" loading=\"lazy\"\/><img decoding=\"async\" src=\"https:\/\/www.europesays.com\/es\/wp-content\/uploads\/2025\/11\/BAR_20251124_BAR_584978_Pique-02_160550ee.webp&#038;width=873&#038;height=292.webp\" width=\"873\" height=\"292\" alt=\"\" class=\"h-auto\" loading=\"lazy\"\/><img decoding=\"async\" src=\"https:\/\/www.europesays.com\/es\/wp-content\/uploads\/2025\/11\/BAR_20251124_BAR_584978_Pique-03_e8d9dbc4.webp&#038;width=877&#038;height=393.webp\" width=\"877\" height=\"393\" alt=\"\" class=\"h-auto\" loading=\"lazy\"\/><img decoding=\"async\" src=\"https:\/\/www.europesays.com\/es\/wp-content\/uploads\/2025\/11\/BAR_20251124_BAR_584978_Pique-04_1a3f8f5d.webp&#038;width=873&#038;height=166.webp\" width=\"873\" height=\"166\" alt=\"\" class=\"h-auto\" loading=\"lazy\"\/><img decoding=\"async\" src=\"https:\/\/www.europesays.com\/es\/wp-content\/uploads\/2025\/11\/BAR_20251124_BAR_584978_Pique-05_0134de29.webp&#038;width=883&#038;height=649.webp\" width=\"883\" height=\"649\" alt=\"\" class=\"h-auto\" loading=\"lazy\"\/><img decoding=\"async\" src=\"https:\/\/www.europesays.com\/es\/wp-content\/uploads\/2025\/11\/BAR_20251124_BAR_584978_Pique-06_72457dea.webp&#038;width=880&#038;height=351.webp\" width=\"880\" height=\"351\" alt=\"\" class=\"h-auto\" loading=\"lazy\"\/>DATOS CLAVE<\/p>\n<ul class=\"list-disc ps-10 mb-[20px] md:mb-[30px]\">\n<li class=\"break-word\">La <strong>Copa Davis<\/strong> finaliz\u00f3 la temporada con los <strong>ocho mejores pa\u00edses<\/strong> en la ciudad de <strong>Bolonia<\/strong>.<\/li>\n<li class=\"break-word\">El formato actual de la Copa Davis fue implementado por <strong>Gerard Piqu\u00e9<\/strong> a trav\u00e9s de su empresa <strong>Kosmos<\/strong>.<\/li>\n<li class=\"break-word\"><strong>Italia<\/strong> derrot\u00f3 a <strong>Espa\u00f1a<\/strong> por <strong>2-0<\/strong> y se consagr\u00f3 campe\u00f3n de la <strong>Copa Davis<\/strong> por tercera vez consecutiva.<\/li>\n<\/ul>\n","protected":false},"excerpt":{"rendered":"En la \u00faltima semana, el foco de los amantes del tenis estuvo centrado en la Copa Davis, el&hellip;\n","protected":false},"author":2,"featured_media":264497,"comment_status":"","ping_status":"","sticky":false,"template":"","format":"standard","meta":{"footnotes":""},"categories":[274],"tags":[13877,168,25,24,50559,23,167,327,326],"class_list":{"0":"post-264496","1":"post","2":"type-post","3":"status-publish","4":"format-standard","5":"has-post-thumbnail","7":"category-tenis","8":"tag-copa-davis","9":"tag-deportes","10":"tag-es","11":"tag-espana","12":"tag-gerard-pique","13":"tag-spain","14":"tag-sports","15":"tag-tenis","16":"tag-tennis"},"share_on_mastodon":{"url":"https:\/\/pubeurope.com\/@es\/115641264576875481","error":""},"_links":{"self":[{"href":"https:\/\/www.europesays.com\/es\/wp-json\/wp\/v2\/posts\/264496","targetHints":{"allow":["GET"]}}],"collection":[{"href":"https:\/\/www.europesays.com\/es\/wp-json\/wp\/v2\/posts"}],"about":[{"href":"https:\/\/www.europesays.com\/es\/wp-json\/wp\/v2\/types\/post"}],"author":[{"embeddable":true,"href":"https:\/\/www.europesays.com\/es\/wp-json\/wp\/v2\/users\/2"}],"replies":[{"embeddable":true,"href":"https:\/\/www.europesays.com\/es\/wp-json\/wp\/v2\/comments?post=264496"}],"version-history":[{"count":0,"href":"https:\/\/www.europesays.com\/es\/wp-json\/wp\/v2\/posts\/264496\/revisions"}],"wp:featuredmedia":[{"embeddable":true,"href":"https:\/\/www.europesays.com\/es\/wp-json\/wp\/v2\/media\/264497"}],"wp:attachment":[{"href":"https:\/\/www.europesays.com\/es\/wp-json\/wp\/v2\/media?parent=264496"}],"wp:term":[{"taxonomy":"category","embeddable":true,"href":"https:\/\/www.europesays.com\/es\/wp-json\/wp\/v2\/categories?post=264496"},{"taxonomy":"post_tag","embeddable":true,"href":"https:\/\/www.europesays.com\/es\/wp-json\/wp\/v2\/tags?post=264496"}],"curies":[{"name":"wp","href":"https:\/\/api.w.org\/{rel}","templated":true}]}}