{"id":264498,"date":"2025-11-30T23:32:09","date_gmt":"2025-11-30T23:32:09","guid":{"rendered":"https:\/\/www.europesays.com\/es\/264498\/"},"modified":"2025-11-30T23:32:09","modified_gmt":"2025-11-30T23:32:09","slug":"800-ciclistas-vibraron-en-el-clasico-el-colombiano-2025-con-el-triunfo-de-miguel-pajon-en-63-y-juan-g-montoya-en-los-113-km","status":"publish","type":"post","link":"https:\/\/www.europesays.com\/es\/264498\/","title":{"rendered":"800 ciclistas vibraron en el Cl\u00e1sico El Colombiano-2025, con el triunfo de Miguel Paj\u00f3n en 63 y Juan G. Montoya en los 113 km"},"content":{"rendered":"\n<p>El <a rel=\"noopener noreferrer nofollow\" href=\"https:\/\/www.elcolombiano.com\/cronologia\/noticias\/meta\/clasico-el-colombiano\" target=\"_blank\">Cl\u00e1sico El Colombiano<\/a> fue toda <b>una fiesta deportiva este domingo por el Oriente antioque\u00f1o<\/b>.<\/p>\n<p>A\u00fan no hab\u00eda amanecido, y por las calles de El Retiro ya se ven\u00eda en la madrugada a ciclistas, en medio del fr\u00edo que se siente en ese municipio, cargado de emoci\u00f3n para tomar la partida en <b>la prueba recreativa m\u00e1s tradicional de este deporte en Colombia y la cual cumple 52 a\u00f1os de creaci\u00f3n.<\/b><\/p>\n<p>En total <b>participaron 800 deportistas desde los 18 a\u00f1os en adelante, quienes desafiaron dos recorridos, de 113 y 63 kil\u00f3metros<\/b>.<\/p>\n<p>Las emociones comenzaron a las 6:00 de la ma\u00f1ana con el reto del gran fondo, con s<b>alida y llegada en <a rel=\"noopener noreferrer nofollow\" href=\"https:\/\/www.elcolombiano.com\/cronologia\/noticias\/meta\/el-retiro\" target=\"_blank\">El Retiro<\/a>, pasando por La Ceja, La Uni\u00f3n, El Carmen de Viboral y Rionegro,<\/b> alcanzando un desnivel positivo de 2.060 metros.<\/p>\n<p>La segunda distancia fue de 63 kil\u00f3metros, con un ascenso total de 780 metros, abierta tanto a bicicletas de ruta como de ciclomonta\u00f1ismo.<\/p>\n<p>     La fiesta deportiva del Cl\u00e1sico El Colombiano 2025   <\/p>\n<p>Mario Rivera fue uno de los hombres m\u00e1s dichosos en el certamen. Y no era para menos, pues es <b>el \u00fanico que ha corrido todas la ediciones de la prestigiosa carrera.<\/b><\/p>\n<p>Esta vez se le midi\u00f3 al reto de 63 kil\u00f3metros. \u201cExtra\u00f1o este evento cada a\u00f1o. Uno no viene ac\u00e1 por un resultado, sino a disfrutar, a <b>ser ejemplo a seguir, a inspirar a la gente a que haga deporte, es como un ritual<\/b>\u201d, comenz\u00f3 diciendo Mario, quien en 20 d\u00edas llegar\u00e1 a los 79 a\u00f1os de edad.<\/p>\n<p>\u201cEn 52 a\u00f1os han pasado demasiadas historias como para escribir un libro. Esto es lo m\u00e1ximo, todo el a\u00f1o me entreno para correrlo. Una vez me accident\u00e9 antes de la carrera, me fractur\u00e9 la cara, me hospitalizaron; tambi\u00e9n he sufrido dificultades familiares&#8230; <b>pero todo eso se ha superado para poder estar el Cl\u00e1sico, una fiesta deportiva con un componente social que vale la pena apoyar<\/b>\u201d, prosigui\u00f3 Mario, ganador de seis Cl\u00e1sicos, el primero de ellos en 1974.<\/p>\n<p>\u201cQue ejecutivos corrieran un <a rel=\"noopener noreferrer nofollow\" href=\"https:\/\/www.elcolombiano.com\/cronologia\/noticias\/meta\/ciclismo\" target=\"_blank\">certamen de ciclismo<\/a> en ese tiempo era extra\u00f1o, nos ve\u00edan como unos extraterrestes. Le doy gracias a mis amigos por impulsarme a seguir corriendo y a<b> El Colombiano por no dejar morir esta carrera tan bonita<\/b>\u201d, agreg\u00f3.<\/p>\n<p>Conozca m\u00e1s: <a rel=\"noopener noreferrer nofollow\" href=\"https:\/\/www.elcolombiano.com\/deportes\/clasico-el-colombiano-2025-ciclista-internacional-miquel-lopez-GF31345201\" target=\"_blank\">Miquel vino desde Dallas para correr el Cl\u00e1sico El Colombiano<\/a><\/p>\n<p>    Miguel Paj\u00f3n le dedic\u00f3 triunfo a su sobrino   <\/p>\n<p><b>Miguel Paj\u00f3n se<\/b> <b>impuso, en solitario, en el recorrido 63 kil\u00f3metros del Cl\u00e1sico EC<\/b>, un evento en el que su padre Carlos Mario y su hermana <a rel=\"noopener noreferrer nofollow\" href=\"https:\/\/www.elcolombiano.com\/cronologia\/noticias\/meta\/mariana-pajon\" target=\"_blank\">Mariana Paj\u00f3n<\/a> ganaron varias veces.<\/p>\n<p>\u201cSe siente mucha felicidad saber que, como ellos, yo tambi\u00e9n pude vencer en esta importante carrera\u201d, coment\u00f3 Miguel, quien tr<b>iunf\u00f3 con un tiempo de 1 y 44 minutos.<\/b><\/p>\n<p>\u201c<b>Ya tenemos un miembro m\u00e1s en la familia. As\u00ed que esta victoria es para el hijo de Mariana, su nacimiento nos tiene muy contentos<\/b>\u201d, continu\u00f3 Miguel, al hablar de la dureza del reto que hab\u00eda acabado de cumplir.<\/p>\n<p>\u201cFue muy duro, <b>una prueba muy t\u00e9cnica, que se hizo demasiado r\u00e1pida, pero hab\u00eda que tener precauci\u00f3n en el terreno de descenso.<\/b> Las subidas tambi\u00e9n fueron complicadas, pero la dureza se me hizo mayor porque iba con la llanta pinchada a media carrera, as\u00ed que estoy feliz por la actuaci\u00f3n que tuve\u201d, dijo Miguel.<\/p>\n<p>   Juan Guillermo, vencedor de los 113 km   <\/p>\n<p>Juan Guillermo Montoya, a quien apodan Pesicolo, se consagr\u00f3 campe\u00f3n, en la categor\u00eda open, de 18 a 35 a\u00f1os, del Cl\u00e1sico EC. En una jornada c\u00e1lida, Juan impuso un tiempo de 5 horas, un minuto y 27 minutos.<\/p>\n<p>El deportista, de 30 a\u00f1os de edad, que hizo parte entre el 2010 y 2017 de equipos como el Orgullo Paisa, EPM y Supergiros, super\u00f3 a Mart\u00edn Restrepo L\u00f3pez (Ruta 56), campe\u00f3n del Cl\u00e1sico en 2024 en El Escobero y quien registr\u00f3 5:02.44. Tercero fue Alexis Hern\u00e1ndez, con 5:05.36.<\/p>\n<p>Juan es hijo de Ignacio Montoya, el popular Pesicolo o La Pantera, que hasta el \u00faltimo d\u00eda de su vida mont\u00f3 en bicicleta (falleci\u00f3 el a\u00f1o pasado) y de quien heredaron la pasi\u00f3n por el ciclismo. Ignacio estuvo presente en siete Vueltas a Colombia, seis Cl\u00e1sicos RCN y fue campe\u00f3n bolivariano en 1985.<\/p>\n<p>Lea aqu\u00ed: <a rel=\"noopener noreferrer nofollow\" href=\"https:\/\/www.elcolombiano.com\/deportes\/piyuyo-martinez-regreso-clasico-elcolombiano-antioquia-KF31258075\" target=\"_blank\">\u201cPiyuyo\u201d Mart\u00ednez, el gregario de oro que regresa a su casa: el Cl\u00e1sico de ciclismo El Colombiano<\/a><\/p>\n<p>    La felicidad de los Paj\u00f3n   <\/p>\n<p><b>Ya naci\u00f3 Th\u00e8o Pelluard, el hijo Mariana Paj\u00f3n<\/b>, as\u00ed lo confirm\u00f3 el padre de la tres veces medallista mundial,<b> Carlod Mario Paj\u00f3n, quien estuvo presente este domingo en el Cl\u00e1sico<\/b>, lo cual ha sido tradicional en su familia. Mariana tambi\u00e9n lleg\u00f3 a correr esta prueba.<\/p>\n<p>\u201cHay un motivo muy especial para compartir y el cual nos llena de mucha felicidad: se trata del nacimiento del hijo de Mariana. Naci\u00f3 muy aliviado, su mam\u00e1 tambi\u00e9n, todo eso nos tiene muy contentos.<b> El ni\u00f1o se llama Th\u00e8o Pelluard Paj\u00f3n<\/b>. Estamos ahora disfrutando de la bici en ese Cl\u00e1sico. Ahora que termine esta carrera vamos a ir a disfrutarlo del nieto poquito\u201d.<\/p>\n<p>De esta manera, Carlos Mario, actual vicepresidente de la Federaci\u00f3n Colombiana de Ciclismo, confirm\u00f3 que su nieto naci\u00f3 el pasado viernes 28 de noviembre.<\/p>\n<p>\u201c<b>Para m\u00ed este Cl\u00e1sico es la carrera m\u00e1s linda de ciclismo que hay de Antioquia. Pueden existir muchos grandes fondos, pero el Cl\u00e1sico Ejecutivos El Colombiano sigue siendo emblem\u00e1tico para los ejecutivos, los j\u00f3venes y adultos<\/b>\u201d, a\u00f1adi\u00f3 Carlos Mario Paj\u00f3n.<\/p>\n","protected":false},"excerpt":{"rendered":"El Cl\u00e1sico El Colombiano fue toda una fiesta deportiva este domingo por el Oriente antioque\u00f1o. A\u00fan no hab\u00eda&hellip;\n","protected":false},"author":2,"featured_media":264499,"comment_status":"","ping_status":"","sticky":false,"template":"","format":"standard","meta":{"footnotes":""},"categories":[273],"tags":[313,312,168,25,24,1267,23,167],"class_list":{"0":"post-264498","1":"post","2":"type-post","3":"status-publish","4":"format-standard","5":"has-post-thumbnail","7":"category-ciclismo","8":"tag-ciclismo","9":"tag-cycling","10":"tag-deportes","11":"tag-es","12":"tag-espana","13":"tag-noticias-el-colombiano","14":"tag-spain","15":"tag-sports"},"share_on_mastodon":{"url":"https:\/\/pubeurope.com\/@es\/115641264630941971","error":""},"_links":{"self":[{"href":"https:\/\/www.europesays.com\/es\/wp-json\/wp\/v2\/posts\/264498","targetHints":{"allow":["GET"]}}],"collection":[{"href":"https:\/\/www.europesays.com\/es\/wp-json\/wp\/v2\/posts"}],"about":[{"href":"https:\/\/www.europesays.com\/es\/wp-json\/wp\/v2\/types\/post"}],"author":[{"embeddable":true,"href":"https:\/\/www.europesays.com\/es\/wp-json\/wp\/v2\/users\/2"}],"replies":[{"embeddable":true,"href":"https:\/\/www.europesays.com\/es\/wp-json\/wp\/v2\/comments?post=264498"}],"version-history":[{"count":0,"href":"https:\/\/www.europesays.com\/es\/wp-json\/wp\/v2\/posts\/264498\/revisions"}],"wp:featuredmedia":[{"embeddable":true,"href":"https:\/\/www.europesays.com\/es\/wp-json\/wp\/v2\/media\/264499"}],"wp:attachment":[{"href":"https:\/\/www.europesays.com\/es\/wp-json\/wp\/v2\/media?parent=264498"}],"wp:term":[{"taxonomy":"category","embeddable":true,"href":"https:\/\/www.europesays.com\/es\/wp-json\/wp\/v2\/categories?post=264498"},{"taxonomy":"post_tag","embeddable":true,"href":"https:\/\/www.europesays.com\/es\/wp-json\/wp\/v2\/tags?post=264498"}],"curies":[{"name":"wp","href":"https:\/\/api.w.org\/{rel}","templated":true}]}}