{"id":264500,"date":"2025-11-30T23:34:17","date_gmt":"2025-11-30T23:34:17","guid":{"rendered":"https:\/\/www.europesays.com\/es\/264500\/"},"modified":"2025-11-30T23:34:17","modified_gmt":"2025-11-30T23:34:17","slug":"hestia-menorca-incorpora-a-ignacio-rosa-hestia-menorca","status":"publish","type":"post","link":"https:\/\/www.europesays.com\/es\/264500\/","title":{"rendered":"Hestia Menorca incorpora a Ignacio Rosa \u2013 Hestia Menorca"},"content":{"rendered":"<p>El ala-p\u00edvot catal\u00e1n atesora una gran experiencia en la segunda categor\u00eda del baloncesto nacional<\/p>\n<p>Ignacio Rosa Pompido (Badalona, 1 de julio de\u00a0\u00a0de mayo de 1999, 2,06 m)\u00a0\u00a0se incorpora al Hestia Menorca como refuerzo durante un par de meses. El ala-p\u00edvot catal\u00e1n aterriza en la Isla procedente del Inveready Gipuzkoa -club que anunci\u00f3 ayer la desvinculaci\u00f3n del jugador de mutuo acuerdo-, a fin de compensar la baja de Fynn Schott, lesionado durante su participaci\u00f3n con la selecci\u00f3n austr\u00edaca en las Ventanas FIBA que finalizan este martes.<\/p>\n<p>Rosa se form\u00f3 en la cantera de Unicaja M\u00e1laga, donde logr\u00f3 la tercera posici\u00f3n en el Campeonato de Espa\u00f1a Cadete 2015,\u00a0siendo el m\u00e1ximo anotador con una media de 18.1 puntos por partido, a los que a\u00f1adi\u00f3 8.7 rebotes y 1.7 robos, para una media de valoraci\u00f3n de 19.9. El catal\u00e1n visti\u00f3, asimismo, la camiseta del primer equipo en la temporada 2016-17,  firmando su primer contrato profesional con el club malague\u00f1o en junio de ese a\u00f1o para cuatro campa\u00f1as.\u00a0 Tras la primera de ellas, en la que altern\u00f3\u00a0el equipo filial con los entrenamientos y la disputa de varios encuentros con el primer equipo, entre ellos uno de Euroliga, es cedido en la 2018-2019\u00a0\u00a0al Oviedo Club Baloncesto.<\/p>\n<p>Inicia en tierras asturianas un intenso periplo por la LEB Oro (actual Primera FEB), interrumpido entre julio de 2022 y julio de 2023 por su incorporaci\u00f3n al RETAbet Bilbao Basket de la ACB. As\u00ed, el ala-p\u00edvot catal\u00e1n ha estado enrolado en las filas del TAU\u00a0Castell\u00f3, Levitec Huesca, For\u00e7a Lleida Club Esportiu -con el que alcanz\u00f3 la Final Four-, San Pablo Burgos, Club Ourense Baloncesto, HLA Alicante y el ya citado equipo vasco. <\/p>\n<p>Asimismo, Rosa ha sido\u00a0ha sido convocado en todas las categor\u00edas inferiores de la selecci\u00f3n, con la que ha disputado campeonatos europeos en categor\u00edas U16, U18 y U20 (consiguiendo la medalla de plata) y el mundial U19. Participaciones que, unidas a la trayectoria descrita,<strong>\u00a0<\/strong>acreditan su experiencia en el baloncesto espa\u00f1ol, tal y como remarca Javier Zamora en su valoraci\u00f3n del nuevo fichaje.lo que acredita su experiencia en el baloncesto espa\u00f1ol, tal y como remarca Javier Zamora en su valoraci\u00f3n del nuevo fichaje.<\/p>\n<p>\u00abLa baja de Fynn en un momento como \u00e9ste nos ha obligado a salir al mercado para intentar mantener una din\u00e1mica \u00f3ptima de entretenimientos y que nuestro nivel competitivo no se vea afectado. Ha surgido la oportunidad de fichar a Ignacio, un jugador de mi confianza, que tiene experiencia en la liga y que estoy convencido que se adaptar\u00e1 inmediatamente a la din\u00e1mica de entretenimientos\u00bb, explica el entrenador y director deportivo del Hestia Menorca.<\/p>\n<p>Zamora valora, asimismo, el hecho de que Rosa pueda ocupar dos posiciones y abrir el campo con mucha solvencia. \u00abA nivel personal, es un jugador que aportar\u00e1 muchos intangibles dentro del vestuario. Espero que pueda aportarnos experiencia y que incremente la competitividad de la plantilla en este periodo\u00bb, concluye el coach de Bintaufa.<\/p>\n<p>Por su parte, en sus primeras palabras a la afici\u00f3n, Rosa ha afirmado \u00abtengo muchas ganas de empezar en este nuevo proyecto, de llegar y ayudar al equipo, conocer a mis compa\u00f1eros y, sobre todo, disfrutar de vosotros\u00bb.<\/p>\n<p> Orgull de Primera!<\/p>\n<p><a href=\"https:\/\/x.com\/hashtag\/Menorca?src=hashtag_click\" rel=\"nofollow\">#Menorca<\/a>\u00a0<a href=\"https:\/\/x.com\/hashtag\/UnaillaUnequip?src=hashtag_click\" rel=\"nofollow\">#UnaillaUnequip<\/a>\u00a0<a href=\"https:\/\/x.com\/hashtag\/EsportsCIMe?src=hashtag_click\" rel=\"nofollow\">#EsportsCIMe<\/a>\u00a0<a href=\"https:\/\/x.com\/hashtag\/EsportsIllesBalears?src=hashtag_click\" rel=\"nofollow\">#EsportsIllesBalears<\/a>\u00a0<a href=\"https:\/\/x.com\/hashtag\/MatealEstigma?src=hashtag_click\" rel=\"nofollow\">#MatealEstigma<\/a><\/p>\n","protected":false},"excerpt":{"rendered":"El ala-p\u00edvot catal\u00e1n atesora una gran experiencia en la segunda categor\u00eda del baloncesto nacional Ignacio Rosa Pompido (Badalona,&hellip;\n","protected":false},"author":2,"featured_media":264501,"comment_status":"","ping_status":"","sticky":false,"template":"","format":"standard","meta":{"footnotes":""},"categories":[269],"tags":[299,298,168,25,24,23,167],"class_list":{"0":"post-264500","1":"post","2":"type-post","3":"status-publish","4":"format-standard","5":"has-post-thumbnail","7":"category-baloncesto","8":"tag-baloncesto","9":"tag-basketball","10":"tag-deportes","11":"tag-es","12":"tag-espana","13":"tag-spain","14":"tag-sports"},"share_on_mastodon":{"url":"","error":""},"_links":{"self":[{"href":"https:\/\/www.europesays.com\/es\/wp-json\/wp\/v2\/posts\/264500","targetHints":{"allow":["GET"]}}],"collection":[{"href":"https:\/\/www.europesays.com\/es\/wp-json\/wp\/v2\/posts"}],"about":[{"href":"https:\/\/www.europesays.com\/es\/wp-json\/wp\/v2\/types\/post"}],"author":[{"embeddable":true,"href":"https:\/\/www.europesays.com\/es\/wp-json\/wp\/v2\/users\/2"}],"replies":[{"embeddable":true,"href":"https:\/\/www.europesays.com\/es\/wp-json\/wp\/v2\/comments?post=264500"}],"version-history":[{"count":0,"href":"https:\/\/www.europesays.com\/es\/wp-json\/wp\/v2\/posts\/264500\/revisions"}],"wp:featuredmedia":[{"embeddable":true,"href":"https:\/\/www.europesays.com\/es\/wp-json\/wp\/v2\/media\/264501"}],"wp:attachment":[{"href":"https:\/\/www.europesays.com\/es\/wp-json\/wp\/v2\/media?parent=264500"}],"wp:term":[{"taxonomy":"category","embeddable":true,"href":"https:\/\/www.europesays.com\/es\/wp-json\/wp\/v2\/categories?post=264500"},{"taxonomy":"post_tag","embeddable":true,"href":"https:\/\/www.europesays.com\/es\/wp-json\/wp\/v2\/tags?post=264500"}],"curies":[{"name":"wp","href":"https:\/\/api.w.org\/{rel}","templated":true}]}}