{"id":264502,"date":"2025-11-30T23:35:11","date_gmt":"2025-11-30T23:35:11","guid":{"rendered":"https:\/\/www.europesays.com\/es\/264502\/"},"modified":"2025-11-30T23:35:11","modified_gmt":"2025-11-30T23:35:11","slug":"el-var-le-quita-con-acierto-un-gol-al-madrid-por-mano-de-mbappe","status":"publish","type":"post","link":"https:\/\/www.europesays.com\/es\/264502\/","title":{"rendered":"El VAR le quita con acierto un gol al Madrid por mano de Mbapp\u00e9"},"content":{"rendered":"<p>                        El jugador franc\u00e9s se llev\u00f3 la pelota de una manera muy err\u00e1tica e ilegal hasta que la empuj\u00f3 dentro de la meta rival\u00a0\n<\/p>\n<p><img src=\"https:\/\/www.mundodeportivo.com\/files\/image_449_220\/uploads\/2025\/11\/30\/692ca588d187e.jpeg\" data-full-src=\"https:\/\/www.europesays.com\/es\/wp-content\/uploads\/2025\/11\/692ca588d187e.jpeg\" alt=\"Horizontal\" width=\"449\" height=\"220\" class=\"nolazy\" decoding=\"async\" fetchpriority=\"high\"\/><\/p>\n<p class=\"caption-title \">Real Madrid&#8217;s Kylian Mbappe, right, fights for the ball with Girona&#8217;s Ivan Martin during a Spanish La Liga soccer match between Girona and Real Madrid, in Girona, Spain, Sunday, Nov. 30, 2025. (AP Photo\/Joan Monfort)<\/p>\n<p>Joan Monfort \/ Ap-LaPresse<\/p>\n<p>\n                        Actualizado a  30\/11\/2025 21:47 CET\n                    <\/p>\n<p data-gtm-element-container=\"modulo-texto-link\" class=\"paragraph\">Fue la jugada m\u00e1s rocambolesca de los casi 45 minutos que se hab\u00edan disputado hasta el momento y, precisamente, la m\u00e1s decisiva pues hab\u00eda supuesto el 0-1 del <strong>Real Madrid <\/strong>en el marcador.\u00a0<\/p>\n<p>    M\u00e1s sobre el Real Madrid<\/p>\n<p data-gtm-element-container=\"modulo-texto-link\" class=\"paragraph\">Sin embargo, lo que en un primer momento no vio <strong>Ricardo De<\/strong> <strong>Burgos Bengoetxea<\/strong>, s\u00ed que lo vieron en la sala del VAR y es que result\u00f3 que <strong>Mbapp\u00e9 <\/strong>se hab\u00eda ayudado de su mano antes de marcar el gol.\u00a0<\/p>\n<p data-gtm-element-container=\"modulo-texto-link\" class=\"paragraph\">El bal\u00f3n que hab\u00eda circulado por todos los lados del cuerpo del franc\u00e9s, fue a tocar su mano derecha antes de que este golpeara hacia dentro el cuero haciendo ilegal un gol que, de no ser por el VAR, habr\u00eda subido al marcador.\u00a0<\/p>\n<p>\n        Mostrar comentarios\n    <\/p>\n<p>{\u00aballowComment\u00bb:\u00bballowed\u00bb,\u00bbarticleId\u00bb:\u00bbarticle-1002578848&#8243;,\u00bburl\u00bb:\u00bbhttps:\\\/\\\/www.mundodeportivo.com\\\/futbol\\\/real-madrid\\\/20251130\\\/1002578848\\\/var-le-quita-acierto-gol-madrid-mano-mbappe.html\u00bb,\u00bblivefyre-url\u00bb:\u00bbarticle-1002578848&#8243;}<\/p>\n<p>Cargando siguiente contenido&#8230;\n                <\/p>\n","protected":false},"excerpt":{"rendered":"El jugador franc\u00e9s se llev\u00f3 la pelota de una manera muy err\u00e1tica e ilegal hasta que la empuj\u00f3&hellip;\n","protected":false},"author":2,"featured_media":264503,"comment_status":"","ping_status":"","sticky":false,"template":"","format":"standard","meta":{"footnotes":""},"categories":[268],"tags":[168,25,24,280,282,281,23,167],"class_list":{"0":"post-264502","1":"post","2":"type-post","3":"status-publish","4":"format-standard","5":"has-post-thumbnail","7":"category-futbol","8":"tag-deportes","9":"tag-es","10":"tag-espana","11":"tag-football","12":"tag-futbol","13":"tag-soccer","14":"tag-spain","15":"tag-sports"},"share_on_mastodon":{"url":"https:\/\/pubeurope.com\/@es\/115641275542455791","error":""},"_links":{"self":[{"href":"https:\/\/www.europesays.com\/es\/wp-json\/wp\/v2\/posts\/264502","targetHints":{"allow":["GET"]}}],"collection":[{"href":"https:\/\/www.europesays.com\/es\/wp-json\/wp\/v2\/posts"}],"about":[{"href":"https:\/\/www.europesays.com\/es\/wp-json\/wp\/v2\/types\/post"}],"author":[{"embeddable":true,"href":"https:\/\/www.europesays.com\/es\/wp-json\/wp\/v2\/users\/2"}],"replies":[{"embeddable":true,"href":"https:\/\/www.europesays.com\/es\/wp-json\/wp\/v2\/comments?post=264502"}],"version-history":[{"count":0,"href":"https:\/\/www.europesays.com\/es\/wp-json\/wp\/v2\/posts\/264502\/revisions"}],"wp:featuredmedia":[{"embeddable":true,"href":"https:\/\/www.europesays.com\/es\/wp-json\/wp\/v2\/media\/264503"}],"wp:attachment":[{"href":"https:\/\/www.europesays.com\/es\/wp-json\/wp\/v2\/media?parent=264502"}],"wp:term":[{"taxonomy":"category","embeddable":true,"href":"https:\/\/www.europesays.com\/es\/wp-json\/wp\/v2\/categories?post=264502"},{"taxonomy":"post_tag","embeddable":true,"href":"https:\/\/www.europesays.com\/es\/wp-json\/wp\/v2\/tags?post=264502"}],"curies":[{"name":"wp","href":"https:\/\/api.w.org\/{rel}","templated":true}]}}