{"id":264510,"date":"2025-11-30T23:42:13","date_gmt":"2025-11-30T23:42:13","guid":{"rendered":"https:\/\/www.europesays.com\/es\/264510\/"},"modified":"2025-11-30T23:42:13","modified_gmt":"2025-11-30T23:42:13","slug":"xabi-alonso-pide-mas-continuidad-en-el-juego-nos-ha-faltado-mas-minutos-de-buen-futbol-futbol-deportes","status":"publish","type":"post","link":"https:\/\/www.europesays.com\/es\/264510\/","title":{"rendered":"Xabi Alonso pide m\u00e1s continuidad en el juego: \u201cNos ha faltado m\u00e1s minutos de buen f\u00fatbol\u201d | F\u00fatbol | Deportes"},"content":{"rendered":"<p class=\"\">Las cuentas cantan: solo un gol de Kylian Mbapp\u00e9 en los tres \u00faltimos partidos de Liga (de penalti <a href=\"https:\/\/elpais.com\/deportes\/futbol\/2025-11-30\/el-real-madrid-se-evapora-en-noviembre.html\" target=\"_self\" rel=\"nofollow noopener\" title=\"https:\/\/elpais.com\/deportes\/futbol\/2025-11-30\/el-real-madrid-se-evapora-en-noviembre.html\">en Girona<\/a>) y tres empates del Madrid fuera de casa. De los cinco puntos de ventaja respecto al Barcelona tras el cl\u00e1sico al punto de desventaja despu\u00e9s de Montilivi. Xabi Alonso acab\u00f3 este domingo con Vinicius, Mbapp\u00e9, Bellingham, Rodrygo y Gonzalo Garc\u00eda (apareci\u00f3 en el 90). Pero tampoco. 25 remates para solo cuatro a porter\u00eda. <a href=\"https:\/\/elpais.com\/deportes\/futbol\/2025-11-23\/xabi-alonso-pide-ayuda-para-kylian-mbappe-tras-su-frenazo-goleador.html\" target=\"_self\" rel=\"nofollow noopener\" title=\"https:\/\/elpais.com\/deportes\/futbol\/2025-11-23\/xabi-alonso-pide-ayuda-para-kylian-mbappe-tras-su-frenazo-goleador.html\">Si Kiki<\/a> no las empuja (casi) todas (acapara 23 de los 41 tantos totales), la fiesta es improbable en el bando merengue. Tambi\u00e9n porque el juego, como lament\u00f3 su entrenador, es racheado. <\/p>\n<p class=\"\">Y en medio de las dificultades evidentes, un dato: Rodrygo igual\u00f3 la peor racha de partidos consecutivos sin marcar (30) de un delantero del Madrid. Igual que Mariano D\u00edaz, aunque este con 350 minutos menos sobre el c\u00e9sped, seg\u00fan los registros del estad\u00edstico Mr. Chip. <\/p>\n<p class=\"\">\u201cNos falt\u00f3 punter\u00eda\u201d, analiz\u00f3 Xabi. \u201cMejoramos en la segunda parte, tuvimos m\u00e1s ocasiones y empujamos m\u00e1s. Pudimos meter. El equipo mostr\u00f3 ganas de sobreponerse al 1-0. Hubo tres, cuatro ocasiones claras\u201d, coment\u00f3 el t\u00e9cnico vasco, que dijo que no hab\u00eda reproches para los suyos. S\u00ed dej\u00f3, no obstante, una reflexi\u00f3n m\u00e1s de fondo sobre el juego, al margen de la falta de tino. <\/p>\n<p class=\"\">\u201cNos ha faltado completar m\u00e1s minutos de buen f\u00fatbol, de f\u00fatbol ofensivo, de dominar. En la segunda parte lo hicimos m\u00e1s. Por qu\u00e9 pasa es lo que tenemos que mirar\u201d, apunt\u00f3. En la previa, ya hab\u00eda advertido de que uno de los grandes debes de estos cuatro primeros meses de temporada era la falta de continuidad. \u201cPero bueno, esto es muy largo. Estamos ah\u00ed y hay que seguir con la unidad que tenemos\u201d, concluy\u00f3 el entrenador tolosarra, que admiti\u00f3 que el mi\u00e9rcoles en San Mam\u00e9s (sexto y \u00faltimo encuentro seguido a domicilio) necesitan el triunfo. <\/p>\n<p class=\"\">Alonso tom\u00f3 en el intermedio una decisi\u00f3n que, a falta de conocer si se debi\u00f3 a un problema f\u00edsico, sorprendi\u00f3 por lo poco habitual: quit\u00f3 a Arda G\u00fcler y meti\u00f3 a Camavinga. Por condiciones, el turco se supon\u00eda que era una de las piezas mejor preparadas para encontrar los espacios en el bloque bajo del Girona, sin embargo, el joven no pasa por sus mejores tardes. Sobre todo, desde que coincide con Jude Bellingham. La gran apuesta de Xabi para el centro del campo tiende a diluirse en compa\u00f1\u00eda del ingl\u00e9s. Este domingo, el entrenador blanco oper\u00f3 r\u00e1pido y lo dej\u00f3 en el banquillo. Durante la primera parte, el peligro hab\u00eda sido contado en el bando blanco. <\/p>\n<p class=\"\">El que m\u00e1s amenaz\u00f3 hasta la carga de la media hora final, con Vinicius percutiendo, fue \u00c9der Milit\u00e3o. Al central le cay\u00f3 a la media hora el bal\u00f3n en los pies dentro del \u00e1rea y el brasile\u00f1o se sinti\u00f3 como un hombre en J\u00fapiter. \u00bfQu\u00e9 se hace aqu\u00ed?, debi\u00f3 preguntarse. Empez\u00f3 a balbucear, tratando de encontrar el acertijo a una situaci\u00f3n tan ortop\u00e9dica para \u00e9l, y el peligro se extingui\u00f3 de la misma forma lleg\u00f3. Pero lo cierto es que \u00e9l fue quien m\u00e1s peligro cre\u00f3 en el Madrid hasta el acoso final. M\u00e1s all\u00e1 de esta situaci\u00f3n casi accidental, en el 39 le lleg\u00f3 una pelota a\u00e9rea \u2014una acci\u00f3n m\u00e1s previsible\u2014 y su cabezazo terminal lo despej\u00f3 un gran Gazzaniga. Ese fue el \u00fanico disparo a porter\u00eda de los blancos que vali\u00f3 en toda la primera parte. A Mbapp\u00e9, el VAR le caz\u00f3 tocando un bal\u00f3n con la mano y el gol que celebr\u00f3 se qued\u00f3 en nada. <\/p>\n<p class=\"\">En la primera mitad con G\u00fcler, en la segunda sin \u00e9l, nadie atin\u00f3 salvo Mbapp\u00e9 en el penalti que forz\u00f3 Vini. Un agujero anotador que lastra a un equipo que tampoco va sobrado de f\u00fatbol.<\/p>\n","protected":false},"excerpt":{"rendered":"Las cuentas cantan: solo un gol de Kylian Mbapp\u00e9 en los tres \u00faltimos partidos de Liga (de penalti&hellip;\n","protected":false},"author":2,"featured_media":264511,"comment_status":"","ping_status":"","sticky":false,"template":"","format":"standard","meta":{"footnotes":""},"categories":[93],"tags":[20108,1540,168,1539,25,24,282,1538,18013,17016,24019,8040,1210,1945,3048,16240,23,167,10111,10344],"class_list":{"0":"post-264510","1":"post","2":"type-post","3":"status-publish","4":"format-standard","5":"has-post-thumbnail","7":"category-deportes","8":"tag-arda-guler","9":"tag-competiciones","10":"tag-deportes","11":"tag-entrenadores","12":"tag-es","13":"tag-espana","14":"tag-futbol","15":"tag-futbolistas","16":"tag-girona-fc","17":"tag-gonzalo-garcia","18":"tag-jude-bellingham","19":"tag-kylian-mbappe","20":"tag-laliga-ea-sports","21":"tag-primera-division","22":"tag-real-madrid","23":"tag-rodrygo-goes","24":"tag-spain","25":"tag-sports","26":"tag-vinicius-junior","27":"tag-xabi-alonso"},"share_on_mastodon":{"url":"https:\/\/pubeurope.com\/@es\/115641302644170367","error":""},"_links":{"self":[{"href":"https:\/\/www.europesays.com\/es\/wp-json\/wp\/v2\/posts\/264510","targetHints":{"allow":["GET"]}}],"collection":[{"href":"https:\/\/www.europesays.com\/es\/wp-json\/wp\/v2\/posts"}],"about":[{"href":"https:\/\/www.europesays.com\/es\/wp-json\/wp\/v2\/types\/post"}],"author":[{"embeddable":true,"href":"https:\/\/www.europesays.com\/es\/wp-json\/wp\/v2\/users\/2"}],"replies":[{"embeddable":true,"href":"https:\/\/www.europesays.com\/es\/wp-json\/wp\/v2\/comments?post=264510"}],"version-history":[{"count":0,"href":"https:\/\/www.europesays.com\/es\/wp-json\/wp\/v2\/posts\/264510\/revisions"}],"wp:featuredmedia":[{"embeddable":true,"href":"https:\/\/www.europesays.com\/es\/wp-json\/wp\/v2\/media\/264511"}],"wp:attachment":[{"href":"https:\/\/www.europesays.com\/es\/wp-json\/wp\/v2\/media?parent=264510"}],"wp:term":[{"taxonomy":"category","embeddable":true,"href":"https:\/\/www.europesays.com\/es\/wp-json\/wp\/v2\/categories?post=264510"},{"taxonomy":"post_tag","embeddable":true,"href":"https:\/\/www.europesays.com\/es\/wp-json\/wp\/v2\/tags?post=264510"}],"curies":[{"name":"wp","href":"https:\/\/api.w.org\/{rel}","templated":true}]}}