{"id":264518,"date":"2025-11-30T23:47:13","date_gmt":"2025-11-30T23:47:13","guid":{"rendered":"https:\/\/www.europesays.com\/es\/264518\/"},"modified":"2025-11-30T23:47:13","modified_gmt":"2025-11-30T23:47:13","slug":"las-elecciones-en-honduras-2025-en-imagenes-el-pais","status":"publish","type":"post","link":"https:\/\/www.europesays.com\/es\/264518\/","title":{"rendered":"Las elecciones en Honduras 2025, en im\u00e1genes &#8211; EL PA\u00cdS"},"content":{"rendered":"<ol>\n<li><a href=\"https:\/\/news.google.com\/rss\/articles\/CBMijwFBVV95cUxQeUZHbW0zMDZUOU9weVItWlA2TlE5LWVpaE9oYTVwMU14VFVldkw3MmFTanBXSkRoalROSE5jVm9BWFNBcXBqd2Z4dGJkREJXbjVQVTQ5Y29zeEpjTFUtdmlmZG5zX3dObkZsQUlHVEloVU82NC1ZODVWc0lfSjNyS2ZEdC0xcVFMOWhvUnRTMA?oc=5\" target=\"_blank\" rel=\"nofollow noopener\">Las elecciones en Honduras 2025, en im\u00e1genes<\/a>&nbsp;&nbsp;EL PA\u00cdS<\/li>\n<li><a href=\"https:\/\/news.google.com\/rss\/articles\/CBMigwFBVV95cUxPS3BfemRoZW5mLTUwbzN2cF9ORmlramlHY2lqX1BpT1lQeHBDamgyUHh0b0R2OWxJOGZkSXdRVVZLT0poMm1YWTRwd2VZX1dQY2t4T2d0cWlXTnotTnRnLTdQZ2UtcThwRjNtWnNycVFYWEdnMk5VYk9pVHVKbnRMb1Z0UdIBgwFBVV95cUxONld1QzNMOUxBcURmZVdHZUhzdGE0SVFUS0N1bHh6dTAtemhOOWc2SUFXbTUwS0pRRkhzY2dHQ0JjS3ZDUFpMVkkzc3Jsek5rZ00xSGZfSDRsTnRINnl0YVJ0ZnRXLW95Y2FwRnhWY203QnFaQnRLdVQ5N1R2RFJ6R3FHaw?oc=5\" target=\"_blank\" rel=\"nofollow noopener\">Pugna ante una decisiva cita electoral entre Trump y Maduro para mantener a Honduras en su &#8216;patio trasero&#8217;<\/a>&nbsp;&nbsp;El Mundo<\/li>\n<li><a href=\"https:\/\/news.google.com\/rss\/articles\/CBMirAFBVV95cUxNclc0d21ZZXJvc0xNREU1akgzNTNYU2c5ajRoM21NeldZemVYbVFrN25DT3IzM2Q4QnF2aklKbk9aWVhrNGFpYnYzcE8tYXlyRHF2ZmNPbGRZemZMMnU2cHhhaEpfV3IxdFcwRklpV3pELUVUa1l0MHBsWmtoUGVsY1ctdmcwVXB4SkJjRU1IV2hvYWY1U0N2bERaaFJ3dW9zZ2k0bzREcFBYVDRx0gGyAUFVX3lxTE5wQXJZVk54S2RaTEgzM01qaEJWV2xaTnRuVFZ5ZVpCaUR4dVNuLWxGS3R2RGdJUG1sUnM0ZmdDZW9yNUNOUEtDYXROUGd5VVVic25mbGhIWkZFMDBRLXJlZk1XYkpUYmJBYjJjeDNCUFNadkI2ek96ZWdHM2JxNmtPSjh3b0NaUjZoZmp5MzdaQ0Jrb1Z0elBqLURDOWlsVUdwR2NrRTNHQ2pGS0hrTlJYYVE?oc=5\" target=\"_blank\" rel=\"nofollow noopener\">Elecciones Honduras 2025: votaciones, candidatos y \u00faltima hora, hoy en directo<\/a>&nbsp;&nbsp;El Confidencial<\/li>\n<li><a href=\"https:\/\/news.google.com\/rss\/articles\/CBMiqwFBVV95cUxPUTNsbVFydnVWSnluZ010RXN1V00xaHBwMHhDY1d4RjBBYnRDSjYtUkhZbTc4WUxBSmw5WW01NUNLR2Qtai0wMlBBSmNkemlHQmhwUXNvMGh4Rmc2WVVWMjk2U1FDYXM5UVZaMmpydkNqSEItRnkzcURwa2RNMkZXRkhWVjA3WlpIdkZQY0VDYVh5VjdrRU91cnM3Ni12d2Vab1pFVGRDSWZ6MXM?oc=5\" target=\"_blank\" rel=\"nofollow noopener\">Caos, colas y un sistema fallido desbordan la elecci\u00f3n m\u00e1s tensa de Honduras en a\u00f1os<\/a>&nbsp;&nbsp;ABC<\/li>\n<li><a href=\"https:\/\/news.google.com\/rss\/articles\/CBMixwFBVV95cUxNREtHOUI1Z056bWJWSzd1OGVwbVJZWENyWVU3QXZxS0kzUkhlZXZETFk1MlZKOTFLY3pRVUlqTUROQlZndExEb0NHemlhczI1eldHMDJfWC1yaGliOThOb29aS3Z4ZEMyUXI5a1Jib19keER3TFN3RWtBa1UxVXJsaGpRTE9WUG9OT3RDVE81V0VhZFpiX0x2a0VTZ3REM3U1Mkd4RUpmVG1sckcycUNVZjAwNnd2VklpNXRwcEhkWWc1UVlpaWQ4?oc=5\" target=\"_blank\" rel=\"nofollow noopener\">Honduras vota bajo el estado de excepci\u00f3n y la sombra del fraude electoral<\/a>&nbsp;&nbsp;El Correo<\/li>\n<\/ol>\n","protected":false},"excerpt":{"rendered":"Las elecciones en Honduras 2025, en im\u00e1genes&nbsp;&nbsp;EL PA\u00cdS Pugna ante una decisiva cita electoral entre Trump y Maduro&hellip;\n","protected":false},"author":2,"featured_media":264519,"comment_status":"","ping_status":"","sticky":false,"template":"","format":"standard","meta":{"footnotes":""},"categories":[42],"tags":[17,18,13,14,11,61,62,63,64,19,20,9,10,15,16,12,21,22,65,66,67],"class_list":{"0":"post-264518","1":"post","2":"type-post","3":"status-publish","4":"format-standard","5":"has-post-thumbnail","7":"category-internacional","8":"tag-breaking-news","9":"tag-breakingnews","10":"tag-featured-news","11":"tag-featurednews","12":"tag-headlines","13":"tag-internacional","14":"tag-international","15":"tag-international-news","16":"tag-internationalnews","17":"tag-latest-news","18":"tag-latestnews","19":"tag-news","20":"tag-noticias","21":"tag-noticias-destacadas","22":"tag-noticiasdestacadas","23":"tag-titulares","24":"tag-ultimas-noticias","25":"tag-ultimasnoticias","26":"tag-world","27":"tag-world-news","28":"tag-worldnews"},"share_on_mastodon":{"url":"https:\/\/pubeurope.com\/@es\/115641322261959637","error":""},"_links":{"self":[{"href":"https:\/\/www.europesays.com\/es\/wp-json\/wp\/v2\/posts\/264518","targetHints":{"allow":["GET"]}}],"collection":[{"href":"https:\/\/www.europesays.com\/es\/wp-json\/wp\/v2\/posts"}],"about":[{"href":"https:\/\/www.europesays.com\/es\/wp-json\/wp\/v2\/types\/post"}],"author":[{"embeddable":true,"href":"https:\/\/www.europesays.com\/es\/wp-json\/wp\/v2\/users\/2"}],"replies":[{"embeddable":true,"href":"https:\/\/www.europesays.com\/es\/wp-json\/wp\/v2\/comments?post=264518"}],"version-history":[{"count":0,"href":"https:\/\/www.europesays.com\/es\/wp-json\/wp\/v2\/posts\/264518\/revisions"}],"wp:featuredmedia":[{"embeddable":true,"href":"https:\/\/www.europesays.com\/es\/wp-json\/wp\/v2\/media\/264519"}],"wp:attachment":[{"href":"https:\/\/www.europesays.com\/es\/wp-json\/wp\/v2\/media?parent=264518"}],"wp:term":[{"taxonomy":"category","embeddable":true,"href":"https:\/\/www.europesays.com\/es\/wp-json\/wp\/v2\/categories?post=264518"},{"taxonomy":"post_tag","embeddable":true,"href":"https:\/\/www.europesays.com\/es\/wp-json\/wp\/v2\/tags?post=264518"}],"curies":[{"name":"wp","href":"https:\/\/api.w.org\/{rel}","templated":true}]}}