{"id":264520,"date":"2025-11-30T23:48:11","date_gmt":"2025-11-30T23:48:11","guid":{"rendered":"https:\/\/www.europesays.com\/es\/264520\/"},"modified":"2025-11-30T23:48:11","modified_gmt":"2025-11-30T23:48:11","slug":"habia-mas-gente-en-el-mercadillo-de-navidad-de-valladolid","status":"publish","type":"post","link":"https:\/\/www.europesays.com\/es\/264520\/","title":{"rendered":"Hab\u00eda m\u00e1s gente en el mercadillo de Navidad de Valladolid"},"content":{"rendered":"<p class=\"article-text\">\n        Miles de personas han acudido este domingo a la explanada del Templo de Debod en Madrid para apoyar <a href=\"https:\/\/www.eldiario.es\/politica\/feijoo-ayuso-apuntan-pedro-sanchez-koldo-cerdan-abalos-tres-conocen-carcel-falta_1_12808800.html\" target=\"_blank\" data-mrf-recirculation=\"links-noticia\" class=\"link\" rel=\"nofollow noopener\">la protesta del PP contra el Gobierno de Pedro S\u00e1nchez<\/a>.\u00a0Unas 40.000 personas, seg\u00fan Delegaci\u00f3n del Gobierno, y hasta 80.000 seg\u00fan el PP, han acudido a la concentraci\u00f3n.\n    <\/p>\n<p class=\"article-text\">\n        Numerosos usuarios han se\u00f1alado en redes sociales que no hab\u00eda tantas personas, en buena parte porque la zona peatonal en el espacio que alberga el templo egipcio es limitada. Uno de ellos ha sido el ministro de Transportes, \u00d3scar Puente, que ha afirmado en su cuenta de X que \u201choy hab\u00eda m\u00e1s gente en el mercadillo de Navidad de Valladolid que ah\u00ed\u201d.\n    <\/p>\n<p class=\"article-text\">\n        Puente ha a\u00f1adido que la gente ya est\u00e1 \u201ccansada \u201dde las \u201cmentiras, exageraciones y manipulaciones\u201d del PP y a\u00f1ad\u00eda una foto a\u00e9rea del lugar, donde se aprecia que est\u00e1 ocupado en su mayor parte por el propio templo y por el foso con agua que lo rodea, as\u00ed como que apenas hab\u00eda personas al fondo.\n    <\/p>\n<blockquote class=\"twitter-tweet\" data-lang=\"es\"><p><a href=\"https:\/\/twitter.com\/X\/status\/1995144601632756167?ref_src=twsrc%5Etfw\" rel=\"nofollow noopener\" target=\"_blank\"><\/p><\/blockquote>\n<p class=\"article-text\">\n        En cuanto al contenido de la protesta, una de las intervenciones del evento ha sido la de Isabel D\u00edaz Ayuso, presidenta de la Comunidad de Madrid, que ha sostenido que \u201cETA est\u00e1 preparando su asalto al Pa\u00eds Vasco y a Navarra mientras sostiene a Pedro S\u00e1nchez\u201d.\n    <\/p>\n<p class=\"article-text\">\n        El portavoz de ERC en el Congreso, Gabriel Rufi\u00e1n, ha emitido un comentario tan escueto como firme hacia la frase de Ayuso: \u201cEs mentira\u201d.\n    <\/p>\n<blockquote class=\"twitter-tweet\" data-lang=\"es\"><p><a href=\"https:\/\/twitter.com\/X\/status\/1995119515986792518?ref_src=twsrc%5Etfw\" rel=\"nofollow noopener\" target=\"_blank\"><\/p><\/blockquote>\n<p class=\"article-text\">\n        Rebeca Torr\u00f3, Secretaria de Organizaci\u00f3n y Acci\u00f3n Electoral del PSOE, ha criticado que Ayuso saque \u201clos viejos fantasmas del armario un d\u00eda m\u00e1s para desviar la atenci\u00f3n sobre su \u00e1tico pagado con el dinero de un presunto delito fiscal\u201d.\n    <\/p>\n<blockquote class=\"twitter-tweet\" data-lang=\"es\"><p><a href=\"https:\/\/twitter.com\/X\/status\/1995136380972736741?ref_src=twsrc%5Etfw\" rel=\"nofollow noopener\" target=\"_blank\"><\/p><\/blockquote>\n<p class=\"article-text\">\n        La eurodiputada de Podemos, Irene Montero, ha calificado esta ma\u00f1ana desde Sevilla de \u201cderecha golpista\u201d las concentraciones paralelas convocadas en Madrid por PP y Vox y como un ejercicio de \u201cponerse el traje de fascista en Espa\u00f1a cada vez que ven amenazados sus privilegios y su poder\u201d. Esta reacci\u00f3n ocurre, seg\u00fan Montero, cuando perciben que \u201cen Espa\u00f1a es posible que haya avances y transformaciones sociales, feministas, de justicia social, de poner coto a la ambici\u00f3n desmedida de las grandes fortunas\u201d.\n    <\/p>\n<p class=\"article-text\">\n        La tambi\u00e9n exministra ha considerado que a \u201cesa derecha golpista no le importa la democracia, privatiza, desmantela los servicios p\u00fablicos y roba el dinero de todas para sus propios intereses\u201d y ha apostado por \u201cuna izquierda fuerte que sea capaz de echar a esta derecha\u201d.\n    <\/p>\n<p class=\"article-text\">\n        En la misma l\u00ednea se ha pronunciado Lara Hern\u00e1ndez, la co-coordinadora de Movimiento Sumar, que ha se\u00f1alado que el Partido Popular no se ha manifestado \u201cpara reivindicar el derecho constitucional a la vivienda, la reducci\u00f3n de la jornada laboral o el fin del genocidio en Palestina, sino con un \u00fanico objetivo: hacer caer al gobierno\u201d. Hern\u00e1ndez recuerda que, sin embargo, \u201ccuando Sumar llev\u00f3 una oficina anticorrupci\u00f3n al Congreso ellos la votaron en contra. Con su apoyo habr\u00eda salido adelante. \u00a1Son unos verdaderos hip\u00f3critas!\u201d.\n    <\/p>\n<p>    <a href=\"https:\/\/www.eldiario.es\/politica\/feijoo-ayuso-apuntan-pedro-sanchez-koldo-cerdan-abalos-tres-conocen-carcel-falta_1_12808800.html\" data-mrf-recirculation=\"saber-mas-abajo\" data-dl-event=\"saber-mas-abajo\" rel=\"nofollow noopener\" target=\"_blank\"><\/p>\n<p class=\"know-more__title\">Feij\u00f3o y Ayuso apuntan a Pedro S\u00e1nchez tras Koldo, Cerd\u00e1n y \u00c1balos: \u201cTres ya conocen la c\u00e1rcel, falta &#8216;el uno\u201d\n<\/p>\n<p>            <img decoding=\"async\" class=\"lazy\" loading=\"lazy\" data-src=\"https:\/\/static.eldiario.es\/clip\/c0f1a054-309c-4122-892a-c25cfc0ced93_16-9-aspect-ratio_default_0.jpg\" src=\"data:image\/svg+xml,%3Csvg xmlns=\" http:=\"\" viewbox=\"0 0 880 495\" alt=\"Feij\u00f3o y Ayuso apuntan a Pedro S\u00e1nchez tras Koldo, Cerd\u00e1n y \u00c1balos: &quot;Tres ya conocen la c\u00e1rcel, falta 'el uno&quot;\"\/><\/p>\n<p>                        <\/a><\/p>\n<p class=\"article-text\">\n        \u201cEl PP es el partido de las \u00e9lites, de los se\u00f1oritos y de los oligarcas. El partido de la G\u00fcrtel, de la P\u00fanica o de la Lezo\u201d, concluye Hern\u00e1ndez, que pide no admitir \u201cni una sola lecci\u00f3n de anticorrupci\u00f3n\u201d de ellos.\n    <\/p>\n<blockquote class=\"bluesky-embed\" data-bluesky-uri=\"at:\/\/did:plc:7ofkuhbuonuveek5hmkd5d5m\/app.bsky.feed.post\/3m6trp7pqks2c\"\/>\n<p>                                    <script async src=\"https:\/\/platform.twitter.com\/widgets.js\" charset=\"utf-8\"><\/script><\/p>\n","protected":false},"excerpt":{"rendered":"Miles de personas han acudido este domingo a la explanada del Templo de Debod en Madrid para apoyar&hellip;\n","protected":false},"author":2,"featured_media":264521,"comment_status":"","ping_status":"","sticky":false,"template":"","format":"standard","meta":{"footnotes":""},"categories":[8],"tags":[17,18,25,24,13,14,260,8732,11,19,20,205,5087,11407,2951,9,10,15,16,2789,956,2497,23,12,21,22,1607],"class_list":{"0":"post-264520","1":"post","2":"type-post","3":"status-publish","4":"format-standard","5":"has-post-thumbnail","7":"category-espana","8":"tag-breaking-news","9":"tag-breakingnews","10":"tag-es","11":"tag-espana","12":"tag-featured-news","13":"tag-featurednews","14":"tag-gente","15":"tag-habia","16":"tag-headlines","17":"tag-latest-news","18":"tag-latestnews","19":"tag-madrid","20":"tag-manifestacion","21":"tag-mercadillo","22":"tag-navidad","23":"tag-news","24":"tag-noticias","25":"tag-noticias-destacadas","26":"tag-noticiasdestacadas","27":"tag-oscar","28":"tag-pp","29":"tag-puente","30":"tag-spain","31":"tag-titulares","32":"tag-ultimas-noticias","33":"tag-ultimasnoticias","34":"tag-valladolid"},"share_on_mastodon":{"url":"","error":""},"_links":{"self":[{"href":"https:\/\/www.europesays.com\/es\/wp-json\/wp\/v2\/posts\/264520","targetHints":{"allow":["GET"]}}],"collection":[{"href":"https:\/\/www.europesays.com\/es\/wp-json\/wp\/v2\/posts"}],"about":[{"href":"https:\/\/www.europesays.com\/es\/wp-json\/wp\/v2\/types\/post"}],"author":[{"embeddable":true,"href":"https:\/\/www.europesays.com\/es\/wp-json\/wp\/v2\/users\/2"}],"replies":[{"embeddable":true,"href":"https:\/\/www.europesays.com\/es\/wp-json\/wp\/v2\/comments?post=264520"}],"version-history":[{"count":0,"href":"https:\/\/www.europesays.com\/es\/wp-json\/wp\/v2\/posts\/264520\/revisions"}],"wp:featuredmedia":[{"embeddable":true,"href":"https:\/\/www.europesays.com\/es\/wp-json\/wp\/v2\/media\/264521"}],"wp:attachment":[{"href":"https:\/\/www.europesays.com\/es\/wp-json\/wp\/v2\/media?parent=264520"}],"wp:term":[{"taxonomy":"category","embeddable":true,"href":"https:\/\/www.europesays.com\/es\/wp-json\/wp\/v2\/categories?post=264520"},{"taxonomy":"post_tag","embeddable":true,"href":"https:\/\/www.europesays.com\/es\/wp-json\/wp\/v2\/tags?post=264520"}],"curies":[{"name":"wp","href":"https:\/\/api.w.org\/{rel}","templated":true}]}}