{"id":264522,"date":"2025-11-30T23:49:23","date_gmt":"2025-11-30T23:49:23","guid":{"rendered":"https:\/\/www.europesays.com\/es\/264522\/"},"modified":"2025-11-30T23:49:23","modified_gmt":"2025-11-30T23:49:23","slug":"mueren-mas-de-400-personas-tras-las-devastadoras-inundaciones-registradas-en-indonesia","status":"publish","type":"post","link":"https:\/\/www.europesays.com\/es\/264522\/","title":{"rendered":"Mueren m\u00e1s de 400 personas tras las devastadoras inundaciones registradas en Indonesia"},"content":{"rendered":"<p><img fetchpriority=\"high\" decoding=\"async\" src=\"https:\/\/www.europesays.com\/es\/wp-content\/uploads\/2025\/11\/23e3a2b0-ce03-11f0-aeef-e71f60828f34.jpg.webp.webp\"   alt=\"Dos mujeres con velos isl\u00e1mcios y un hombre observan un terreno lodoso y  lleno de piedras   \" loading=\"eager\" width=\"993\" height=\"558\" style=\"aspect-ratio:993 \/ 558\" class=\"css-4ejld5\"\/><\/p>\n<p class=\"css-by8ykd\" role=\"text\">Fuente de la imagen, Reuters<\/p>\n<p>Pie de foto, Vecinos observan los da\u00f1os causados por las inundaciones en Padang, el domingo. <strong id=\"article-byline\" aria-hidden=\"true\" class=\"css-m04vo2\">Informaci\u00f3n del art\u00edculo<\/strong><\/p>\n<ul class=\"css-1rvtlej\">\n<li class=\"css-oe8da4\">\n<ul role=\"list\" class=\"css-1rnycnn\">\n<li>Autor, Astudestra Ajengrastri<\/li>\n<li>T\u00edtulo del autor,  BBC, Yakarta<\/li>\n<\/ul>\n<ul role=\"list\" class=\"css-1rnycnn\">\n<li>Autor, Jonathan Head<\/li>\n<li>T\u00edtulo del autor,  Corresponsal en el Sudeste Asi\u00e1tico<\/li>\n<li>Informa desde  Bangkok<\/li>\n<\/ul>\n<ul role=\"list\" class=\"css-1rnycnn\">\n<li>Autor, Patrick Jackson<\/li>\n<li>T\u00edtulo del autor,  <\/li>\n<\/ul>\n<\/li>\n<li class=\"css-1clfxfc\">\n<p>4 horas<\/p>\n<\/li>\n<li class=\"css-1clfxfc\"\/><\/ul>\n<p dir=\"ltr\" class=\"css-oygqes e17g058b0\"><b>Los equipos de recate en Indonesia buscan a cientos de personas reportadas como desaparecidas, muchas de las cuales podr\u00edan estar sepultadas bajo deslizamientos de tierra, despu\u00e9s de que lluvias cicl\u00f3nicas causaran inundaciones catastr\u00f3ficas hace casi una semana.<\/b><\/p>\n<p dir=\"ltr\" class=\"css-oygqes e17g058b0\">La cifra de muertos en la isla de Sumatra ya supera los 440, seg\u00fan el gobierno.<\/p>\n<p dir=\"ltr\" class=\"css-oygqes e17g058b0\">Se ha enviado ayuda a las zonas afectadas por tierra y aire, pero algunas aldeas a\u00fan no han recibido nada y se informa de personas robando alimentos y agua para sobrevivir.<\/p>\n<p dir=\"ltr\" class=\"css-oygqes e17g058b0\">Millones de personas en el Sureste Asi\u00e1tico han sufrido las consecuencias de las fuertes lluvias, incluyendo Tailandia, Malasia, Filipinas y Sri Lanka, que han dejado m\u00e1s de 900 muertos este mes.<\/p>\n<p><img decoding=\"async\" src=\"https:\/\/www.europesays.com\/es\/wp-content\/uploads\/2025\/11\/99844200-ce07-11f0-b581-8bb45e928046.jpg.webp.webp\"   alt=\"Rescatistas cargan a un hombre de una lancha inflable a una ribera enlodada \" loading=\"lazy\" width=\"1017\" height=\"572\" style=\"aspect-ratio:1017 \/ 572\" class=\"css-4ejld5\"\/><\/p>\n<p class=\"css-by8ykd\" role=\"text\">Fuente de la imagen, AFP via Getty Images<\/p>\n<p>Pie de foto, Un lugare\u00f1o enfermo fue evacuado de Aceh el s\u00e1bado.  <\/p>\n<p>Deslizamientos catastr\u00f3ficos<\/p>\n<p dir=\"ltr\" class=\"css-oygqes e17g058b0\">El cicl\u00f3n Senyar, una tormenta excepcionalmente inusual, caus\u00f3 deslizamientos catastr\u00f3ficos e inundaciones en Indonesia que arrastraron casas y dejaron miles de edificios sumergidos.<\/p>\n<p dir=\"ltr\" class=\"css-oygqes e17g058b0\">Hay decenas de personas desaparecidas en Aceh, Sumatra Septentrional y Sumatra Occidental, inform\u00f3 la Agencia Nacional de Manejo de Desastres.<\/p>\n<p dir=\"ltr\" class=\"css-oygqes e17g058b0\">\u00abHay dos ciudades que requieren atenci\u00f3n total debido a que est\u00e1n aisladas, espec\u00edficamente Tapanuli Central y Sibolga\u00bb, expres\u00f3 el director de la agencia, el teniente general Suharyanto, que fue citado por la agencia de noticias AFP. <\/p>\n<p dir=\"ltr\" class=\"css-oygqes e17g058b0\">Alguna ayuda internacional ha llegado, particularmente de Malasia, que est\u00e1 enviando suministros a Aceh, una de las provincias m\u00e1s afectadas.<\/p>\n<p><img decoding=\"async\" src=\"https:\/\/www.europesays.com\/es\/wp-content\/uploads\/2025\/11\/07c509b0-ce04-11f0-aeef-e71f60828f34.jpg.webp.webp\"   alt=\"Un hombre joven carga un saco de asistencia desde un helic\u00f3ptero\" loading=\"lazy\" width=\"991\" height=\"557\" style=\"aspect-ratio:991 \/ 557\" class=\"css-4ejld5\"\/><\/p>\n<p class=\"css-by8ykd\" role=\"text\">Fuente de la imagen, Reuters<\/p>\n<p>Pie de foto, Cargamentos de asistencia fueon enviados en helic\u00f3pteros militares a Palembayan el domingo.  <\/p>\n<p dir=\"ltr\" class=\"css-oygqes e17g058b0\">En la aldea de Sungai Nyalo, a unos 100km de la capital de Sumatra Occidental, Padang, las inundaciones ya hab\u00edan retrocedido el domingo, dejando las casas, veh\u00edculos y cultivos cubiertos de un grueso lodo gris, informa AFP.<\/p>\n<p dir=\"ltr\" class=\"css-oygqes e17g058b0\">Las autoridades todav\u00eda no han empezado a despejar las carreteras, afirmaron los residentes, y no ha llegado la asistencia externa.<\/p>\n<p dir=\"ltr\" class=\"css-oygqes e17g058b0\">\u00abLa mayor\u00eda de los lugare\u00f1os optaron quedarse; no quer\u00edan abandonar sus casas\u00bb, coment\u00f3 Idris, de 55 a\u00f1os, a la agencia AFP.<\/p>\n<p dir=\"ltr\" class=\"css-oygqes e17g058b0\">El portavoz de la polic\u00eda Ferry Walintukan dijo que hab\u00edan enviado agentes para frenar los saqueos de tiendas, inform\u00f3 la agencia AP.<\/p>\n<p dir=\"ltr\" class=\"css-oygqes e17g058b0\">\u00abLos saqueos sucedieron antes de que la asistencia log\u00edstica llegara\u00bb, a\u00f1adi\u00f3 Walintukan. \u00ab(Los residentes) no sab\u00edan que la asistencia llegar\u00eda y estaban preocupados por morir de hambre\u00bb.<\/p>\n<p dir=\"ltr\" class=\"css-oygqes e17g058b0\">Por otra parte, el multimillonario empresario de tecnolog\u00eda Elon Musk anunci\u00f3 que suministrar\u00e1 gratis el servicio de su plataforma Starlink para apoyar las comunicaciones durante la emergencia.<\/p>\n<p>Gran devastaci\u00f3n en todo el Sureste Asi\u00e1tico<\/p>\n<p dir=\"ltr\" class=\"css-oygqes e17g058b0\">Las intensas lluvias han dejado una devastaci\u00f3n generalizada en la regi\u00f3n.<\/p>\n<p dir=\"ltr\" class=\"css-oygqes e17g058b0\">Por lo menos 170 personas murieron en las inundaciones en Tailandia y hubo informes de varias muertes en Malasia.<\/p>\n<p dir=\"ltr\" class=\"css-oygqes e17g058b0\">En Sri Lanka, m\u00e1s de 330 personas murieron en inundaciones y deslaves mientras el pa\u00eds lidiaba con uno de los peores desastres clim\u00e1ticos en a\u00f1os.<\/p>\n<p dir=\"ltr\" class=\"css-oygqes e17g058b0\">Aunque las lluvias torrenciales han mermado, las zonas bajas de la capital, Colombo, siguen inundadas y muchas regiones en el centro del pa\u00eds contin\u00faan aisladas.<\/p>\n<p dir=\"ltr\" class=\"css-oygqes e17g058b0\">Y en Filipinas, decenas de miles de personas se manifestaron en contra de la corrupci\u00f3n del gobierno, despu\u00e9s de que una serie de inundaciones se cobraran m\u00e1s de 200 vidas este mes.<\/p>\n<p><img decoding=\"async\" src=\"https:\/\/www.europesays.com\/es\/wp-content\/uploads\/2025\/11\/36681bc0-ce0b-11f0-b581-8bb45e928046.jpg.webp.webp\"   alt=\"Manifestantes en Manila cargan por las calles una efigie del presidente Ferdinand &quot;Bongbong&quot; Marcos Jr\" loading=\"lazy\" width=\"993\" height=\"558\" style=\"aspect-ratio:993 \/ 558\" class=\"css-4ejld5\"\/><\/p>\n<p class=\"css-by8ykd\" role=\"text\">Fuente de la imagen, EPA<\/p>\n<p>Pie de foto, Manifestantes en Manila cargan una efigie del presidente Ferdinand \u00abBongbong\u00bb Marcos Jr, cuyo gobierno se encuentra en dificultades por acusaciones de corrupci\u00f3n.  <\/p>\n<p dir=\"ltr\" class=\"css-oygqes e17g058b0\">El gobierno reconoci\u00f3 que fondos sustanciales destinados a la financiaci\u00f3n del control de inundaciones se han perdido debido a la corrupci\u00f3n.<\/p>\n<p dir=\"ltr\" class=\"css-oygqes e17g058b0\">La ira p\u00fablica sobre la situaci\u00f3n ahora amenaza al gobierno del presidente Ferdinand \u00abBongbong\u00bb Marcos Jr.<\/p>\n<p dir=\"ltr\" class=\"css-oygqes e17g058b0\">Hubo dos multitudinarias protestas en la capital, Manila, una organizada por la Iglesia Cat\u00f3lica y la otra por sindicatos, estudiantes y activistas de izquierda.<\/p>\n<p dir=\"ltr\" class=\"css-oygqes e17g058b0\">La queja es la misma; que el dinero del gobierno central destinado a la defensa contra las inundaciones fue desviado a los bolsillos de pol\u00edticos corruptos, dejando a muchas comunidades peligrosamente expuestas a las precipitaciones excepcionales de este a\u00f1o.<\/p>\n<p dir=\"ltr\" class=\"css-oygqes e17g058b0\">Pero determinar qui\u00e9n es responsable est\u00e1 resultando dif\u00edcil. Marcos Jr ha destituido a varios pol\u00edticos y funcionarios, a quienes acusa de robar fondos.<\/p>\n<p dir=\"ltr\" class=\"css-oygqes e17g058b0\">No obstante, uno de esos pol\u00edticos, que ahora se encuentra escondido, acus\u00f3 al mismo presidente de supervisar la corrupci\u00f3n. Marcos desestim\u00f3 la acusaci\u00f3n como propaganda.<\/p>\n<p dir=\"ltr\" class=\"css-oygqes e17g058b0\">Su propia hermana, la senadora Imee Marcos, se ha unido a la oposici\u00f3n en su contra, y la vicepresidenta Sara Duterte, una ac\u00e9rrima rival del presidente, asegura que ella est\u00e1 lista para tomar el poder si lo fuerzan a dimitir. Sin embargo, ella tambi\u00e9n enfrenta otras acusaciones de corrupci\u00f3n.<\/p>\n<p dir=\"ltr\" class=\"css-oygqes e17g058b0\">Ahora mucho depende de si las protestas contin\u00faan en las semanas venideras y si m\u00e1s aliados del presidente lo abandonan.<\/p>\n<p dir=\"ltr\" class=\"css-oygqes e17g058b0\">\u00c9l ser\u00e1 consciente de que dos de sus predecesores, incluyendo su propio padre, fueron destituidos por movimientos de protesta populares provocados por la corrupci\u00f3n.<\/p>\n<p><img decoding=\"async\" src=\"https:\/\/www.europesays.com\/es\/wp-content\/uploads\/2025\/11\/a6fcdc30-ce20-11f0-9fb5-5f3a3703a365.png.webp.webp\"   alt=\"[]\" loading=\"lazy\" width=\"800\" height=\"100\" style=\"aspect-ratio:800 \/ 100\" class=\"css-4ejld5\"\/><\/p>\n<p dir=\"ltr\" class=\"css-oygqes e17g058b0\"><a href=\"https:\/\/www.bbc.com\/mundo\/send\/u184973209\" class=\"focusIndicatorReducedWidth css-n8oauk e1p3sufg0\" rel=\"nofollow noopener\" target=\"_blank\">Suscr\u00edbete aqu\u00ed<\/a> a nuestro nuevo newsletter para recibir cada viernes una selecci\u00f3n de nuestro mejor contenido de la semana.<\/p>\n<p dir=\"ltr\" class=\"css-oygqes e17g058b0\">Y recuerda que puedes recibir notificaciones en nuestra app. Descarga la \u00faltima versi\u00f3n y act\u00edvalas.<\/p>\n","protected":false},"excerpt":{"rendered":"Fuente de la imagen, Reuters Pie de foto, Vecinos observan los da\u00f1os causados por las inundaciones en Padang,&hellip;\n","protected":false},"author":2,"featured_media":264523,"comment_status":"","ping_status":"","sticky":false,"template":"","format":"standard","meta":{"footnotes":""},"categories":[5],"tags":[17,18,25,24,13,14,11,19,20,9,10,15,16,23,12,21,22],"class_list":{"0":"post-264522","1":"post","2":"type-post","3":"status-publish","4":"format-standard","5":"has-post-thumbnail","7":"category-titulares","8":"tag-breaking-news","9":"tag-breakingnews","10":"tag-es","11":"tag-espana","12":"tag-featured-news","13":"tag-featurednews","14":"tag-headlines","15":"tag-latest-news","16":"tag-latestnews","17":"tag-news","18":"tag-noticias","19":"tag-noticias-destacadas","20":"tag-noticiasdestacadas","21":"tag-spain","22":"tag-titulares","23":"tag-ultimas-noticias","24":"tag-ultimasnoticias"},"share_on_mastodon":{"url":"https:\/\/pubeurope.com\/@es\/115641330865564208","error":""},"_links":{"self":[{"href":"https:\/\/www.europesays.com\/es\/wp-json\/wp\/v2\/posts\/264522","targetHints":{"allow":["GET"]}}],"collection":[{"href":"https:\/\/www.europesays.com\/es\/wp-json\/wp\/v2\/posts"}],"about":[{"href":"https:\/\/www.europesays.com\/es\/wp-json\/wp\/v2\/types\/post"}],"author":[{"embeddable":true,"href":"https:\/\/www.europesays.com\/es\/wp-json\/wp\/v2\/users\/2"}],"replies":[{"embeddable":true,"href":"https:\/\/www.europesays.com\/es\/wp-json\/wp\/v2\/comments?post=264522"}],"version-history":[{"count":0,"href":"https:\/\/www.europesays.com\/es\/wp-json\/wp\/v2\/posts\/264522\/revisions"}],"wp:featuredmedia":[{"embeddable":true,"href":"https:\/\/www.europesays.com\/es\/wp-json\/wp\/v2\/media\/264523"}],"wp:attachment":[{"href":"https:\/\/www.europesays.com\/es\/wp-json\/wp\/v2\/media?parent=264522"}],"wp:term":[{"taxonomy":"category","embeddable":true,"href":"https:\/\/www.europesays.com\/es\/wp-json\/wp\/v2\/categories?post=264522"},{"taxonomy":"post_tag","embeddable":true,"href":"https:\/\/www.europesays.com\/es\/wp-json\/wp\/v2\/tags?post=264522"}],"curies":[{"name":"wp","href":"https:\/\/api.w.org\/{rel}","templated":true}]}}