{"id":264538,"date":"2025-12-01T00:05:20","date_gmt":"2025-12-01T00:05:20","guid":{"rendered":"https:\/\/www.europesays.com\/es\/264538\/"},"modified":"2025-12-01T00:05:20","modified_gmt":"2025-12-01T00:05:20","slug":"que-peliculas-de-terror-se-estrenan-en-diciembre","status":"publish","type":"post","link":"https:\/\/www.europesays.com\/es\/264538\/","title":{"rendered":"\u00bfQu\u00e9 pel\u00edculas de terror se estrenan en diciembre?"},"content":{"rendered":"<p>&#13;<br \/>\n\t\t\t\t\t&#13;<br \/>\n\t\t\t\t\tDiciembre es el mes en el que nos reunimos con la familia para celebrar la Navidad. Un momento ideal para disfrutar juntos, adem\u00e1s del turr\u00f3n, de una buena <b>pel\u00edcula de terror<\/b>.<\/p>\n<p>Por ello hacemos un repaso de todos los estrenos de pel\u00edculas de terror del mes, tanto en cines como en plataformas, que tambi\u00e9n pod\u00e9is consultar en <a href=\"https:\/\/www.aullidos.com\/peliculas\/estrenos\/\" rel=\"nofollow noopener\" target=\"_blank\">nuestro calendario<\/a>.<\/p>\n<p><b>TROL 2<\/b><br \/>Estreno: 1 de diciembre (Netflix)<\/p>\n<p><img decoding=\"async\" class=\"lazyload\" src=\"https:\/\/www.europesays.com\/es\/wp-content\/uploads\/2025\/10\/tw-42994.jpg\"\/><\/p>\n<p>En esta nueva entrega, el director Roar Uthaug \u2014conocido por t\u00edtulos como Tomb Raider y The Wave\u2014 regresa al mando, acompa\u00f1ado de nuevo por el guionista Espen Aukan y los productores Espen Horn y Kristian Strand Sinkerud, responsables del \u00e9xito original. El reparto principal repite con Ine Marie Wilmann (Nora), Kim Falck (Andreas) y Mads Sj\u00f8g\u00e5rd Pettersen (Capit\u00e1n Kris).<\/p>\n<p>En esta ocasi\u00f3n un nuevo y peligroso trol es despertado, desatando el caos y la destrucci\u00f3n por toda Noruega. Nora, Andreas y el Capit\u00e1n Kris se ven obligados a embarcarse en su misi\u00f3n m\u00e1s arriesgada hasta la fecha, recurriendo a nuevos aliados y sumergi\u00e9ndose en la historia ancestral del pa\u00eds para encontrar respuestas. El tiempo corre en su contra mientras la devastaci\u00f3n se extiende y los h\u00e9roes afrontan probabilidades imposibles para salvar su tierra de la oscuridad.<\/p>\n<p><b>FIVE NIGHTS AT FREDDY\u00b4S 2<\/b><br \/>Estreno: 5 de diciembre<\/p>\n<p><img decoding=\"async\" class=\"lazyload\" src=\"https:\/\/www.europesays.com\/es\/wp-content\/uploads\/2025\/12\/tw-43091.jpg\"\/><\/p>\n<p>Ha transcurrido un a\u00f1o desde que fuimos testigo de la pesadilla sobrenatural en la pizzer\u00eda de Freddy Fazbear. La historia de lo que ocurri\u00f3 all\u00ed ha ido adquiriendo la talla de leyenda local, e incluso ha dado pie al primer \u201cFaszfest\u201d.<\/p>\n<p>El exguarda de seguridad Mike (Josh Hutcherson) y la agente de polic\u00eda Vanessa (Elizabeth Lail) han ocultado la verdad a Abby (Piper Rubio), la hermana de 11 a\u00f1os de Mike, acerca del destino de sus amigos animatr\u00f3nicos.<\/p>\n<p>Pero cuando Abby decide reconectar con Freddy, Bonnie, Chica y Foxy, desatar\u00e1 una serie de acontecimientos aterradores que revelar\u00e1n oscuros secretos sobre el verdadero origen de Freddy\u2019s, desencadenando un horror que llevaba d\u00e9cadas escondido y olvidado.<\/p>\n<p><b>NOCHE DE PAZ, NOCHE DE HORROR<\/b><br \/>Estreno: 12 de diciembre<\/p>\n<p><img decoding=\"async\" class=\"lazyload\" src=\"https:\/\/www.europesays.com\/es\/wp-content\/uploads\/2025\/12\/tw-42626.jpg\"\/><\/p>\n<p>La sinopsis oficial confirma que la trama mantiene la esencia del cl\u00e1sico: \u201cCuando Billy presencia el atroz asesinato de sus padres en Nochebuena, su infancia acaba en aquel instante, y cada Navidad se convierte en un recordatorio sangriento. Billy adopta el traje rojo y reparte su particular justicia en una masacre de la que nadie est\u00e1 a salvo. Esta Nochebuena, Billy solo quiere saber: \u00bfHas sido malo?\u201d.<\/p>\n<p>En esta nueva versi\u00f3n Rohan Campbell (Halloween Ends) se mete en la piel de Billy Chapman, el joven traumatizado por el brutal asesinato de sus padres a manos de un asesino vestido de Pap\u00e1 Noel. El personaje estar\u00e1 acompa\u00f1ado por Pamela, interpretada por Ruby Modine (Happy Death Day), compa\u00f1era de trabajo de la que se enamora sin ser correspondido. El elenco se completa con Mark Acheson, David Lawrence Brown y David Tomlinson.<\/p>\n<p><b>KEEPER<\/b><br \/>Estreno: 19 de diciembre<\/p>\n<p><img decoding=\"async\" class=\"lazyload\" src=\"https:\/\/www.europesays.com\/es\/wp-content\/uploads\/2025\/12\/tw-42352.jpg\"\/><\/p>\n<p>Una escapada rom\u00e1ntica a una caba\u00f1a aislada se convierte en una aut\u00e9ntica pesadilla cuando una presencia oscura obliga a la pareja a enfrentarse al inquietante pasado de la propiedad.\u201d<\/p>\n<p>Despu\u00e9s de deslumbrar a toda la cr\u00edtica y el p\u00fablico el verano pasado con la inquietante Longlegs, Osgood Perkins presenta su nueva pel\u00edcula protagonizada por Tatiana Maslany.<\/p>\n<p><b>V\/H\/S HALLOWEEN<\/b><br \/>Estreno: 30 de diciembre (Blu-Ray)<\/p>\n<p><img decoding=\"async\" class=\"lazyload\" src=\"https:\/\/www.europesays.com\/es\/wp-content\/uploads\/2025\/12\/tw-42538.jpg\"\/><\/p>\n<p>V\/H\/S\/Halloween es una antolog\u00eda de cortometrajes de terror con tem\u00e1tica de Halloween, donde una colecci\u00f3n de cintas VHS desata una serie de historias macabras. La pel\u00edcula incluye segmentos como \u00abCoochie Coochie Coo\u00bb (sobre dos chicas que se enfrentan a una entidad conocida como \u00abThe Mommy\u00bb mientras piden dulces) y \u00abFun Size\u00bb (donde j\u00f3venes que rompen las reglas de una casa de dulces son transportados a una f\u00e1brica de caramelos). Otras historias incluyen la investigaci\u00f3n de una masacre por parte de la polic\u00eda en \u00abUt Supra Sic Infra\u00bb y \u00abKidprint\u00bb, que trata sobre un asesino en serie.<\/p>\n<p>El espa\u00f1ol Paco Plaza, Bryan M. Ferguson (\u201cPumpkin Guts\u201d), Casper Kelly (\u201cToo Many Cooks,\u201d \u201cAdult Swim Yule Log\u201d), Micheline Pitt-Norman &amp; R.H. Norman (\u201cCosmetic\u201d), Alex Ross Perry (\u201cHer Smell,\u201d \u201cQueen of Earth\u201d) y Anna Zlokovic (\u201cAppendage\u201d) son los directores de los segmentos.<\/p>\n","protected":false},"excerpt":{"rendered":"&#13; &#13; Diciembre es el mes en el que nos reunimos con la familia para celebrar la Navidad.&hellip;\n","protected":false},"author":2,"featured_media":264539,"comment_status":"","ping_status":"","sticky":false,"template":"","format":"standard","meta":{"footnotes":""},"categories":[169],"tags":[177,146,147,25,24,176,175,23],"class_list":{"0":"post-264538","1":"post","2":"type-post","3":"status-publish","4":"format-standard","5":"has-post-thumbnail","7":"category-cine","8":"tag-cine","9":"tag-entertainment","10":"tag-entretenimiento","11":"tag-es","12":"tag-espana","13":"tag-film","14":"tag-movies","15":"tag-spain"},"share_on_mastodon":{"url":"https:\/\/pubeurope.com\/@es\/115641394010545097","error":""},"_links":{"self":[{"href":"https:\/\/www.europesays.com\/es\/wp-json\/wp\/v2\/posts\/264538","targetHints":{"allow":["GET"]}}],"collection":[{"href":"https:\/\/www.europesays.com\/es\/wp-json\/wp\/v2\/posts"}],"about":[{"href":"https:\/\/www.europesays.com\/es\/wp-json\/wp\/v2\/types\/post"}],"author":[{"embeddable":true,"href":"https:\/\/www.europesays.com\/es\/wp-json\/wp\/v2\/users\/2"}],"replies":[{"embeddable":true,"href":"https:\/\/www.europesays.com\/es\/wp-json\/wp\/v2\/comments?post=264538"}],"version-history":[{"count":0,"href":"https:\/\/www.europesays.com\/es\/wp-json\/wp\/v2\/posts\/264538\/revisions"}],"wp:featuredmedia":[{"embeddable":true,"href":"https:\/\/www.europesays.com\/es\/wp-json\/wp\/v2\/media\/264539"}],"wp:attachment":[{"href":"https:\/\/www.europesays.com\/es\/wp-json\/wp\/v2\/media?parent=264538"}],"wp:term":[{"taxonomy":"category","embeddable":true,"href":"https:\/\/www.europesays.com\/es\/wp-json\/wp\/v2\/categories?post=264538"},{"taxonomy":"post_tag","embeddable":true,"href":"https:\/\/www.europesays.com\/es\/wp-json\/wp\/v2\/tags?post=264538"}],"curies":[{"name":"wp","href":"https:\/\/api.w.org\/{rel}","templated":true}]}}