{"id":26454,"date":"2025-08-05T04:19:08","date_gmt":"2025-08-05T04:19:08","guid":{"rendered":"https:\/\/www.europesays.com\/es\/26454\/"},"modified":"2025-08-05T04:19:08","modified_gmt":"2025-08-05T04:19:08","slug":"una-batalla-sangrienta-asi-quedaron-los-rostros-de-chris-duncan-y-mateusz-rebecki-tras-un-epico-combate-en-el-ufc-fight-night-ole-usa","status":"publish","type":"post","link":"https:\/\/www.europesays.com\/es\/26454\/","title":{"rendered":"\u00a1Una batalla sangrienta! As\u00ed quedaron los rostros de Chris Duncan y Mateusz Rebecki tras un \u00e9pico combate en el UFC Fight Night :: Ol\u00e9 USA"},"content":{"rendered":"<p>03\/08\/2025 04:05hs.<\/p>\n<p>Si bien todas las luces apuntaban al enfrentamiento entre el japon\u00e9s <strong>Tatsuro Taira <\/strong>y el surcoreano <strong>Park Hyun-sung<\/strong>, la pelea estelar del <strong>UFC Fight Night <\/strong>de este s\u00e1bado 2 de agosto, lo que se vivi\u00f3 en el combate coestelar fue impresionante. <\/p>\n<p><strong>Chris Duncan y Mateusz Rebecki dieron una verdadera muestra de car\u00e1cter y profesionalismo<\/strong>, y sorprendieron al mundo entero. Los dos peleadores lo dieron todo y brindaron un espect\u00e1culo maravilloso para los televidentes y los amantes de las artes marciales mixtas.<strong> Los dos quedaron repletos de sangres, con cortes grandes y profundos<\/strong>, pero siguieron peleando hasta el \u00faltimo asalto como si estuvieran al 100%.<\/p>\n<p>De todos modos, la victoria acab\u00f3 siendo para Duncan, quien termin\u00f3 m\u00e1s entero que su rival y le caus\u00f3 much\u00edsimo m\u00e1s da\u00f1o. <strong>Rebecki termin\u00f3 con su ojo derecho inflamad\u00edsimo, con un corte a la altura de la nariz, otro corte importante sobre la frente y con la mitad de la cara manchada de sangre.<\/strong><\/p>\n<p><img alt=\"As\u00ed qued\u00f3 Mateusz Rebecki. (@UFC)\" loading=\"lazy\" width=\"720\" height=\"100\" decoding=\"async\" data-nimg=\"1\" style=\"color:transparent\" src=\"https:\/\/www.europesays.com\/es\/wp-content\/uploads\/2025\/08\/mnnkC6rBN_720x0__1.jpg\"\/>As\u00ed qued\u00f3 Mateusz Rebecki. (@UFC)<\/p>\n<p>Pero no fue el \u00fanico que acabo da\u00f1ado, ya que Duncan se llev\u00f3 lo suyo: t<strong>ermin\u00f3 con el ojo derecho hinchado -y alg\u00fan corte- y un corte muy grande en el p\u00f3mulo izquierdo.<\/strong> Durante la pelea tuvo algunas complicaciones con la visi\u00f3n, producto de la sangre que le sal\u00eda de estos dos cortes.<\/p>\n<p><img alt=\"As\u00ed termin\u00f3 Chris Duncan. (@UFC)\" loading=\"lazy\" width=\"720\" height=\"100\" decoding=\"async\" data-nimg=\"1\" style=\"color:transparent\" src=\"https:\/\/www.europesays.com\/es\/wp-content\/uploads\/2025\/08\/fmra0BT9i_720x0__1.jpg\"\/>As\u00ed termin\u00f3 Chris Duncan. (@UFC)<\/p>\n<p><strong>Chris Duncan venci\u00f3 a Mateusz Rebecki en el UFC Fight Night<\/strong><\/p>\n<p><a href=\"https:\/\/www.ole.com.ar\/usa\/ufc\/islam-makhachev-acepta-pelea-combate-titulo-vs-ilia-topuria-dijo-futuro-respuesta-ufc-proxima-siguiente_0_vEz9a2ZbkJ.html\" aria-label=\"\u00a1Sorpresa en la UFC! Islam Makhachev acept\u00f3 pelear contra Ilia Topuria\" class=\"sc-198398ff-0 dGmAry\" rel=\"nofollow noopener\" target=\"_blank\"><img alt=\"\u00a1Sorpresa en la UFC! Islam Makhachev acept\u00f3 pelear contra Ilia Topuria\" loading=\"lazy\" width=\"290\" height=\"290\" decoding=\"async\" data-nimg=\"1\" style=\"color:transparent\" src=\"https:\/\/www.europesays.com\/es\/wp-content\/uploads\/2025\/08\/DC9gZbDVM_290x290__1.jpg\"\/><\/p>\n<p>Mir\u00e1 tambi\u00e9n\u00a1Sorpresa en la UFC! Islam Makhachev acept\u00f3 pelear contra Ilia Topuria<\/p>\n<p><a href=\"https:\/\/www.ole.com.ar\/usa\/ufc\/asi-quedo-ojo-mohammad-yahya-tras-recibir-brutal-paliza-sufrir-siete-derribos-ufc_0_kGfmN7vS9N.html\" aria-label=\"\u00a1Impactante! As\u00ed qued\u00f3 el ojo de Mohammad Yahya tras recibir una brutal paliza y sufrir siete derribos en la UFC\" class=\"sc-198398ff-0 dGmAry\" rel=\"nofollow noopener\" target=\"_blank\"><img alt=\"\u00a1Impactante! As\u00ed qued\u00f3 el ojo de Mohammad Yahya tras recibir una brutal paliza y sufrir siete derribos en la UFC\" loading=\"lazy\" width=\"290\" height=\"290\" decoding=\"async\" data-nimg=\"1\" style=\"color:transparent\" src=\"https:\/\/www.europesays.com\/es\/wp-content\/uploads\/2025\/08\/k6GnsdLNb_290x290__1.jpg\"\/><\/p>\n<p>Mir\u00e1 tambi\u00e9n\u00a1Impactante! As\u00ed qued\u00f3 el ojo de Mohammad Yahya tras recibir una brutal paliza y sufrir siete derribos en la UFC<\/p>\n<p><a href=\"https:\/\/www.ole.com.ar\/usa\/fuera-de-juego\/dijo-ilia-topuria-mensaje-saludo-ibai-llanos-the-grefg-velada-ano-5-boxeo-ufc-estrella-west-col-video_0_DKUIoFnxdH.html\" aria-label=\"Ilia Topuria y su mensaje a TheGrefg por la victoria en La Velada del A\u00f1o 5: &quot;Felicidades, qu\u00e9 grande&quot;\" class=\"sc-198398ff-0 dGmAry\" rel=\"nofollow noopener\" target=\"_blank\"><img alt=\"Ilia Topuria y su mensaje a TheGrefg por la victoria en La Velada del A\u00f1o 5: &quot;Felicidades, qu\u00e9 grande&quot;\" loading=\"lazy\" width=\"290\" height=\"290\" decoding=\"async\" data-nimg=\"1\" style=\"color:transparent\" src=\"https:\/\/www.europesays.com\/es\/wp-content\/uploads\/2025\/08\/RDNhlcE02_290x290__1.jpg\"\/><\/p>\n<p>Mir\u00e1 tambi\u00e9nIlia Topuria y su mensaje a TheGrefg por la victoria en La Velada del A\u00f1o 5: \u00abFelicidades, qu\u00e9 grande\u00bb<\/p>\n","protected":false},"excerpt":{"rendered":"03\/08\/2025 04:05hs. Si bien todas las luces apuntaban al enfrentamiento entre el japon\u00e9s Tatsuro Taira y el surcoreano&hellip;\n","protected":false},"author":2,"featured_media":26455,"comment_status":"","ping_status":"","sticky":false,"template":"","format":"standard","meta":{"footnotes":""},"categories":[276],"tags":[168,25,24,23,167,343],"class_list":{"0":"post-26454","1":"post","2":"type-post","3":"status-publish","4":"format-standard","5":"has-post-thumbnail","7":"category-ufc","8":"tag-deportes","9":"tag-es","10":"tag-espana","11":"tag-spain","12":"tag-sports","13":"tag-ufc"},"share_on_mastodon":{"url":"","error":""},"_links":{"self":[{"href":"https:\/\/www.europesays.com\/es\/wp-json\/wp\/v2\/posts\/26454","targetHints":{"allow":["GET"]}}],"collection":[{"href":"https:\/\/www.europesays.com\/es\/wp-json\/wp\/v2\/posts"}],"about":[{"href":"https:\/\/www.europesays.com\/es\/wp-json\/wp\/v2\/types\/post"}],"author":[{"embeddable":true,"href":"https:\/\/www.europesays.com\/es\/wp-json\/wp\/v2\/users\/2"}],"replies":[{"embeddable":true,"href":"https:\/\/www.europesays.com\/es\/wp-json\/wp\/v2\/comments?post=26454"}],"version-history":[{"count":0,"href":"https:\/\/www.europesays.com\/es\/wp-json\/wp\/v2\/posts\/26454\/revisions"}],"wp:featuredmedia":[{"embeddable":true,"href":"https:\/\/www.europesays.com\/es\/wp-json\/wp\/v2\/media\/26455"}],"wp:attachment":[{"href":"https:\/\/www.europesays.com\/es\/wp-json\/wp\/v2\/media?parent=26454"}],"wp:term":[{"taxonomy":"category","embeddable":true,"href":"https:\/\/www.europesays.com\/es\/wp-json\/wp\/v2\/categories?post=26454"},{"taxonomy":"post_tag","embeddable":true,"href":"https:\/\/www.europesays.com\/es\/wp-json\/wp\/v2\/tags?post=26454"}],"curies":[{"name":"wp","href":"https:\/\/api.w.org\/{rel}","templated":true}]}}