{"id":264542,"date":"2025-12-01T00:07:11","date_gmt":"2025-12-01T00:07:11","guid":{"rendered":"https:\/\/www.europesays.com\/es\/264542\/"},"modified":"2025-12-01T00:07:11","modified_gmt":"2025-12-01T00:07:11","slug":"vacunacion-de-gripe-en-aragon-exito-rotundo-y-reprogramacion-para-adultos","status":"publish","type":"post","link":"https:\/\/www.europesays.com\/es\/264542\/","title":{"rendered":"Vacunaci\u00f3n de gripe en Arag\u00f3n: \u00e9xito rotundo y reprogramaci\u00f3n para adultos"},"content":{"rendered":"<p>La jornada de vacunaci\u00f3n sin cita contra la gripe en el Hospital Nuestra Se\u00f1ora de Gracia de Zaragoza ha tenido una gran acogida. Este domingo, se han administrado 3.024 dosis, superando la cifra de 1.711 alcanzadas en la misma campa\u00f1a del a\u00f1o anterior, que se distribuyeron en dos d\u00edas. La respuesta de la ciudadan\u00eda ha sido notable, lo que ha llevado a las autoridades a reprogramar la vacunaci\u00f3n para adultos al pr\u00f3ximo s\u00e1bado 13 de diciembre, mientras que los ni\u00f1os podr\u00e1n vacunarse ma\u00f1ana.<\/p>\n<p>**Reprogramaci\u00f3n de la vacunaci\u00f3n para adultos**<\/p>\n<p>La directora general de Salud P\u00fablica del Gobierno de Arag\u00f3n, Nuria Gay\u00e1n, ha expresado su agradecimiento por la participaci\u00f3n de la poblaci\u00f3n, destacando la importancia de la vacunaci\u00f3n en el contexto actual de epidemia de gripe. A lo largo de diez horas de vacunaci\u00f3n continua, se han utilizado las neveras del hospital, que tienen capacidad para 600 vacunas, las cuales fueron reabastecidas a medida que se administraban.<\/p>\n<p>**Agradecimientos por la paciencia ciudadana**<\/p>\n<p>Mayte Clares, directora de Enfermer\u00eda del SALUD, tambi\u00e9n ha reconocido la paciencia de los asistentes, ya que en algunos momentos el tiempo de espera para vacunarse fue de hasta una hora. Cuatro puntos de vacunaci\u00f3n fueron habilitados en el hospital, con un equipo de aproximadamente quince personas dedicadas a la administraci\u00f3n de las vacunas. Para los ni\u00f1os, se est\u00e1 aplicando una vacuna intranasal, asegurando as\u00ed la cobertura necesaria en este grupo de edad.<\/p>\n","protected":false},"excerpt":{"rendered":"La jornada de vacunaci\u00f3n sin cita contra la gripe en el Hospital Nuestra Se\u00f1ora de Gracia de Zaragoza&hellip;\n","protected":false},"author":2,"featured_media":264543,"comment_status":"","ping_status":"","sticky":false,"template":"","format":"standard","meta":{"footnotes":""},"categories":[92],"tags":[25,24,165,166,23],"class_list":{"0":"post-264542","1":"post","2":"type-post","3":"status-publish","4":"format-standard","5":"has-post-thumbnail","7":"category-salud","8":"tag-es","9":"tag-espana","10":"tag-health","11":"tag-salud","12":"tag-spain"},"share_on_mastodon":{"url":"https:\/\/pubeurope.com\/@es\/115641401028329345","error":""},"_links":{"self":[{"href":"https:\/\/www.europesays.com\/es\/wp-json\/wp\/v2\/posts\/264542","targetHints":{"allow":["GET"]}}],"collection":[{"href":"https:\/\/www.europesays.com\/es\/wp-json\/wp\/v2\/posts"}],"about":[{"href":"https:\/\/www.europesays.com\/es\/wp-json\/wp\/v2\/types\/post"}],"author":[{"embeddable":true,"href":"https:\/\/www.europesays.com\/es\/wp-json\/wp\/v2\/users\/2"}],"replies":[{"embeddable":true,"href":"https:\/\/www.europesays.com\/es\/wp-json\/wp\/v2\/comments?post=264542"}],"version-history":[{"count":0,"href":"https:\/\/www.europesays.com\/es\/wp-json\/wp\/v2\/posts\/264542\/revisions"}],"wp:featuredmedia":[{"embeddable":true,"href":"https:\/\/www.europesays.com\/es\/wp-json\/wp\/v2\/media\/264543"}],"wp:attachment":[{"href":"https:\/\/www.europesays.com\/es\/wp-json\/wp\/v2\/media?parent=264542"}],"wp:term":[{"taxonomy":"category","embeddable":true,"href":"https:\/\/www.europesays.com\/es\/wp-json\/wp\/v2\/categories?post=264542"},{"taxonomy":"post_tag","embeddable":true,"href":"https:\/\/www.europesays.com\/es\/wp-json\/wp\/v2\/tags?post=264542"}],"curies":[{"name":"wp","href":"https:\/\/api.w.org\/{rel}","templated":true}]}}