{"id":264554,"date":"2025-12-01T00:13:11","date_gmt":"2025-12-01T00:13:11","guid":{"rendered":"https:\/\/www.europesays.com\/es\/264554\/"},"modified":"2025-12-01T00:13:11","modified_gmt":"2025-12-01T00:13:11","slug":"de-burgos-pasa-de-un-penalti-a-rodrygo-y-el-var-ni-le-avisa","status":"publish","type":"post","link":"https:\/\/www.europesays.com\/es\/264554\/","title":{"rendered":"De Burgos pasa de un penalti a Rodrygo y el VAR ni le avisa"},"content":{"rendered":"<p>Despu\u00e9s de 80 minutos de un arbitraje bastante pol\u00e9mico, la actuaci\u00f3n de <a href=\"https:\/\/okdiario.com\/diariomadridista\/real-madrid\/burgos-indigna-mbappe-come-empujon-claro-alex-moreno-antes-del-gol-del-girona-583347\" rel=\"nofollow noopener\" target=\"_blank\"><strong>De Burgos Bengoetxea<\/strong><\/a> en <strong>Montilivi<\/strong> y de <strong>Pulido Santana<\/strong> en el <strong>VAR<\/strong> torn\u00f3 a escandalosa cuando el \u00e1rbitro del partido de la jornada 14 de <strong>Liga<\/strong> pas\u00f3 de pitar un penalti claro de <strong>Joel Roca<\/strong> sobre <strong>Rodrygo Goes<\/strong> que vio desde muy cerca y su compa\u00f1ero ni siquiera le aviso. El colegiado vasco mand\u00f3 sacar r\u00e1pidamente al <a href=\"https:\/\/www.realmadrid.com\/\" rel=\"nofollow noopener\" target=\"_blank\"><strong>Real Madrid<\/strong><\/a> el c\u00f3rner tras volver a perjudicarle.<\/p>\n<p>El toque del jugador del Girona en la pierna izquierda de Rodrygo era clar\u00edsimo, pero De Burgos, que ya se trag\u00f3 una falta de<strong> \u00c1lex Moreno<\/strong> sobre <strong>Kylian Mbapp\u00e9<\/strong> que preced\u00eda al gol del <strong>Girona<\/strong>, lo omiti\u00f3 por completo y pidi\u00f3 al Real Madrid que sacase r\u00e1pidamente de esquina. Pulido Santana ni quiso enmendar el error del \u00e1rbitro de campo al no verla en directo y el partido sigui\u00f3 en empate (1-1) tras esa acci\u00f3n s\u00faper pol\u00e9mica en el 80\u2032.<\/p>\n<p>No fue la \u00fanica acci\u00f3n pol\u00e9mica que perjudic\u00f3 al Real Madrid en este partido de Liga contra el Girona. Antes de esta acci\u00f3n no pitada, De Burgos s\u00ed pit\u00f3 un penalti claro de Rinc\u00f3n sobre Vinicius. Pero en la primera parte las decisiones arbitrales perjudicaron a los blancos.<\/p>\n<p>Primero con un gol anulado a Mbapp\u00e9 por una mano previa a su disparo a porter\u00eda en el minuto 40. Cinco minutos despu\u00e9s marc\u00f3 el Girona el 1-0 y el delantero franc\u00e9s protest\u00f3 la decisi\u00f3n al cuarto colegiado porque entend\u00eda que le hab\u00edan hecho una falta en el inicio de esa jugada. Y efectivamente as\u00ed ocurri\u00f3. El galo cay\u00f3 derribado y no pitaron nada.<\/p>\n","protected":false},"excerpt":{"rendered":"Despu\u00e9s de 80 minutos de un arbitraje bastante pol\u00e9mico, la actuaci\u00f3n de De Burgos Bengoetxea en Montilivi y&hellip;\n","protected":false},"author":2,"featured_media":264555,"comment_status":"","ping_status":"","sticky":false,"template":"","format":"standard","meta":{"footnotes":""},"categories":[5],"tags":[17,18,25,24,13,14,11,19,20,9,10,15,16,23,12,21,22],"class_list":{"0":"post-264554","1":"post","2":"type-post","3":"status-publish","4":"format-standard","5":"has-post-thumbnail","7":"category-titulares","8":"tag-breaking-news","9":"tag-breakingnews","10":"tag-es","11":"tag-espana","12":"tag-featured-news","13":"tag-featurednews","14":"tag-headlines","15":"tag-latest-news","16":"tag-latestnews","17":"tag-news","18":"tag-noticias","19":"tag-noticias-destacadas","20":"tag-noticiasdestacadas","21":"tag-spain","22":"tag-titulares","23":"tag-ultimas-noticias","24":"tag-ultimasnoticias"},"share_on_mastodon":{"url":"https:\/\/pubeurope.com\/@es\/115641424502868549","error":""},"_links":{"self":[{"href":"https:\/\/www.europesays.com\/es\/wp-json\/wp\/v2\/posts\/264554","targetHints":{"allow":["GET"]}}],"collection":[{"href":"https:\/\/www.europesays.com\/es\/wp-json\/wp\/v2\/posts"}],"about":[{"href":"https:\/\/www.europesays.com\/es\/wp-json\/wp\/v2\/types\/post"}],"author":[{"embeddable":true,"href":"https:\/\/www.europesays.com\/es\/wp-json\/wp\/v2\/users\/2"}],"replies":[{"embeddable":true,"href":"https:\/\/www.europesays.com\/es\/wp-json\/wp\/v2\/comments?post=264554"}],"version-history":[{"count":0,"href":"https:\/\/www.europesays.com\/es\/wp-json\/wp\/v2\/posts\/264554\/revisions"}],"wp:featuredmedia":[{"embeddable":true,"href":"https:\/\/www.europesays.com\/es\/wp-json\/wp\/v2\/media\/264555"}],"wp:attachment":[{"href":"https:\/\/www.europesays.com\/es\/wp-json\/wp\/v2\/media?parent=264554"}],"wp:term":[{"taxonomy":"category","embeddable":true,"href":"https:\/\/www.europesays.com\/es\/wp-json\/wp\/v2\/categories?post=264554"},{"taxonomy":"post_tag","embeddable":true,"href":"https:\/\/www.europesays.com\/es\/wp-json\/wp\/v2\/tags?post=264554"}],"curies":[{"name":"wp","href":"https:\/\/api.w.org\/{rel}","templated":true}]}}