{"id":264556,"date":"2025-12-01T00:18:42","date_gmt":"2025-12-01T00:18:42","guid":{"rendered":"https:\/\/www.europesays.com\/es\/264556\/"},"modified":"2025-12-01T00:18:42","modified_gmt":"2025-12-01T00:18:42","slug":"copa-davis-de-futbolista-de-la-roma-a-sentenciar-a-espana-en-la-davis-la-transformacion-de-cobolli-el-heroe-de-italia","status":"publish","type":"post","link":"https:\/\/www.europesays.com\/es\/264556\/","title":{"rendered":"Copa Davis | De futbolista de la Roma a sentenciar a Espa\u00f1a en la Davis: la transformaci\u00f3n de Cobolli, el h\u00e9roe de Italia"},"content":{"rendered":"<p class=\"ft-text\">Para la posteridad de la historia de la <strong>Copa Davis <\/strong>quedar\u00e1 marcado el nombre de <strong>Flavio Cobolli<\/strong> como la firma que asegur\u00f3 el tercer t\u00edtulo consecutivo para Italia en Bolonia. En el escenario m\u00e1s complicado, sin contar con <strong>Sinner <\/strong>ni <strong>Musetti<\/strong>, este tenista transalpino decidi\u00f3 dar un paso adelante a ojos del mundo entero. Fue la confirmaci\u00f3n de Italia como reina del tenis mundial, pero tambi\u00e9n la de un joven de <strong>23 a\u00f1os que consigui\u00f3 la victoria m\u00e1s importante de su carrera<\/strong> cargando a sus espaldas a todo un pa\u00eds entero.<\/p>\n<p class=\"ft-text\">Fue Flavio quien termin\u00f3 de dar el \u00faltimo golpe a <strong>Espa\u00f1a<\/strong>, esa que tambi\u00e9n llegaba con un equipo sin estrellas como <strong>Italia<\/strong>, para poner el segundo punto para los suyos en la final en Bolonia. Fue Cobolli quien se encarg\u00f3 de sofocar la rebeli\u00f3n de <strong>Jaume Munar<\/strong>, intratable en el primer set, pero superado por la emboscada del transalpino en los dos \u00faltimos.<strong> Era su momento de ser el protagonista y lo aprovech\u00f3 como uno de los grandes.<\/strong><\/p>\n<p><img decoding=\"async\" src=\"https:\/\/www.europesays.com\/es\/wp-content\/uploads\/2025\/12\/6835a28b-1d24-4c23-8750-2ff2cd800706_alta-libre-aspect-ratio_default_0.jpg\" width=\"1200\" height=\"800\" alt=\"Italy's Flavio Cobolli celebrates after winning a Davis Cup final singles tennis match against Spain's Jaume Munar, in Bologna, Italy, Sunday, Nov. 23, 2025. (AP Photo\/Luca Bruno)\" class=\"ft-helper-img-rd\" loading=\"lazy\"\/><\/p>\n<p class=\"ft-helper-fontColor-quaternary ft-helper-fontSize-body-S ft-helper-spacer-t-xxs\">Flavio Cobolli, protagonista con Italia  \/ Luca Bruno \/ AP<\/p>\n<p class=\"ft-text\">La liberaci\u00f3n posterior fue a la altura del sufrimiento vivido durante el partido. <strong>No era para menos<\/strong>. De los m\u00fasculos agarrotados a la gracilidad en pista; <strong>Cobolli <\/strong>canaliz\u00f3 la fuerza poderosa de toda Italia en una raqueta que poco a poco se estabiliz\u00f3 durante el partido. Y lleg\u00f3 el golpe final, esa derecha cruzada que <strong>Munar <\/strong>no pudo devolver en condiciones. <strong>\u00c9xtasis y gloria por parte de su equipo<\/strong>, que hab\u00edan conseguido tambi\u00e9n lo imposible con su segunda unidad. Nada que reprochar a Espa\u00f1a.<\/p>\n<p>De futbolista a tenista<\/p>\n<p class=\"ft-text\">Para quienes no conozcan a <strong>Flavio<\/strong>, una de sus particularidades residen en su fascinante versatilidad deportiva. Naci\u00f3 en Florencia, pero se cri\u00f3 en <strong>Roma <\/strong>desde peque\u00f1o, una ciudad con quien estableci\u00f3 una conexi\u00f3n especial. Especialmente con su equipo de f\u00fatbol, con quien empez\u00f3 en las categor\u00edas inferiores coincidiendo, entre otros, con <strong>Edoardo Bove<\/strong>, todav\u00eda amigo suyo. \u00ab<strong>Al principio prefer\u00eda el f\u00fatbol<\/strong>\u00ab, comenta el tenista. \u00ab<strong>Pero cuando me toc\u00f3 elegir de verdad, me di cuenta de que jugando al f\u00fatbol no sent\u00eda emociones tan fuertes como cuando jugaba al tenis<\/strong>\u00ab.<\/p>\n<p class=\"ft-text\">No fue mala elecci\u00f3n; gracias a su padre, el extenista <strong>Stefano Cobolli<\/strong>, Flavio fue subiendo poco a poco en el ranking hasta ser considerado como una de las mayores promesas del tenis mundial. De personalidad vibrante, sus \u00eddolos ten\u00edsticos son <strong>Novak Djokovic<\/strong> y <strong>Fabio Fognini<\/strong>, este \u00faltimo ahora\u00a0como representante y amigo cercano. Se maneja excepcionalmente en tierra batida, aunque esta <strong>Copa Davis<\/strong> ha recordado que tambi\u00e9n puede hacerlo y muy bien en otras superficies como la pista dura. Antes de los partidos suele escuchar canciones italianas y\u00a0practica snooker como hobby fuera de las pistas.\u00a0<strong>Evidentemente, si no fuera tenista,\u00a0ser\u00eda futbolista, como \u00e9l mismo ha reconocido.<\/strong><\/p>\n<p><img decoding=\"async\" src=\"https:\/\/www.europesays.com\/es\/wp-content\/uploads\/2025\/12\/c99e6b7b-5267-4681-bc83-c949e175f198_alta-libre-aspect-ratio_default_0.jpg\" width=\"1200\" height=\"675\" alt=\"Cobolli celebra ante Munar\" class=\"ft-helper-img-rd\" loading=\"lazy\"\/><\/p>\n<p class=\"ft-helper-fontColor-quaternary ft-helper-fontSize-body-S ft-helper-spacer-t-xxs\">Cobolli celebra ante Munar  \/ AP<\/p>\n<p class=\"ft-text\"><strong>Es una de las caras visibles de la nueva generaci\u00f3n del tenis italiano<\/strong>, aquella que ha llevado al pa\u00eds transalpino a conquistar tres Ensaladeras seguidas contra todo pron\u00f3stico. Porque cuando no aparecen <strong>Sinner <\/strong>o <strong>Musetti <\/strong>lo hacen <strong>Cobolli <\/strong>o <strong>Berrettini; <\/strong>y es que Flavio podr\u00e1 ser el n\u00famero 22 del ranking, pero hay otros siete tenistas de su pa\u00eds en el top-100 de las mejores raquetas del mundo. Es la nueva normalidad de Italia, campeona de la <strong>Copa Davis<\/strong> por tercera vez consecutiva con <strong>Flavio Cobolli<\/strong> como h\u00e9roe indiscutible en semifinales -gan\u00f3 un tie-break por 15-13- y en la final de Bolonia.<\/p>\n","protected":false},"excerpt":{"rendered":"Para la posteridad de la historia de la Copa Davis quedar\u00e1 marcado el nombre de Flavio Cobolli como&hellip;\n","protected":false},"author":2,"featured_media":264557,"comment_status":"","ping_status":"","sticky":false,"template":"","format":"standard","meta":{"footnotes":""},"categories":[274],"tags":[63735,2494,168,25,24,1718,23,167,327,326],"class_list":{"0":"post-264556","1":"post","2":"type-post","3":"status-publish","4":"format-standard","5":"has-post-thumbnail","7":"category-tenis","8":"tag-cobolli","9":"tag-davis","10":"tag-deportes","11":"tag-es","12":"tag-espana","13":"tag-munar","14":"tag-spain","15":"tag-sports","16":"tag-tenis","17":"tag-tennis"},"share_on_mastodon":{"url":"https:\/\/pubeurope.com\/@es\/115641444848619343","error":""},"_links":{"self":[{"href":"https:\/\/www.europesays.com\/es\/wp-json\/wp\/v2\/posts\/264556","targetHints":{"allow":["GET"]}}],"collection":[{"href":"https:\/\/www.europesays.com\/es\/wp-json\/wp\/v2\/posts"}],"about":[{"href":"https:\/\/www.europesays.com\/es\/wp-json\/wp\/v2\/types\/post"}],"author":[{"embeddable":true,"href":"https:\/\/www.europesays.com\/es\/wp-json\/wp\/v2\/users\/2"}],"replies":[{"embeddable":true,"href":"https:\/\/www.europesays.com\/es\/wp-json\/wp\/v2\/comments?post=264556"}],"version-history":[{"count":0,"href":"https:\/\/www.europesays.com\/es\/wp-json\/wp\/v2\/posts\/264556\/revisions"}],"wp:featuredmedia":[{"embeddable":true,"href":"https:\/\/www.europesays.com\/es\/wp-json\/wp\/v2\/media\/264557"}],"wp:attachment":[{"href":"https:\/\/www.europesays.com\/es\/wp-json\/wp\/v2\/media?parent=264556"}],"wp:term":[{"taxonomy":"category","embeddable":true,"href":"https:\/\/www.europesays.com\/es\/wp-json\/wp\/v2\/categories?post=264556"},{"taxonomy":"post_tag","embeddable":true,"href":"https:\/\/www.europesays.com\/es\/wp-json\/wp\/v2\/tags?post=264556"}],"curies":[{"name":"wp","href":"https:\/\/api.w.org\/{rel}","templated":true}]}}