{"id":26456,"date":"2025-08-05T04:20:09","date_gmt":"2025-08-05T04:20:09","guid":{"rendered":"https:\/\/www.europesays.com\/es\/26456\/"},"modified":"2025-08-05T04:20:09","modified_gmt":"2025-08-05T04:20:09","slug":"quien-esta-dentro-de-los-playoffs-de-la-fedex-cup-y-quien-se-ha-quedado-fuera","status":"publish","type":"post","link":"https:\/\/www.europesays.com\/es\/26456\/","title":{"rendered":"Qui\u00e9n est\u00e1 dentro de los Playoffs de la FedEX Cup y qui\u00e9n se ha quedado fuera"},"content":{"rendered":"<p>&#13;<br \/>\n        &#13;<br \/>\n&#13;<br \/>\n        &#13;<\/p>\n<p>            <a href=\"https:\/\/ten-golf.com\/wp-content\/uploads\/2025\/05\/schmidpgatourcolonial25.webp\" data-caption=\"Matti Schmid. (\u00a9 Golffile | Thos Caffrey)\" rel=\"nofollow noopener\" target=\"_blank\"><img decoding=\"async\" loading=\"lazy\" width=\"666\" height=\"444\" class=\"entry-thumb td-modal-image\" src=\"https:\/\/www.europesays.com\/es\/wp-content\/uploads\/2025\/08\/schmidpgatourcolonial25-666x444.webp.webp\"   alt=\"Matti Schmid.\" title=\"Alfred Dunhill Championship 2024\"\/><\/a>Matti Schmid. (\u00a9 Golffile | Thos Caffrey)<\/p>\n<p>            \u2013 \u00abPara habernos matao&#8230;\u00bb, debi\u00f3 pensar Matti Schmid en perfecto alem\u00e1n minutos despu\u00e9s de entregar su tarjeta de 71 golpes en la \u00faltima jornada del Wyndham Championship. El hombre burbuja, pues lleg\u00f3 al \u00faltimo torneo regular en el puesto 70\u00ba de la FedEx Cup, tuvo <\/p>\n<p>Para seguir leyendo, Suscr\u00edbete<\/p>\n<p>    Subscription OptionsMENSUAL<\/p>\n<p>Unlimited  Entradas<\/p>\n<p>Unlimited  Galer\u00edas<\/p>\n<p>Unlimited  \u00c1lbumes<\/p>\n<p>Unlimited  P\u00e1ginas<\/p>\n<p>ANUAL + LIBRO<\/p>\n<p>Unlimited  Entradas<\/p>\n<p>Unlimited  Galer\u00edas<\/p>\n<p>Unlimited  \u00c1lbumes<\/p>\n<p>Unlimited  P\u00e1ginas<\/p>\n<p>ANUAL<\/p>\n<p>Unlimited  Entradas<\/p>\n<p>Unlimited  Galer\u00edas<\/p>\n<p>Unlimited  \u00c1lbumes<\/p>\n<p>Unlimited  P\u00e1ginas<\/p>\n<p>    Recibe 30 mulligans para gastar en <a href=\"https:\/\/thegame.ten-golf.com\" target=\"_blank\" rel=\"nofollow noopener\">TheGame<\/a> junto a tu suscripci\u00f3n anual (al final de la temporada se quitar\u00e1n los mulligans no gastados)<\/p>\n<p>    Pincha <a href=\"https:\/\/ten-golf.com\/tengolf-pone-en-marcha-el-muro-de-pago-y-crea-el-club-tengolf\" target=\"_blank\" rel=\"nofollow noopener\">aqu\u00ed<\/a> para saber m\u00e1s sobre las distintas suscripciones<\/p>\n<p>        &#13;<br \/>\n&#13;<br \/>\n        &#13;<br \/>\n            &#13;<br \/>\n            &#13;<br \/>\n&#13;<\/p>\n<p class=\"join-telegram\"><img decoding=\"async\" class=\"loading\" src=\"https:\/\/www.europesays.com\/es\/wp-content\/uploads\/2025\/07\/1753654448_267_telegram-icon.png\" alt=\"\"\/> S\u00edguenos tambi\u00e9n en <a href=\"https:\/\/telegram.org\/\" target=\"_blank\" style=\"font-weight: normal;\" rel=\"nofollow noopener\">Telegram<\/a> en el canal <a href=\"https:\/\/t.me\/tengolf\" target=\"_blank\" rel=\"nofollow\">@tengolf<\/a><\/p>\n<p>        &#13;<br \/>\n        <a class=\"will-load\" name=\"end-article\" data-id=\"post-207553\"\/>&#13;<\/p>\n","protected":false},"excerpt":{"rendered":"&#13; &#13; &#13; &#13; Matti Schmid. (\u00a9 Golffile | Thos Caffrey) \u2013 \u00abPara habernos matao&#8230;\u00bb, debi\u00f3 pensar Matti&hellip;\n","protected":false},"author":2,"featured_media":26457,"comment_status":"","ping_status":"","sticky":false,"template":"","format":"standard","meta":{"footnotes":""},"categories":[275],"tags":[14643,168,14644,25,24,329,14645,14646,12476,336,338,339,340,12477,23,167],"class_list":{"0":"post-26456","1":"post","2":"type-post","3":"status-publish","4":"format-standard","5":"has-post-thumbnail","7":"category-golf","8":"tag-davis-thompson","9":"tag-deportes","10":"tag-erik-van-rooyen","11":"tag-es","12":"tag-espana","13":"tag-golf","14":"tag-mark-hubbard","15":"tag-matti-schmid","16":"tag-nicolai-hojgaard","17":"tag-notificacion","18":"tag-portada","19":"tag-portada-america","20":"tag-portada-global","21":"tag-rasmus-hojgaard","22":"tag-spain","23":"tag-sports"},"share_on_mastodon":{"url":"","error":""},"_links":{"self":[{"href":"https:\/\/www.europesays.com\/es\/wp-json\/wp\/v2\/posts\/26456","targetHints":{"allow":["GET"]}}],"collection":[{"href":"https:\/\/www.europesays.com\/es\/wp-json\/wp\/v2\/posts"}],"about":[{"href":"https:\/\/www.europesays.com\/es\/wp-json\/wp\/v2\/types\/post"}],"author":[{"embeddable":true,"href":"https:\/\/www.europesays.com\/es\/wp-json\/wp\/v2\/users\/2"}],"replies":[{"embeddable":true,"href":"https:\/\/www.europesays.com\/es\/wp-json\/wp\/v2\/comments?post=26456"}],"version-history":[{"count":0,"href":"https:\/\/www.europesays.com\/es\/wp-json\/wp\/v2\/posts\/26456\/revisions"}],"wp:featuredmedia":[{"embeddable":true,"href":"https:\/\/www.europesays.com\/es\/wp-json\/wp\/v2\/media\/26457"}],"wp:attachment":[{"href":"https:\/\/www.europesays.com\/es\/wp-json\/wp\/v2\/media?parent=26456"}],"wp:term":[{"taxonomy":"category","embeddable":true,"href":"https:\/\/www.europesays.com\/es\/wp-json\/wp\/v2\/categories?post=26456"},{"taxonomy":"post_tag","embeddable":true,"href":"https:\/\/www.europesays.com\/es\/wp-json\/wp\/v2\/tags?post=26456"}],"curies":[{"name":"wp","href":"https:\/\/api.w.org\/{rel}","templated":true}]}}