{"id":264560,"date":"2025-12-01T00:21:12","date_gmt":"2025-12-01T00:21:12","guid":{"rendered":"https:\/\/www.europesays.com\/es\/264560\/"},"modified":"2025-12-01T00:21:12","modified_gmt":"2025-12-01T00:21:12","slug":"la-espana-de-alvaro-cardenas-y-lluis-costa-se-divierte-ante-la-georgia-de-beqa-burjanadze","status":"publish","type":"post","link":"https:\/\/www.europesays.com\/es\/264560\/","title":{"rendered":"La Espa\u00f1a de \u00c1lvaro C\u00e1rdenas y Llu\u00eds Costa se divierte ante la Georgia de Beqa Burjanadze"},"content":{"rendered":"<p>El granadino \u00c1lvaro C\u00e1rdenas contin\u00faa su progresi\u00f3n como profesional con una notable actuaci\u00f3n en su tercer partido con la selecci\u00f3n espa\u00f1ola, que derrot\u00f3 a Georgia  &#8230; por 90-61. C\u00e1rdenas sali\u00f3 en el segundo cuarto, precisamente por Llu\u00eds Costa, jugador del Covir\u00e1n, y dinamiz\u00f3 el juego de ataque de la &#8216;Familia&#8217;, por detr\u00e1s en el marcador hasta ese momento, 21-17. A partir de ese momento, Espa\u00f1a fue una apisonadora y se divirti\u00f3. <\/p>\n<p class=\"v-p\">La lectura del juego de C\u00e1rdenas le permiti\u00f3 dar varias r\u00e1pidas asistencias al entrar. Concluy\u00f3 con cuatro puntos, gracias a un triple y un tiro libre, y cuatro pases definitivos. El jugador del Peristeri griego, cedido por el Valencia Basket, tiene visos de afianzarse en las convocatorias del actual seleccionador nacional, Chus Mateo. Le otorg\u00f3 durante mucho tiempo la direcci\u00f3n de juego, sabedor de que es uno de los grandes talentos del pa\u00eds. <\/p>\n<p class=\"v-p\">Llu\u00eds Costa tambi\u00e9n jug\u00f3 con el combinado nacional. Hizo cuatro puntos en el primer cuarto, aunque luego baj\u00f3 prestaciones y particip\u00f3 menos, volviendo en el tramo final. Como rival, no tuvo el d\u00eda su compa\u00f1ero Beqa Burjanadze, que cont\u00f3 con pocos minutos, aunque sum\u00f3 un triple, quiz\u00e1s por el af\u00e1n de su seleccionador, Aleksandar Dzikic, por dejar en la cancha a Shermadini en su \u00faltimo partido internacional. <\/p>\n<p class=\"v-p\">Por su parte, Jovan Kljajic celebr\u00f3 la victoria de Montenegro ante Ruman\u00eda por 75-80. El escolta del Covir\u00e1n estuvo casi catorce minutos en pista y anot\u00f3 cinco puntos, con una asistencia y tres rebotes. <\/p>\n<p class=\"v-p\">. <\/p>\n","protected":false},"excerpt":{"rendered":"El granadino \u00c1lvaro C\u00e1rdenas contin\u00faa su progresi\u00f3n como profesional con una notable actuaci\u00f3n en su tercer partido con&hellip;\n","protected":false},"author":2,"featured_media":264561,"comment_status":"","ping_status":"","sticky":false,"template":"","format":"standard","meta":{"footnotes":""},"categories":[269],"tags":[2607,1575,299,298,29878,19020,15441,2828,168,39184,25,24,11560,5582,23,167],"class_list":{"0":"post-264560","1":"post","2":"type-post","3":"status-publish","4":"format-standard","5":"has-post-thumbnail","7":"category-baloncesto","8":"tag-alvaro","9":"tag-ante","10":"tag-baloncesto","11":"tag-basketball","12":"tag-beqa","13":"tag-burjanadze","14":"tag-cardenas","15":"tag-costa","16":"tag-deportes","17":"tag-divierte","18":"tag-es","19":"tag-espana","20":"tag-georgia","21":"tag-lluis","22":"tag-spain","23":"tag-sports"},"share_on_mastodon":{"url":"https:\/\/pubeurope.com\/@es\/115641456150824095","error":""},"_links":{"self":[{"href":"https:\/\/www.europesays.com\/es\/wp-json\/wp\/v2\/posts\/264560","targetHints":{"allow":["GET"]}}],"collection":[{"href":"https:\/\/www.europesays.com\/es\/wp-json\/wp\/v2\/posts"}],"about":[{"href":"https:\/\/www.europesays.com\/es\/wp-json\/wp\/v2\/types\/post"}],"author":[{"embeddable":true,"href":"https:\/\/www.europesays.com\/es\/wp-json\/wp\/v2\/users\/2"}],"replies":[{"embeddable":true,"href":"https:\/\/www.europesays.com\/es\/wp-json\/wp\/v2\/comments?post=264560"}],"version-history":[{"count":0,"href":"https:\/\/www.europesays.com\/es\/wp-json\/wp\/v2\/posts\/264560\/revisions"}],"wp:featuredmedia":[{"embeddable":true,"href":"https:\/\/www.europesays.com\/es\/wp-json\/wp\/v2\/media\/264561"}],"wp:attachment":[{"href":"https:\/\/www.europesays.com\/es\/wp-json\/wp\/v2\/media?parent=264560"}],"wp:term":[{"taxonomy":"category","embeddable":true,"href":"https:\/\/www.europesays.com\/es\/wp-json\/wp\/v2\/categories?post=264560"},{"taxonomy":"post_tag","embeddable":true,"href":"https:\/\/www.europesays.com\/es\/wp-json\/wp\/v2\/tags?post=264560"}],"curies":[{"name":"wp","href":"https:\/\/api.w.org\/{rel}","templated":true}]}}