{"id":264562,"date":"2025-12-01T00:22:09","date_gmt":"2025-12-01T00:22:09","guid":{"rendered":"https:\/\/www.europesays.com\/es\/264562\/"},"modified":"2025-12-01T00:22:09","modified_gmt":"2025-12-01T00:22:09","slug":"el-sporting-hara-una-concentracion-especial-de-varios-dias-en-la-ciudad-deportiva-del-eibar-la-voz-de-asturias","status":"publish","type":"post","link":"https:\/\/www.europesays.com\/es\/264562\/","title":{"rendered":"El Sporting har\u00e1 una concentraci\u00f3n especial de varios d\u00edas en la ciudad deportiva del Eibar &#8211; La Voz de Asturias"},"content":{"rendered":"<ol>\n<li><a href=\"https:\/\/news.google.com\/rss\/articles\/CBMi9AFBVV95cUxQSUxMQ3Q4b21FUFhwYThtUWVGRzlnY0J0OVJ6NkwwVWdZY3l0MHdSeFNSdkZXZjhzRGJ6UHVoOTVSSG1IMWRNY1VkS094UFFhUHBVcWpiNjlFYlRKY1NIVXZiYTZtQmhaN21IcGtCUnkyYjViTGFEYTVJd1RzQXg3S2oxdHdObmdPTE93ZnhkM1BqM19FZ1llQ3dDU0FacDE4OVhXUmRubVcySUVCdjJqVEVUX2xGa002VHNUNkxjT016VEZUbF9MMjdybC12NXJDMlNFbzdvZjJudmJ0Rk5ndEdvd2dVeENXTHBTS21haDUtZFps0gGQAkFVX3lxTE9PWXZUdDV2Y2pwbDZRb3RGdmEyazhhdk85VG5Cdzh4Q19JdlhlQVIwNm1wUkdtaGxpZ0F4Z1VBSHk2R1dmM2dkZ3dURjVyUXpHWE9uUzVpaW9lZTQ4R0VJbGJjQkxJZURjTlZiT0V4RGxDMlg0MmZoX05DdndQOGVzZ3V4cV8xZ01EWnJja2Y2ZzJXOFk4U0pQWV9OTHdVRkdOVU54enBRVHkyZ0pYTlVxZUpUWlczOEZ0QkxsVG9NbXRPOGd3NTJIV0dvUURqdHJ6aHhLTXNCNDloSC1vMHNXcldBVFZQbmVPZ2NTRnFac3N0YjRPTzFLTXM3UURSX3ZISEx6WjJuZGo2TlIzc3R5?oc=5\" target=\"_blank\" rel=\"nofollow noopener\">El Sporting har\u00e1 una concentraci\u00f3n especial de varios d\u00edas en la ciudad deportiva del Eibar<\/a>&nbsp;&nbsp;La Voz de Asturias<\/li>\n<li><a href=\"https:\/\/news.google.com\/rss\/articles\/CBMie0FVX3lxTE9IX2FKUlhmNVdpV1JaZ2luNkotMHVqeGpibldrQWdKSDRDVWg2ZzdHQkxrTmZIRER6V1VZek5NNzQ2dkFXdkNOWFVValRTeWdKQ0E5aWpta0ZJMzE0QmFUclJNbGxDb2pjNFRQVzRoRk9IWkp4bjNkdmRNQdIBjwFBVV95cUxQT1dCS1ZTYzZpN3BRX3BBaENBbFdORUhXRmdhVENLQ3RYX3hNRktKQVFpd05YcEplX1pNX2l4dGY5T21PVC1HN1lFWDJFRU5MOGh6U2tKZTM3VC1JU0lfcGVJSk1oUDJyem9HUklqRUp2RENUSlJiSmttLWU4UzRrbzA1SWxacjlEZUpBa1h6cw?oc=5\" target=\"_blank\" rel=\"nofollow noopener\">Miniconcentraci\u00f3n para abrir diciembre<\/a>&nbsp;&nbsp;Diario AS<\/li>\n<li><a href=\"https:\/\/news.google.com\/rss\/articles\/CBMigwFBVV95cUxOZ1RiNmV4bFMxRFdseUJlRG8xaWd5d2p6aDU3X3VZODZ4MzNJWFk5RHJpN2F4c3ZtWURtX2xPUkxETmlpTFMtR3Y3dkpzZDVqUmxCWXEtM09ZOXhuYjlmSXk0aHFwZEt3MW1iMWtIcndOODBSa1dkYXhXNjVYOUU4NFI1UQ?oc=5\" target=\"_blank\" rel=\"nofollow noopener\">Plan de trabajo hasta el 7 de diciembre<\/a>&nbsp;&nbsp;Real Sporting<\/li>\n<li><a href=\"https:\/\/news.google.com\/rss\/articles\/CBMilgFBVV95cUxQRV96djUzakFNa1lJS1YtWFNXY2d6RzBGdWdPd0RLbUliT1lCcWdUVnNiOGNZekdKVUJhQ3VBWFpmTzZlaFlRQXpXdWNNT2Nlb3NLNGk3LVVzVElWTElWa09pS0NFMVRYeDNURWJ3dFczRFN6Q3hBWEJmaEl4OHJNcUVkTlRlX3RPZWFPQV81TF9BOWF1WEHSAZsBQVVfeXFMUEtvUUJpTDFKTk9yRDRocjlIcDhhNW1VTlZtbzJEdldWcVc3eTJKUGVXUWVuQnpDUkJ6eG1lMzEzeDNtdDBKdnR1YllhQ3JUWEtWMDFRWHFjSGFaelJHOFAybTJHcEFjOU5ZNGM5Z0R0amptR19yQUQwbEZvei1wMTR3dnE3NnNkcVQ3Q1hCLXRZX2xfY3ZYcmdjRFU?oc=5\" target=\"_blank\" rel=\"nofollow noopener\">De \u00abmini stage\u00bb a Areitio: as\u00ed ser\u00e1 la concentraci\u00f3n del Sporting en Pa\u00eds Vasco<\/a>&nbsp;&nbsp;LNE<\/li>\n<li><a href=\"https:\/\/news.google.com\/rss\/articles\/CBMi5gFBVV95cUxOZDAxMzNjTEhBdENnYlBIRHQxY2ZDYWhTM1VMelJJbFM2cEpIYTRkYkJ5N1RxalNWajdKdlhDNG5wT2l6ajRqaDRlendxVmszVnkwai0zeDJtWjItRmhscFlXNjhoRFZJTHJZbUx2dDZWejZ3c3B4STZJd2Y2djJXS2VGQll0SHZmT2JtcXZnSkotRTFFREpYTUZBSkFKb2l1dlRpNV8zTWtmQzR3bF9ScER2NlNKYk9kRDNyTUNZWnpXTTZGSVpOUUl3aVBZdE5aekZpdWo2TjVXTWVkbG5rTU1nMnlmZ9IB6wFBVV95cUxPRGEwa1ZXNU05UEpCdTFXSEQtRFRwbTg4ZTZEMHZJX1p5ZUxVS2pEQ3FsT1N2aWgxb0Vxc1Q5RWRTejk0R0ItUmJFWUpaZjBIWldET05Xb2REbjlHVWo1RUFRNTVteDdSekFNdnExWE0wbWM3R1FoYWxyNnljUmJrbmdaQTYxSDNYZ0kySTd5dDlkWXRjUXdHQ1I0RUNMUjFxT0M4VHZFazlPZnFDanRmVkZpSVV6cm96UjlNcUl6MWJ2eTA5eGZ1cUk0ZkJFMDhzY2ZfUGthZm1YVll2WTBVWFprdWY0ak9GaDhn?oc=5\" target=\"_blank\" rel=\"nofollow noopener\">El Sporting iniciar\u00e1 ma\u00f1ana la preparaci\u00f3n del partido de Copa ante el Mirand\u00e9s<\/a>&nbsp;&nbsp;rtpa.es<\/li>\n<\/ol>\n","protected":false},"excerpt":{"rendered":"El Sporting har\u00e1 una concentraci\u00f3n especial de varios d\u00edas en la ciudad deportiva del Eibar&nbsp;&nbsp;La Voz de Asturias&hellip;\n","protected":false},"author":2,"featured_media":166007,"comment_status":"","ping_status":"","sticky":false,"template":"","format":"standard","meta":{"footnotes":""},"categories":[268],"tags":[168,25,24,280,282,281,23,4783,167],"class_list":{"0":"post-264562","1":"post","2":"type-post","3":"status-publish","4":"format-standard","5":"has-post-thumbnail","7":"category-futbol","8":"tag-deportes","9":"tag-es","10":"tag-espana","11":"tag-football","12":"tag-futbol","13":"tag-soccer","14":"tag-spain","15":"tag-sporting-de-gijon","16":"tag-sports"},"share_on_mastodon":{"url":"https:\/\/pubeurope.com\/@es\/115641460101879154","error":""},"_links":{"self":[{"href":"https:\/\/www.europesays.com\/es\/wp-json\/wp\/v2\/posts\/264562","targetHints":{"allow":["GET"]}}],"collection":[{"href":"https:\/\/www.europesays.com\/es\/wp-json\/wp\/v2\/posts"}],"about":[{"href":"https:\/\/www.europesays.com\/es\/wp-json\/wp\/v2\/types\/post"}],"author":[{"embeddable":true,"href":"https:\/\/www.europesays.com\/es\/wp-json\/wp\/v2\/users\/2"}],"replies":[{"embeddable":true,"href":"https:\/\/www.europesays.com\/es\/wp-json\/wp\/v2\/comments?post=264562"}],"version-history":[{"count":0,"href":"https:\/\/www.europesays.com\/es\/wp-json\/wp\/v2\/posts\/264562\/revisions"}],"wp:featuredmedia":[{"embeddable":true,"href":"https:\/\/www.europesays.com\/es\/wp-json\/wp\/v2\/media\/166007"}],"wp:attachment":[{"href":"https:\/\/www.europesays.com\/es\/wp-json\/wp\/v2\/media?parent=264562"}],"wp:term":[{"taxonomy":"category","embeddable":true,"href":"https:\/\/www.europesays.com\/es\/wp-json\/wp\/v2\/categories?post=264562"},{"taxonomy":"post_tag","embeddable":true,"href":"https:\/\/www.europesays.com\/es\/wp-json\/wp\/v2\/tags?post=264562"}],"curies":[{"name":"wp","href":"https:\/\/api.w.org\/{rel}","templated":true}]}}