{"id":264571,"date":"2025-12-01T00:30:12","date_gmt":"2025-12-01T00:30:12","guid":{"rendered":"https:\/\/www.europesays.com\/es\/264571\/"},"modified":"2025-12-01T00:30:12","modified_gmt":"2025-12-01T00:30:12","slug":"canarias-quinta-comunidad-con-mas-casos-de-vih-se-esta-banalizando","status":"publish","type":"post","link":"https:\/\/www.europesays.com\/es\/264571\/","title":{"rendered":"Canarias, quinta comunidad con m\u00e1s casos de VIH: \u00abSe est\u00e1 banalizando\u00bb"},"content":{"rendered":"<p><a class=\"v-mdl-ath__fig-a\" href=\"https:\/\/www.canarias7.es\/autor\/carmen-delia-aranda-rodriguez-3370.html\" title=\"Carmen Delia Aranda Rodr\u00edguez\" rel=\"nofollow noopener\" target=\"_blank\"><br \/>\n<img decoding=\"async\" class=\"v-mdl-ath__img\" src=\"https:\/\/www.europesays.com\/es\/wp-content\/uploads\/2025\/09\/autor-3370-foto-1.jpeg\" alt=\"Carmen Delia Aranda Rodr\u00edguez\"\/><br \/>\n<\/a><\/p>\n<p class=\"v-mdl-ath__p v-mdl-ath__p--6\">\nDomingo, 30 de noviembre 2025, 23:46<\/p>\n<p class=\"v-p\">Canarias notific\u00f3 durante el a\u00f1o pasado 242 nuevos casos de VIH, una cifra muy similar a la registrada en 2023, cuando se detectaron 238 casos, pero alejada de la anotada en 2014, cuando la circulaci\u00f3n del virus de inmunodeficiencia humana alcanz\u00f3 su m\u00e1ximo en el archipi\u00e9lago, con 379 diagn\u00f3sticos en aquel a\u00f1o.<\/p>\n<p class=\"v-p\">Canarias se mantiene, un a\u00f1o m\u00e1s, entre las comunidades con m\u00e1s infecciones, por detr\u00e1s de Madrid, Catalu\u00f1a, la Comunidad Valenciana y Andaluc\u00eda. \u00abTenemos una tasa de 10,81 casos por 100.000 habitantes al a\u00f1o, por encima de la media nacional, que se sit\u00faa en torno a 7 casos por 100.000 habitantes\u00bb, explica el t\u00e9cnico del servicio de Vigilancia y Prevenci\u00f3n de la Direcci\u00f3n General de Salud P\u00fablica, Guillermo P\u00e9rez Mart\u00edn, coincidiendo con el <strong>D\u00eda Mundial de la Lucha contra el Sida<\/strong>.<\/p>\n<p class=\"v-p\">El 88,8% de los nuevos diagn\u00f3sticos corresponde a hombres entre los 25 y 45 a\u00f1os. Alrededor del 60% de las personas infectadas el a\u00f1o pasado son de nacionalidad espa\u00f1ola. En cuanto al tipo de transmisi\u00f3n, el 62,8% de los nuevos diagn\u00f3sticos de VIH corresponde a personas gais, bisexuales y hombres que tienen sexo con hombres; el 35,5% se debe a relaciones heterosexuales sin protecci\u00f3n, y una sola persona lo contrajo al inyectarse droga.<\/p>\n<p>El reto, el diagn\u00f3stico precoz<\/p>\n<p class=\"v-p\">En Canarias, muchos de los nuevos casos se detectan durante el periodo asintom\u00e1tico de la infecci\u00f3n. No obstante, el 44,6% de las personas con VIH se diagnostica de forma tard\u00eda en el archipi\u00e9lago; es decir, cuando el virus lleva entre cinco y diez a\u00f1os replic\u00e1ndose. \u00abEn realidad, estamos mejor que en el resto del Estado, donde el 51% de los diagn\u00f3sticos son tard\u00edos\u00bb, afirma P\u00e9rez. En este periodo, las defensas empiezan a resentirse y, cuanto m\u00e1s tarde se produzca el diagn\u00f3stico, peor es el pron\u00f3stico. De hecho, entre el 17 y el 20% de los positivos se detectan cuando ya debuta la enfermedad del SIDA.<\/p>\n<p class=\"v-p\">En los \u00faltimos a\u00f1os, el abordaje del virus ha mejorado sustancialmente la calidad de vida de las personas seropositivas. \u00abGracias a la variedad y diversidad de tratamientos antirretrovirales disponibles, han mejorado tambi\u00e9n muchos perfiles de tolerabilidad, con menos efectos secundarios y, sobre todo, porque se han modificado las pol\u00edticas de inicio del tratamiento, de manera que se administra de forma muy precoz desde el diagn\u00f3stico\u00bb, recalca P\u00e9rez.<\/p>\n<p>Una vida normal junto al virus<\/p>\n<p class=\"v-p\">Esta mejora permite a quienes tienen VIH una vida pr\u00e1cticamente normal. \u00abCon una adecuada adherencia al tratamiento y un seguimiento correcto, una persona puede conseguir una carga viral casi indetectable y, al final, su esperanza de vida es pr\u00e1cticamente la misma que la del resto de la poblaci\u00f3n\u00bb, indica el experto.<\/p>\n<p class=\"v-p\">Este buen pron\u00f3stico ha inducido a parte de la ciudadan\u00eda a realizar pr\u00e1cticas sexuales de riesgo sin protecci\u00f3n. \u00abHay una banalizaci\u00f3n del VIH. La poblaci\u00f3n es consciente de estos avances en los tratamientos y en la calidad de vida. Ya no es un diagn\u00f3stico asociado a la enfermedad y la letalidad\u00bb, se\u00f1ala P\u00e9rez, quien recuerda que el m\u00e9todo fundamental para protegerse del virus es el uso del preservativo.<\/p>\n<ul class=\"v-u\">\n<li class=\"v-u__l\">\n<p class=\"v-p\">\nEn tratamiento<br \/>\nUn total de 8.027 personas seropositivas fueron tratadas con antirretrovirales en Canarias en 2024\n<\/p>\n<\/li>\n<li class=\"v-u__l\">\n<p class=\"v-p\">\nCoste<br \/>\nLa inversi\u00f3n en tratamientos antirretrovirales recibidos por estas personas ascendi\u00f3 a 39.073.547 euros\n<\/p>\n<\/li>\n<li class=\"v-u__l\">\n<p class=\"v-p\">\nPreexposici\u00f3n<br \/>\nEn 2024, 1.279 personas recibieron la Profilaxis PreExposici\u00f3n (PrEP), con un gasto de 171.134 euros\n<\/p>\n<\/li>\n<\/ul>\n<p>Avances en la erradicaci\u00f3n de la discriminaci\u00f3n<\/p>\n<p class=\"v-p\">Con motivo del D\u00eda Mundial de la Lucha contra el Sida, que se celebra este lunes, la Consejer\u00eda de Sanidad Canaria ha querido destacar los logros obtenidos en los \u00faltimos a\u00f1os contra el estigma y la desigualdad asociada al VIH. De esta forma, se suma a la campa\u00f1a promovida por el Ministerio de Sanidad bajo el lema &#8216;Viva la VIHda&#8217; que recuerda la importancia de erradicar el estigma y la discriminaci\u00f3n que todav\u00eda sufren las personas que viven con el VIH o aquellas que est\u00e1n m\u00e1s expuestas al virus.<\/p>\n<p class=\"v-p\">Entre los avances m\u00e1s destacados para eliminar la discriminaci\u00f3n de estas personas de los \u00faltimos a\u00f1os, el departamento cita la posibilidad de donar \u00f3rganos entre personas con VIH, la participaci\u00f3n en competiciones deportivas en condiciones de igualdad, la evidencia de que las personas con VIH con carga viral indetectable no transmiten el virus y la garant\u00eda de no discriminaci\u00f3n en el acceso a residencias de mayores o con discapacidad, se\u00f1alaron desde la Consejer\u00eda de Sanidad a trav\u00e9s de un comunicado, <\/p>\n<p class=\"v-p\">Otro de los grandes logros en este \u00e1mbito ha sido la eliminaci\u00f3n de barreras para trabajar en la Administraci\u00f3n, las Fuerzas Armadas y los cuerpos de Seguridad del Estado, como parte del Pacto Social por la No Discriminaci\u00f3n y la Igualdad de Trato asociada al VIH, al que Canarias est\u00e1 adherida desde su creaci\u00f3n.<\/p>\n<p class=\"v-p\">Actualmente, gracias a los avances en su tratamiento, la mitad de las personas con VIH de Espa\u00f1a lleva m\u00e1s de 15 a\u00f1os diagnosticada y su esperanza de vida es similar a la de la poblaci\u00f3n general.<\/p>\n<p>Reporta un error<\/p>\n","protected":false},"excerpt":{"rendered":"Domingo, 30 de noviembre 2025, 23:46 Canarias notific\u00f3 durante el a\u00f1o pasado 242 nuevos casos de VIH, una&hellip;\n","protected":false},"author":2,"featured_media":264572,"comment_status":"","ping_status":"","sticky":false,"template":"","format":"standard","meta":{"footnotes":""},"categories":[92],"tags":[65658,1896,858,10898,25,24,165,15384,166,23,6877],"class_list":{"0":"post-264571","1":"post","2":"type-post","3":"status-publish","4":"format-standard","5":"has-post-thumbnail","7":"category-salud","8":"tag-banalizando","9":"tag-canarias","10":"tag-casos","11":"tag-comunidad","12":"tag-es","13":"tag-espana","14":"tag-health","15":"tag-quinta","16":"tag-salud","17":"tag-spain","18":"tag-vih"},"share_on_mastodon":{"url":"https:\/\/pubeurope.com\/@es\/115641492781209195","error":""},"_links":{"self":[{"href":"https:\/\/www.europesays.com\/es\/wp-json\/wp\/v2\/posts\/264571","targetHints":{"allow":["GET"]}}],"collection":[{"href":"https:\/\/www.europesays.com\/es\/wp-json\/wp\/v2\/posts"}],"about":[{"href":"https:\/\/www.europesays.com\/es\/wp-json\/wp\/v2\/types\/post"}],"author":[{"embeddable":true,"href":"https:\/\/www.europesays.com\/es\/wp-json\/wp\/v2\/users\/2"}],"replies":[{"embeddable":true,"href":"https:\/\/www.europesays.com\/es\/wp-json\/wp\/v2\/comments?post=264571"}],"version-history":[{"count":0,"href":"https:\/\/www.europesays.com\/es\/wp-json\/wp\/v2\/posts\/264571\/revisions"}],"wp:featuredmedia":[{"embeddable":true,"href":"https:\/\/www.europesays.com\/es\/wp-json\/wp\/v2\/media\/264572"}],"wp:attachment":[{"href":"https:\/\/www.europesays.com\/es\/wp-json\/wp\/v2\/media?parent=264571"}],"wp:term":[{"taxonomy":"category","embeddable":true,"href":"https:\/\/www.europesays.com\/es\/wp-json\/wp\/v2\/categories?post=264571"},{"taxonomy":"post_tag","embeddable":true,"href":"https:\/\/www.europesays.com\/es\/wp-json\/wp\/v2\/tags?post=264571"}],"curies":[{"name":"wp","href":"https:\/\/api.w.org\/{rel}","templated":true}]}}