{"id":264581,"date":"2025-12-01T00:35:10","date_gmt":"2025-12-01T00:35:10","guid":{"rendered":"https:\/\/www.europesays.com\/es\/264581\/"},"modified":"2025-12-01T00:35:10","modified_gmt":"2025-12-01T00:35:10","slug":"el-congreso-insta-a-eliminar-el-castigo-por-jubilacion-anticipada-con-40-anos-cotizados","status":"publish","type":"post","link":"https:\/\/www.europesays.com\/es\/264581\/","title":{"rendered":"El Congreso insta a eliminar el castigo por jubilaci\u00f3n anticipada con 40 a\u00f1os cotizados"},"content":{"rendered":"<p style=\"\">Jubilaci\u00f3n de forma voluntaria o forzosa por despido, pero los castigos pueden condicionar de forma significativa la pensi\u00f3n futura. Para mitigar esta situaci\u00f3n en los aquellos casos en los que <a href=\"https:\/\/www.abc.es\/economia\/ninguna-region-pueden-pagar-pensiones-cotizaciones-20251112114315-nt.html\" target=\"_self\" data-voc-vtm-id=\"in-text-traffic\" title=\"el trabajador acumula largas carreras de cotizaci\u00f3n\" rel=\"nofollow noopener\">el trabajador acumula largas carreras de cotizaci\u00f3n<\/a>, el Congreso de los Diputados ha aprobado  &#8230; una moci\u00f3n a instancias de Podemos, que recoge una hist\u00f3rica petici\u00f3n de la Asociaci\u00f3n de pensionistas <strong>Asjubi40<\/strong> para que se modifique la actual normativa, que aplica <strong>coeficientes reductores<\/strong> a quienes adelantan la edad de jubilaci\u00f3n, ya sea de forma voluntaria o por despido y acumulen m\u00e1s de 40 a\u00f1os cotizados. Una situaci\u00f3n en la que est\u00e1n 900.000 pensionistas, seg\u00fan el Instituto BBVA de pensiones.<\/p>\n<p class=\"voc-p\" style=\"\">La moci\u00f3n de la formaci\u00f3n morada se deriva de una interpelaci\u00f3n previa a la ministra de Inclusi\u00f3n, Seguridad Social y Migraciones, <strong>Elma Saiz<\/strong>, en la que se reprochaba al Ejecutivo que mantenga un sistema que penaliza a quienes han desarrollado <strong>trayectorias laborales<\/strong> largas. La respuesta en este caso de la titular del departamento fue negativa; aludi\u00f3 a que ya existe un complemento destinado a quienes se jubilaron anticipadamente entre enero de 2002 y diciembre de 2021 con al menos con 40 a\u00f1os cotizados y n\u00f3minas inferiores a 900 euros a 1 de enero de 2022.<\/p>\n<p class=\"voc-p\" style=\"\">Pero la propuesta de la formaci\u00f3n morada fue respaldada por una <strong>mayor\u00eda del arco parlamentario<\/strong>. Votaron a favor el propio PSOE, Sumar, ERC, Junts, Bildu, PNV, BNG, Coalici\u00f3n Canaria, UPN y Comprom\u00eds. El Partido Popular y Vox se abstuvieron en la votaci\u00f3n. Un respaldo pol\u00edtico mayoritario que, con muchas posibilidades, podr\u00eda llevar la iniciativa al Pacto de Toledo para su discusi\u00f3n. Sobre este asunto tambi\u00e9n est\u00e1 pendiente el debate en la C\u00e1mara Baja de una proposici\u00f3n de Ley. <\/p>\n<p class=\"voc-p\" style=\"\">En la actualidad, en el caso de una jubilaci\u00f3n anticipada, la Seguridad Social aplica <strong>coeficientes reductores<\/strong> sobre el importe de la pensi\u00f3n que var\u00edan en funci\u00f3n del n\u00famero de meses de adelanto, -hasta un m\u00e1ximo de 24 meses en el caso de la jubilaci\u00f3n anticipada voluntaria y 48 meses en caso de jubilaci\u00f3n anticipada involuntaria- y del periodo de cotizaci\u00f3n acumulado.<\/p>\n<p>\nAnticipo del retiro\n<\/p>\n<p class=\"voc-p\" style=\"\">Para lo que tengan m\u00e1s de 40 a\u00f1os cotizados, el coeficiente m\u00e1ximo aplicado en caso de jubilaci\u00f3n anticipada voluntaria, si se adelanta 24 meses la jubilaci\u00f3n es del 19% si el afectado tiene m\u00e1s de 38,5 a\u00f1os y menos de 41,5 a\u00f1os; 17% si tiene m\u00e1s de 41,5 a\u00f1os de cotizaci\u00f3n y menos de 44,5 a\u00f1os, y 13% si cuenta con m\u00e1s de <strong>44 a\u00f1os y 6 mese<\/strong>s de cotizaci\u00f3n.<\/p>\n<p class=\"voc-p\" style=\"\">En el caso de la jubilaci\u00f3n anticipada voluntaria, para aquellos cuya pensi\u00f3n te\u00f3rica, una vez aplicados los coeficientes reductores, supere el importe de pensi\u00f3n m\u00e1xima, se est\u00e1 aplicando un periodo transitorio hasta 2033 con coeficientes reductores sobre el importe de la<strong> pensi\u00f3n m\u00e1xima<\/strong>, en funci\u00f3n del a\u00f1o de acceso al retiro y del periodo de cotizaci\u00f3n acumulado, siempre y cuando la reducci\u00f3n de la n\u00f3mina por la aplicaci\u00f3n esos coeficientes se vea absorbida por la revalorizaci\u00f3n de la pensi\u00f3n m\u00e1xima.<\/p>\n","protected":false},"excerpt":{"rendered":"Jubilaci\u00f3n de forma voluntaria o forzosa por despido, pero los castigos pueden condicionar de forma significativa la pensi\u00f3n&hellip;\n","protected":false},"author":2,"featured_media":264582,"comment_status":"","ping_status":"","sticky":false,"template":"","format":"standard","meta":{"footnotes":""},"categories":[8],"tags":[988,65659,17,18,51316,11866,44212,3568,25,24,13,14,11,11693,8881,19,20,9,10,15,16,23,12,21,22],"class_list":{"0":"post-264581","1":"post","2":"type-post","3":"status-publish","4":"format-standard","5":"has-post-thumbnail","7":"category-espana","8":"tag-anos","9":"tag-anticipada","10":"tag-breaking-news","11":"tag-breakingnews","12":"tag-castigo","13":"tag-congreso","14":"tag-cotizados","15":"tag-eliminar","16":"tag-es","17":"tag-espana","18":"tag-featured-news","19":"tag-featurednews","20":"tag-headlines","21":"tag-insta","22":"tag-jubilacion","23":"tag-latest-news","24":"tag-latestnews","25":"tag-news","26":"tag-noticias","27":"tag-noticias-destacadas","28":"tag-noticiasdestacadas","29":"tag-spain","30":"tag-titulares","31":"tag-ultimas-noticias","32":"tag-ultimasnoticias"},"share_on_mastodon":{"url":"https:\/\/pubeurope.com\/@es\/115641511032148821","error":""},"_links":{"self":[{"href":"https:\/\/www.europesays.com\/es\/wp-json\/wp\/v2\/posts\/264581","targetHints":{"allow":["GET"]}}],"collection":[{"href":"https:\/\/www.europesays.com\/es\/wp-json\/wp\/v2\/posts"}],"about":[{"href":"https:\/\/www.europesays.com\/es\/wp-json\/wp\/v2\/types\/post"}],"author":[{"embeddable":true,"href":"https:\/\/www.europesays.com\/es\/wp-json\/wp\/v2\/users\/2"}],"replies":[{"embeddable":true,"href":"https:\/\/www.europesays.com\/es\/wp-json\/wp\/v2\/comments?post=264581"}],"version-history":[{"count":0,"href":"https:\/\/www.europesays.com\/es\/wp-json\/wp\/v2\/posts\/264581\/revisions"}],"wp:featuredmedia":[{"embeddable":true,"href":"https:\/\/www.europesays.com\/es\/wp-json\/wp\/v2\/media\/264582"}],"wp:attachment":[{"href":"https:\/\/www.europesays.com\/es\/wp-json\/wp\/v2\/media?parent=264581"}],"wp:term":[{"taxonomy":"category","embeddable":true,"href":"https:\/\/www.europesays.com\/es\/wp-json\/wp\/v2\/categories?post=264581"},{"taxonomy":"post_tag","embeddable":true,"href":"https:\/\/www.europesays.com\/es\/wp-json\/wp\/v2\/tags?post=264581"}],"curies":[{"name":"wp","href":"https:\/\/api.w.org\/{rel}","templated":true}]}}