{"id":264593,"date":"2025-12-01T00:47:09","date_gmt":"2025-12-01T00:47:09","guid":{"rendered":"https:\/\/www.europesays.com\/es\/264593\/"},"modified":"2025-12-01T00:47:09","modified_gmt":"2025-12-01T00:47:09","slug":"los-laberintos-de-martin-braun-blaquier-salen-a-la-luz-en-buenos-aires","status":"publish","type":"post","link":"https:\/\/www.europesays.com\/es\/264593\/","title":{"rendered":"Los laberintos de Mart\u00edn Braun Blaquier salen a la luz en Buenos Aires"},"content":{"rendered":"<p><img alt=\"Los laberintos de Mart\u00edn Braun\" class=\"global-image\" decoding=\"async\" fetchpriority=\"high\" height=\"846\" loading=\"eager\" src=\"https:\/\/www.europesays.com\/es\/wp-content\/uploads\/2025\/12\/H4PT57FAPNAWDMTL2G7CNN6VMQ.jpeg\" width=\"1280\"\/>Los laberintos de Mart\u00edn Braun Blaquier salen a la luz en Buenos Aires<\/p>\n<p class=\"paragraph\">Tras permanecer ocultos durante cinco d\u00e9cadas, <b>Mart\u00edn Braun Blaquier <\/b>revel\u00f3 los laberintos que comenz\u00f3 a trazar en su infancia, que se exhibir\u00e1n por primera vez al p\u00fablico en <b>Miranda Bosch Gallery<\/b>, a partir del 2 de diciembre.<\/p>\n<p class=\"paragraph\">La galer\u00eda porte\u00f1a abrir\u00e1 sus puertas para el segundo encuentro exclusivo dedicado a la serie Laberintos, en la calle Montevideo 1723, en un event, programado entre las 16.30 y las 20.30, que da continuidad a una primera presentaci\u00f3n que atrajo a una multitud de coleccionistas, artistas y referentes culturales, consolidando el inter\u00e9s por la obra de Braun Blaquier.<\/p>\n<p class=\"paragraph\">El origen de este lenguaje visual se remonta a cuando Braun Blaquier ten\u00eda nueve a\u00f1os. Desde entonces, los laberintos no fueron para \u00e9l un simple pasatiempo, sino una forma de pensamiento y un m\u00e9todo silencioso para organizar emociones y preguntas que no lograban expresarse en palabras. Con el paso del tiempo, estos dibujos se transformaron en un sistema personal de s\u00edmbolos y recorridos, acompa\u00f1ando al artista a lo largo de su vida, siempre en la intimidad.<\/p>\n<p><img alt=\"Tras permanecer ocultos durante cinco\" class=\"global-image\" decoding=\"async\" fetchpriority=\"low\" height=\"4160\" loading=\"lazy\" src=\"https:\/\/www.europesays.com\/es\/wp-content\/uploads\/2025\/12\/NJR5HVQMYVDINJ5G5DNQXMPJSE.jpeg\" width=\"3120\"\/>Tras permanecer ocultos durante cinco d\u00e9cadas, Mart\u00edn Braun Blaquier revel\u00f3 los laberintos que comenz\u00f3 a trazar en su infancia<\/p>\n<p class=\"paragraph\">La reciente exposici\u00f3n de estos trabajos representa la culminaci\u00f3n de medio siglo de producci\u00f3n constante y reservada. El p\u00fablico se encuentra ahora ante un corpus de obras que destaca por su precisi\u00f3n estructural, el ritmo y la intensidad crom\u00e1tica, as\u00ed como por una emocionalidad contenida que se manifiesta en la aparente simplicidad de cada pieza. En la muestra inaugural, varias de las obras fueron adquiridas de inmediato por coleccionistas, quienes reconocieron tanto la belleza formal como la autenticidad y la profundidad emocional presentes en cada trazo.<\/p>\n<p class=\"paragraph\">El impacto de la exhibici\u00f3n se refleja en las reacciones de quienes la visitaron. Muchos coinciden en que la obra conmueve por su honestidad: no busca impresionar ni ofrecer explicaciones, sino que se presenta como un mapa \u00edntimo capaz de adquirir un sentido universal. <\/p>\n<p><img alt=\"La galer\u00eda porte\u00f1a abrir\u00e1 sus\" class=\"global-image\" decoding=\"async\" fetchpriority=\"low\" height=\"4105\" loading=\"lazy\" src=\"https:\/\/www.europesays.com\/es\/wp-content\/uploads\/2025\/12\/GA2VMQAUIFCGBEZ7A52KAV6YWI.jpg\" width=\"6157\"\/>La galer\u00eda porte\u00f1a abrir\u00e1 sus puertas para el segundo encuentro exclusivo dedicado a la serie Laberintos<\/p>\n<p class=\"paragraph\">En el plano conceptual, los laberintos de Braun Blaquier no se proponen como enigmas a resolver, sino como met\u00e1foras del recorrido interior. Cada obra establece su propia l\u00f3gica: caminos que se bifurcan, desv\u00edos inesperados, zonas de calma, tensiones, repeticiones que resguardan, colores que ordenan o alteran, y movimientos que evocan una respiraci\u00f3n contenida. El espectador es invitado a ingresar en estos espacios no para encontrar una soluci\u00f3n, sino para reconocerse en ellos.<\/p>\n<p class=\"paragraph\">La respuesta del p\u00fablico ha impulsado la organizaci\u00f3n de nuevas presentaciones para los a\u00f1os 2025 y 2026, incluyendo exhibiciones en <b>Punta del Este<\/b> y un recorrido curado que abordar\u00e1 distintas etapas de la producci\u00f3n del artista. La curadur\u00eda de la muestra est\u00e1 a cargo de <b>Lucas Oron\u00e1<\/b>, representante de Braun Blaquier, quien ha acompa\u00f1ado el proceso de apertura p\u00fablica de la obra y la organizaci\u00f3n de las diferentes series que integran su universo visual.<\/p>\n","protected":false},"excerpt":{"rendered":"Los laberintos de Mart\u00edn Braun Blaquier salen a la luz en Buenos Aires Tras permanecer ocultos durante cinco&hellip;\n","protected":false},"author":2,"featured_media":264594,"comment_status":"","ping_status":"","sticky":false,"template":"","format":"standard","meta":{"footnotes":""},"categories":[173],"tags":[229,233,231,230,232,234,146,147,25,24,23],"class_list":{"0":"post-264593","1":"post","2":"type-post","3":"status-publish","4":"format-standard","5":"has-post-thumbnail","7":"category-arte-y-diseno","8":"tag-arte","9":"tag-arte-y-diseno","10":"tag-arts","11":"tag-arts-and-design","12":"tag-design","13":"tag-diseno","14":"tag-entertainment","15":"tag-entretenimiento","16":"tag-es","17":"tag-espana","18":"tag-spain"},"share_on_mastodon":{"url":"https:\/\/pubeurope.com\/@es\/115641558779411698","error":""},"_links":{"self":[{"href":"https:\/\/www.europesays.com\/es\/wp-json\/wp\/v2\/posts\/264593","targetHints":{"allow":["GET"]}}],"collection":[{"href":"https:\/\/www.europesays.com\/es\/wp-json\/wp\/v2\/posts"}],"about":[{"href":"https:\/\/www.europesays.com\/es\/wp-json\/wp\/v2\/types\/post"}],"author":[{"embeddable":true,"href":"https:\/\/www.europesays.com\/es\/wp-json\/wp\/v2\/users\/2"}],"replies":[{"embeddable":true,"href":"https:\/\/www.europesays.com\/es\/wp-json\/wp\/v2\/comments?post=264593"}],"version-history":[{"count":0,"href":"https:\/\/www.europesays.com\/es\/wp-json\/wp\/v2\/posts\/264593\/revisions"}],"wp:featuredmedia":[{"embeddable":true,"href":"https:\/\/www.europesays.com\/es\/wp-json\/wp\/v2\/media\/264594"}],"wp:attachment":[{"href":"https:\/\/www.europesays.com\/es\/wp-json\/wp\/v2\/media?parent=264593"}],"wp:term":[{"taxonomy":"category","embeddable":true,"href":"https:\/\/www.europesays.com\/es\/wp-json\/wp\/v2\/categories?post=264593"},{"taxonomy":"post_tag","embeddable":true,"href":"https:\/\/www.europesays.com\/es\/wp-json\/wp\/v2\/tags?post=264593"}],"curies":[{"name":"wp","href":"https:\/\/api.w.org\/{rel}","templated":true}]}}