{"id":264611,"date":"2025-12-01T00:58:07","date_gmt":"2025-12-01T00:58:07","guid":{"rendered":"https:\/\/www.europesays.com\/es\/264611\/"},"modified":"2025-12-01T00:58:07","modified_gmt":"2025-12-01T00:58:07","slug":"salome-pradas-sobre-mazon-y-su-papel-el-dia-de-la-dana-nunca-me-ha-relatado-lo-que-hizo-aquella-tarde-politica","status":"publish","type":"post","link":"https:\/\/www.europesays.com\/es\/264611\/","title":{"rendered":"Salom\u00e9 Pradas sobre Maz\u00f3n y su papel el d\u00eda de la DANA: \u00abNunca me ha relatado lo que hizo aquella tarde\u00bb | Pol\u00edtica"},"content":{"rendered":"<p class=\"loc\">Madrid<\/p>\n<p>La exconsellera de Interior, Salom\u00e9 Pradas, imputada junto a su n\u00famero dos, Emilio Arg\u00fceso, por presuntos delitos de homicidio por imprudencia en la investigaci\u00f3n de la DANA que dej\u00f3 229 fallecidos en la Comunitat Valenciana, ha asegurado en una entrevista en Salvados (LaSexta) que desconoce qu\u00e9 hizo el entonces president Carlos Maz\u00f3n durante las horas cr\u00edticas de la emergencia.<\/p>\n<p>\u00abPor responsabilidad quise comunic\u00e1rselo a mi president y no pude. Lo que m\u00e1s me doli\u00f3 fue la versi\u00f3n que dio despu\u00e9s. No puedo ni reproducirlo\u00bb, ha afirmado. \u00abSolo sent\u00eda que necesitaba ayudar a la gente, y ni repar\u00e9 d\u00f3nde pod\u00eda estar o no el se\u00f1or Maz\u00f3n.\u00bb<\/p>\n<p>La exconsellera tambi\u00e9n ha afirmado que Presidencia de la Generalitat le impidi\u00f3 hablar con los medios de comunicaci\u00f3n en los d\u00edas posteriores a la DANA. Asegura que, una vez Maz\u00f3n lleg\u00f3 al Cecopi, fue \u00e9l quien asumi\u00f3 la comunicaci\u00f3n y, en los d\u00edas siguientes, se nombr\u00f3 a otra portavoz.<\/p>\n<p>Defiende su gesti\u00f3n y critica la politizaci\u00f3n<\/p>\n<p>Pradas sostiene que su actuaci\u00f3n se ha visto distorsionada: \u00abLas v\u00edctimas y damnificados necesitan saber toda la verdad. Me ha ayudado la decisi\u00f3n de dimitir del expresidente Maz\u00f3n porque creo que se abre una nueva etapa.\u00bb\u00bbSe les ha escuchado poco. Ha habido demasiada pol\u00edtica y poco coraz\u00f3n.\u00bb<\/p>\n<p>Rechaza la imagen que se ha proyectado sobre ella: \u00abQuienes me conocen saben que el d\u00eda de la DANA hice todo lo posible por ayudar a resolver la emergencia. Una emergencia que se enfrentaba casi a un apocalipsis. Esa imagen de ignorante, pasiva o ca\u00f3tica es absolutamente injusta. Ya est\u00e1 bien de que hable mucha gente por m\u00ed.\u00bb<\/p>\n<p>Admite falta de experiencia y carencias en los planes<\/p>\n<p>Pradas reconoce que llevaba solo tres meses en el cargo y sin experiencia t\u00e9cnica: \u00abNunca se requiere experiencia concreta a un pol\u00edtico para ser responsable institucional de emergencias. Llevaba tres meses y no ten\u00eda conocimientos t\u00e9cnicos. Pero all\u00ed hab\u00eda un equipo con much\u00edsima experiencia, y yo ten\u00eda la seguridad de que se pod\u00eda gestionar con ese equipo.\u00bb<\/p>\n<p>Tambi\u00e9n admite deficiencias en la planificaci\u00f3n: \u00abMe hubiera gustado que un sistema que se denomina ARGOS hubiera estado desarrollado. Ech\u00e9 en falta muchas otras cosas. No me dio tiempo a actualizar esos planes.\u00bb<\/p>\n<p>El 29 de octubre de 2024, la Comunitat Valenciana vivi\u00f3 uno de los episodios m\u00e1s extremos del siglo XXI. La AEMET registr\u00f3 acumulados superiores a 300 litros por metro cuadrado en amplias zonas del interior, con picos de 491 litros en ocho horas entre Utiel y Chiva. El embalse de Forata pas\u00f3 de 7 a 37 hect\u00f3metros c\u00fabicos en apenas cinco horas, lo que oblig\u00f3 a activar alertas hidrol\u00f3gicas y planes de emergencia.<\/p>\n<p>Pradas relata que el d\u00eda anterior se trabajaba con alerta amarilla y previsiones de entre 150 y 180 litros: \u00abEllos decidieron en base a nuestros avisos lo que consideraron m\u00e1s oportuno. Ojal\u00e1 hubi\u00e9ramos tenido otros planes m\u00e1s concretos y m\u00e1s revisados, pero eso no existe, igual que no hay protocolo de ES Alert que te diga qu\u00e9 alerta tirar.\u00bb<\/p>\n<p>Contexto a\u00f1adido: Seg\u00fan los registros oficiales, los avisos de AEMET no eran amarillos en ese momento: la alerta era naranja desde dos d\u00edas antes y roja desde las siete de la ma\u00f1ana del 29 de octubre, lo que indicaba riesgo extremo.<\/p>\n<p>Las comunicaciones con Maz\u00f3n<\/p>\n<p>Durante la ma\u00f1ana, asegura que mantiene informado al president Maz\u00f3n: \u00ab\u00c9l pidi\u00f3 que estuviera informada, que hiciera el seguimiento y le mantuviera informado. Hubo una llamada un poco antes de la una, no me cogi\u00f3. Hay unas comunicaciones por mensajer\u00eda, le informo de las alertas hidrol\u00f3gicas y me pongo en contacto con el jefe de gabinete. Me dijo que perfecto, y que le fuera informando.\u00bb<\/p>\n<p>A las 12:40 se decreta la alerta hidrol\u00f3gica en el Barranco del Pollo y el r\u00edo Magro: \u00abHab\u00eda medios desplegados tanto en el Magro como en el Pollo y alguien los retir\u00f3, bomberos forestales. La Confederaci\u00f3n nos estaba diciendo que el nivel del cauce iba por debajo del nivel de peligro.\u00bb<\/p>\n<p>Pradas reconoce que intenta hablar directamente con Maz\u00f3n: \u00abPor responsabilidad me salt\u00e9 el &#8216;no me llames&#8217; y directamente llam\u00e9 al president a las cuatro y media de la tarde. Esa llamada fue cancelada. No s\u00e9 las razones de que no me cogiera, eso lo tendr\u00e1 que aclarar el se\u00f1or Maz\u00f3n.\u00bb<\/p>\n<p>El debate sobre el ES Alert<\/p>\n<p>El aviso masivo a la poblaci\u00f3n se retrasa hasta las 20:11:\u00bbDel ES Alert no oigo hablar hasta las siete de la tarde. El se\u00f1or Basset dice que puede ser contraproducente. Era un ES Alert para Forata, ten\u00edamos dos horas por delante. La Confederaci\u00f3n dijo que pod\u00eda colapsar la presa de Forata. El debate dur\u00f3 25 minutos y otros 30 de gesti\u00f3n del env\u00edo por parte de los t\u00e9cnicos. El testigo dijo incluso que les cost\u00f3 encontrar el sistema inform\u00e1tico.\u00bb \u00abFue un fallo implementar un sistema inform\u00e1tico en su d\u00eda y hacer las pruebas necesarias antes. Se envi\u00f3 el mensaje que consideraron los t\u00e9cnicos.\u00bb ha sentenciado.<\/p>\n","protected":false},"excerpt":{"rendered":"Madrid La exconsellera de Interior, Salom\u00e9 Pradas, imputada junto a su n\u00famero dos, Emilio Arg\u00fceso, por presuntos delitos&hellip;\n","protected":false},"author":2,"featured_media":264612,"comment_status":"","ping_status":"","sticky":false,"template":"","format":"standard","meta":{"footnotes":""},"categories":[8],"tags":[17,18,25,24,13,14,11,19,20,9,10,15,16,23,12,21,22],"class_list":{"0":"post-264611","1":"post","2":"type-post","3":"status-publish","4":"format-standard","5":"has-post-thumbnail","7":"category-espana","8":"tag-breaking-news","9":"tag-breakingnews","10":"tag-es","11":"tag-espana","12":"tag-featured-news","13":"tag-featurednews","14":"tag-headlines","15":"tag-latest-news","16":"tag-latestnews","17":"tag-news","18":"tag-noticias","19":"tag-noticias-destacadas","20":"tag-noticiasdestacadas","21":"tag-spain","22":"tag-titulares","23":"tag-ultimas-noticias","24":"tag-ultimasnoticias"},"share_on_mastodon":{"url":"https:\/\/pubeurope.com\/@es\/115641601530284402","error":""},"_links":{"self":[{"href":"https:\/\/www.europesays.com\/es\/wp-json\/wp\/v2\/posts\/264611","targetHints":{"allow":["GET"]}}],"collection":[{"href":"https:\/\/www.europesays.com\/es\/wp-json\/wp\/v2\/posts"}],"about":[{"href":"https:\/\/www.europesays.com\/es\/wp-json\/wp\/v2\/types\/post"}],"author":[{"embeddable":true,"href":"https:\/\/www.europesays.com\/es\/wp-json\/wp\/v2\/users\/2"}],"replies":[{"embeddable":true,"href":"https:\/\/www.europesays.com\/es\/wp-json\/wp\/v2\/comments?post=264611"}],"version-history":[{"count":0,"href":"https:\/\/www.europesays.com\/es\/wp-json\/wp\/v2\/posts\/264611\/revisions"}],"wp:featuredmedia":[{"embeddable":true,"href":"https:\/\/www.europesays.com\/es\/wp-json\/wp\/v2\/media\/264612"}],"wp:attachment":[{"href":"https:\/\/www.europesays.com\/es\/wp-json\/wp\/v2\/media?parent=264611"}],"wp:term":[{"taxonomy":"category","embeddable":true,"href":"https:\/\/www.europesays.com\/es\/wp-json\/wp\/v2\/categories?post=264611"},{"taxonomy":"post_tag","embeddable":true,"href":"https:\/\/www.europesays.com\/es\/wp-json\/wp\/v2\/tags?post=264611"}],"curies":[{"name":"wp","href":"https:\/\/api.w.org\/{rel}","templated":true}]}}