{"id":264613,"date":"2025-12-01T00:59:11","date_gmt":"2025-12-01T00:59:11","guid":{"rendered":"https:\/\/www.europesays.com\/es\/264613\/"},"modified":"2025-12-01T00:59:11","modified_gmt":"2025-12-01T00:59:11","slug":"garitano-para-ganar-fuera-de-casa-hay-que-competir-como-hoy-cadiz-club-de-futbol","status":"publish","type":"post","link":"https:\/\/www.europesays.com\/es\/264613\/","title":{"rendered":"Garitano: \u201cPara ganar fuera de casa hay que competir como hoy\u201d | C\u00e1diz Club de F\u00fatbol"},"content":{"rendered":"<p data-start=\"373\" data-end=\"620\">El entrenador del C\u00e1diz CF, <strong data-start=\"401\" data-end=\"420\">Gaizka Garitano<\/strong>, analiz\u00f3 en rueda de prensa la importante victoria ante el C\u00f3rdoba FC (1\u20132) en la jornada 16 de LaLiga Hypermotion, un triunfo que pone fin a la racha negativa de resultados que arrastraba el equipo.<\/p>\n<p data-start=\"622\" data-end=\"959\">Garitano se mostr\u00f3 satisfecho con la actuaci\u00f3n de sus jugadores ante un rival de gran nivel:<br data-start=\"714\" data-end=\"717\"\/><strong data-start=\"717\" data-end=\"950\">\u201cContento. El equipo ha competido muy bien ante un gran rival, que tiene mucha calidad, y para ganar aqu\u00ed ten\u00edamos que hacer el partido que hemos hecho. Lo hemos llevado a cabo y estoy satisfecho con el trabajo de todo el equipo\u201d<\/strong>, afirm\u00f3.<\/p>\n<p data-start=\"961\" data-end=\"1237\">No obstante, la nota amarga lleg\u00f3 con la lesi\u00f3n del guardameta <strong data-start=\"1024\" data-end=\"1043\">Bojan Kova\u010devi\u0107<\/strong>:<br data-start=\"1044\" data-end=\"1047\"\/><strong data-start=\"1047\" data-end=\"1216\">\u201cParece que tiene una lesi\u00f3n grave de rodilla. Tenemos que esperar a las pruebas, pero no tiene buena pinta. Es una pena, es un jugador muy importante para nosotros\u201d<\/strong>, lament\u00f3 el t\u00e9cnico.<\/p>\n<p data-start=\"1239\" data-end=\"1512\">El triunfo supone un impulso moral necesario tras las \u00faltimas jornadas complicadas:<br data-start=\"1322\" data-end=\"1325\"\/><strong data-start=\"1325\" data-end=\"1502\">\u201cNecesit\u00e1bamos ganar. Ven\u00edamos de una racha mala, pero lo importante es que el equipo compita bien. En Segunda Divisi\u00f3n, estemos mejor o peor, tenemos que competir como hoy\u201d<\/strong>, subray\u00f3.<\/p>\n<p data-start=\"1514\" data-end=\"1859\">Garitano valor\u00f3 tambi\u00e9n el esfuerzo del grupo en un encuentro marcado por distintas fases:<br data-start=\"1604\" data-end=\"1607\"\/><strong data-start=\"1607\" data-end=\"1849\">\u201cCon el equipo tan joven que tenemos y contra rivales buenos, tenemos que pelear y trabajar. Para ganar fuera de casa en Segunda Divisi\u00f3n tienes que hacer el partido que hemos hecho. Hemos sido inteligentes y hemos llevado a cabo el plan\u201d<\/strong>, explic\u00f3.<\/p>\n<p data-start=\"1861\" data-end=\"2284\">Respecto al planteamiento con dos delanteros \u2014\u00c1lvaro Garc\u00eda Pascual y Roger\u2014, el entrenador detall\u00f3 la decisi\u00f3n:<br data-start=\"1973\" data-end=\"1976\"\/><strong data-start=\"1976\" data-end=\"2274\">\u201cEs un riesgo jugar con cuatro arriba, pero fuera de casa no est\u00e1bamos encontrando ocasiones. Sab\u00edamos que ellos tienen mucha calidad y meten mucha gente por delante del bal\u00f3n, pero tambi\u00e9n dejan espacios. Jugar con dos puntas ven\u00eda porque sab\u00edamos que pod\u00edamos encontrar espacios tras el robo\u201d<\/strong>, analiz\u00f3.<\/p>\n<p data-start=\"2286\" data-end=\"2635\">El t\u00e9cnico reconoci\u00f3 que la primera mitad tuvo momentos de dificultad, pero elogi\u00f3 la reacci\u00f3n del equipo tras el descanso:<br data-start=\"2409\" data-end=\"2412\"\/><strong data-start=\"2412\" data-end=\"2624\">\u201cEn el primer tiempo hemos tenido momentos mejores y peores, pero a partir del gol el segundo tiempo me ha gustado m\u00e1s. Para ganar siempre tienes que sufrir; lo importante es competir como lo hemos hecho hoy\u201d<\/strong>, concluy\u00f3.<\/p>\n","protected":false},"excerpt":{"rendered":"El entrenador del C\u00e1diz CF, Gaizka Garitano, analiz\u00f3 en rueda de prensa la importante victoria ante el C\u00f3rdoba&hellip;\n","protected":false},"author":2,"featured_media":264614,"comment_status":"","ping_status":"","sticky":false,"template":"","format":"standard","meta":{"footnotes":""},"categories":[5],"tags":[17,18,25,24,13,14,11,19,20,9,10,15,16,23,12,21,22],"class_list":{"0":"post-264613","1":"post","2":"type-post","3":"status-publish","4":"format-standard","5":"has-post-thumbnail","7":"category-titulares","8":"tag-breaking-news","9":"tag-breakingnews","10":"tag-es","11":"tag-espana","12":"tag-featured-news","13":"tag-featurednews","14":"tag-headlines","15":"tag-latest-news","16":"tag-latestnews","17":"tag-news","18":"tag-noticias","19":"tag-noticias-destacadas","20":"tag-noticiasdestacadas","21":"tag-spain","22":"tag-titulares","23":"tag-ultimas-noticias","24":"tag-ultimasnoticias"},"share_on_mastodon":{"url":"https:\/\/pubeurope.com\/@es\/115641605407110678","error":""},"_links":{"self":[{"href":"https:\/\/www.europesays.com\/es\/wp-json\/wp\/v2\/posts\/264613","targetHints":{"allow":["GET"]}}],"collection":[{"href":"https:\/\/www.europesays.com\/es\/wp-json\/wp\/v2\/posts"}],"about":[{"href":"https:\/\/www.europesays.com\/es\/wp-json\/wp\/v2\/types\/post"}],"author":[{"embeddable":true,"href":"https:\/\/www.europesays.com\/es\/wp-json\/wp\/v2\/users\/2"}],"replies":[{"embeddable":true,"href":"https:\/\/www.europesays.com\/es\/wp-json\/wp\/v2\/comments?post=264613"}],"version-history":[{"count":0,"href":"https:\/\/www.europesays.com\/es\/wp-json\/wp\/v2\/posts\/264613\/revisions"}],"wp:featuredmedia":[{"embeddable":true,"href":"https:\/\/www.europesays.com\/es\/wp-json\/wp\/v2\/media\/264614"}],"wp:attachment":[{"href":"https:\/\/www.europesays.com\/es\/wp-json\/wp\/v2\/media?parent=264613"}],"wp:term":[{"taxonomy":"category","embeddable":true,"href":"https:\/\/www.europesays.com\/es\/wp-json\/wp\/v2\/categories?post=264613"},{"taxonomy":"post_tag","embeddable":true,"href":"https:\/\/www.europesays.com\/es\/wp-json\/wp\/v2\/tags?post=264613"}],"curies":[{"name":"wp","href":"https:\/\/api.w.org\/{rel}","templated":true}]}}