{"id":264617,"date":"2025-12-01T01:07:19","date_gmt":"2025-12-01T01:07:19","guid":{"rendered":"https:\/\/www.europesays.com\/es\/264617\/"},"modified":"2025-12-01T01:07:19","modified_gmt":"2025-12-01T01:07:19","slug":"perry-alberto-diaz-castaneda-y-sulejmanovic","status":"publish","type":"post","link":"https:\/\/www.europesays.com\/es\/264617\/","title":{"rendered":"Perry, Alberto D\u00edaz, Casta\u00f1eda y Sulejmanovic"},"content":{"rendered":"<p class=\"ft-text\"><strong>Ibon Navarro ya espera en M\u00e1laga la llegada de cuatro de los seis jugadores internacionales<\/strong> del <a class=\"ft-link ft-link--decoration\" href=\"https:\/\/www.laopiniondemalaga.es\/unicaja\/\" rel=\"nofollow noopener\" target=\"_blank\">Unicaja<\/a> presentes en la Ventana FIBA. Kendrick Perry, Alberto D\u00edaz, Emir Sulejmanovic y Xavier Casta\u00f1eda regresan este lunes a M\u00e1laga para ponerse a las \u00f3rdenes del t\u00e9cnico cajista.<\/p>\n<p class=\"ft-text\">Lo primero de todo ser\u00e1 confirmar que los cuatro llegan en buenas condiciones f\u00edsicas. Despu\u00e9s, el t\u00e9cnico cajista es probable que les d\u00e9 algo de descanso, tras sus experiencias con sus respectivas selecciones nacionales.<a class=\"ft-link ft-link--decoration\" href=\"https:\/\/www.laopiniondemalaga.es\/unicaja\/2025\/11\/22\/ibon-navarro-castaneda-unicaja-victoria-124019437.html\" rel=\"nofollow noopener\" target=\"_blank\"> Incluso Casta\u00f1eda, que hizo este domingo un partidazo ante Serbia, podr\u00eda ya ni entrenar con el equipo, si se confirma su salida del club verde.<\/a><\/p>\n<p>Montenegro<\/p>\n<p class=\"ft-text\"><strong>Kendrick Perry<\/strong> cerr\u00f3 la Ventana con la selecci\u00f3n de Montenegro con victoria en pista de Ruman\u00eda. El equipo balc\u00e1nico se impuso 75-80, con un doble-doble del base del Unicaja: <strong>16 puntos, 10 asistencias, 4 rebotes y 16 de valoraci\u00f3n, en 32.43 minutos sobre la cancha<\/strong>. Much\u00edsimos minutos para el de Montenegro, que llegar\u00e1 bastante cansado a \u00abcasa\u00bb.<\/p>\n<p><img decoding=\"async\" src=\"https:\/\/www.europesays.com\/es\/wp-content\/uploads\/2025\/12\/07c51cfa-9b18-4639-91bd-e20351dff1c0_alta-libre-aspect-ratio_default_0.jpg\" width=\"1200\" height=\"800\" alt=\"Kendrick Perry.\" class=\"ft-helper-img-rd\" loading=\"lazy\"\/><\/p>\n<p class=\"ft-helper-fontColor-quaternary ft-helper-fontSize-body-S ft-helper-spacer-t-xxs\">Kendrick Perry.  \/ FIBA<\/p>\n<p>Espa\u00f1a<\/p>\n<p class=\"ft-text\"><strong>Alberto D\u00edaz<\/strong> tambi\u00e9n acab\u00f3 la Ventana con victoria. La Espa\u00f1a de Chus Mateo se impuso 90-61 a Georgia en La Laguna. Buen bot\u00edn para La Familia en esta doble cita de noviembre con doble victoria, ante Dinamarca y esta contra Georgia. Alberto D\u00edaz aport\u00f3 <strong>9 puntos, 3 rebotes, 1 asistencias y 11 de valoraci\u00f3n, en 15.55 minutos<\/strong>, en el triunfo del equipo nacional ante los georgianos.<\/p>\n<p><img decoding=\"async\" src=\"https:\/\/www.europesays.com\/es\/wp-content\/uploads\/2025\/12\/379d2946-b819-4442-8e31-a1060df2957a_alta-libre-aspect-ratio_default_0.jpg\" width=\"1200\" height=\"796\" alt=\"Alberto D\u00edaz jug\u00f3 un gran partido contra Georgia.\" class=\"ft-helper-img-rd\" loading=\"lazy\"\/><\/p>\n<p class=\"ft-helper-fontColor-quaternary ft-helper-fontSize-body-S ft-helper-spacer-t-xxs\">Alberto D\u00edaz jug\u00f3 un gran partido contra Georgia.  \/ FIBA<\/p>\n<p>Bosnia Herzegovina<\/p>\n<p class=\"ft-text\">Por su parte,<strong> <\/strong>Emir Sulejmanovic y Xavier Casta\u00f1eda no tuvieron la misma suerte y la selecci\u00f3n de Bosnia perdi\u00f3 en Sarajevo contra Serbia por 72-74. <strong>Sulejmanovic aport\u00f3 11 puntos, 5 rebotes y 3 asistencias<\/strong>.<\/p>\n<p class=\"ft-text\">Por su parte,<strong> Casta\u00f1eda<\/strong>, que todav\u00eda es jugador oficialmente del Unicaja, aunque est\u00e1 viviendo sus \u00faltimas horas como cajista, hizo un partidazo este domingo con su selecci\u00f3n. De hecho, fue el mejor de su equipo con diferencia: <strong>19 puntos, 3 rebotes y 3 asistencias en 32.39 sobre el parqu\u00e9. Numerazos, incluidos 4 de 6 en triples.<\/strong><\/p>\n<p><img decoding=\"async\" src=\"https:\/\/www.europesays.com\/es\/wp-content\/uploads\/2025\/12\/ccceb729-cfa4-4b7e-a463-43228b52428a_alta-libre-aspect-ratio_default_0.jpg\" width=\"1200\" height=\"800\" alt=\"Xavi Casta\u00f1eda hizo un gran partido con Bosnia.\" class=\"ft-helper-img-rd\" loading=\"lazy\"\/><\/p>\n<p class=\"ft-helper-fontColor-quaternary ft-helper-fontSize-body-S ft-helper-spacer-t-xxs\">Xavi Casta\u00f1eda hizo un gran partido con Bosnia.  \/ FIBA<\/p>\n<p>Francia, Rep\u00fablica Dominicana&#8230; y Jamaica<\/p>\n<p class=\"ft-text\">Los otros dos jugadores internacionales del Unicaja,<strong> Killian Tillie<\/strong> y Chris Duarte, todav\u00eda tienen este lunes que acabar sus respectivos compromisos con su equipo nacional. <strong>Tillie juega este lunes a las 17.30 horas con Francia en pista finlandesa<\/strong>. No se le espera al ala-p\u00edvot galo en M\u00e1laga hasta este martes.<\/p>\n<p class=\"ft-text\">Todav\u00eda tardar\u00e1 m\u00e1s en llegar a la capital de la Costa del Sol<strong> Chris Duarte<\/strong>, que juega a la 1.30 de la madrugada del lunes al martes (hora espa\u00f1ola) con la Rep\u00fablica Dominicana frente a M\u00e9xico.<\/p>\n<p class=\"ft-text\"><strong>A esa misma hora jugar\u00e1 tambi\u00e9n Chase Audige<\/strong>, <a class=\"ft-link ft-link--decoration\" href=\"https:\/\/www.laopiniondemalaga.es\/unicaja\/2025\/11\/28\/chase-audige-castaneda-unicaja-mercado-fichajes-124238092.html\" rel=\"nofollow noopener\" target=\"_blank\">jugador con el que el Unicaja tiene un principio de acuerdo para que se incorpore a la disciplina verde y morada <\/a>en lugar de Xavi Casta\u00f1eda, al que se le busca una salida. Audige es internacional con Jamaica, selecci\u00f3n que juega en San Juan contra Puerto Rico (1.30 horas).<\/p>\n","protected":false},"excerpt":{"rendered":"Ibon Navarro ya espera en M\u00e1laga la llegada de cuatro de los seis jugadores internacionales del Unicaja presentes&hellip;\n","protected":false},"author":2,"featured_media":264618,"comment_status":"","ping_status":"","sticky":false,"template":"","format":"standard","meta":{"footnotes":""},"categories":[269],"tags":[9125,5103,299,298,12777,168,25,24,13863,24113,3855,7219,8647,23,167,24111,2246,3108,2292],"class_list":{"0":"post-264617","1":"post","2":"type-post","3":"status-publish","4":"format-standard","5":"has-post-thumbnail","7":"category-baloncesto","8":"tag-alberto","9":"tag-alberto-diaz","10":"tag-baloncesto","11":"tag-basketball","12":"tag-castaneda","13":"tag-deportes","14":"tag-es","15":"tag-espana","16":"tag-fiba","17":"tag-kendrick-perry","18":"tag-malaga","19":"tag-montenegro","20":"tag-perry","21":"tag-spain","22":"tag-sports","23":"tag-sulejmanovic","24":"tag-unicaja","25":"tag-ventana","26":"tag-vuelven"},"share_on_mastodon":{"url":"https:\/\/pubeurope.com\/@es\/115641637172416925","error":""},"_links":{"self":[{"href":"https:\/\/www.europesays.com\/es\/wp-json\/wp\/v2\/posts\/264617","targetHints":{"allow":["GET"]}}],"collection":[{"href":"https:\/\/www.europesays.com\/es\/wp-json\/wp\/v2\/posts"}],"about":[{"href":"https:\/\/www.europesays.com\/es\/wp-json\/wp\/v2\/types\/post"}],"author":[{"embeddable":true,"href":"https:\/\/www.europesays.com\/es\/wp-json\/wp\/v2\/users\/2"}],"replies":[{"embeddable":true,"href":"https:\/\/www.europesays.com\/es\/wp-json\/wp\/v2\/comments?post=264617"}],"version-history":[{"count":0,"href":"https:\/\/www.europesays.com\/es\/wp-json\/wp\/v2\/posts\/264617\/revisions"}],"wp:featuredmedia":[{"embeddable":true,"href":"https:\/\/www.europesays.com\/es\/wp-json\/wp\/v2\/media\/264618"}],"wp:attachment":[{"href":"https:\/\/www.europesays.com\/es\/wp-json\/wp\/v2\/media?parent=264617"}],"wp:term":[{"taxonomy":"category","embeddable":true,"href":"https:\/\/www.europesays.com\/es\/wp-json\/wp\/v2\/categories?post=264617"},{"taxonomy":"post_tag","embeddable":true,"href":"https:\/\/www.europesays.com\/es\/wp-json\/wp\/v2\/tags?post=264617"}],"curies":[{"name":"wp","href":"https:\/\/api.w.org\/{rel}","templated":true}]}}