{"id":264619,"date":"2025-12-01T01:08:10","date_gmt":"2025-12-01T01:08:10","guid":{"rendered":"https:\/\/www.europesays.com\/es\/264619\/"},"modified":"2025-12-01T01:08:10","modified_gmt":"2025-12-01T01:08:10","slug":"de-burgos-bengoetxea-en-el-girona-real-madrid","status":"publish","type":"post","link":"https:\/\/www.europesays.com\/es\/264619\/","title":{"rendered":"De Burgos Bengoetxea en el Girona-Real Madrid"},"content":{"rendered":"<p>Arbitr\u00f3 Ricardo de Burgos Bengoetxea del comit\u00e9 vasco. En el VAR estuvo Pulido Santana.<\/p>\n<p>Desafortunado por ser suaves. Que tampoco es casualidad cuando pita al Madrid.<\/p>\n<p>Su fallo m\u00e1s grave fue un penalti a Rodrygo de Joel Roca a falta de diez minutos. Una jugada de \u00e1rbitro de campo porque el VAR no entra en ese tipo de acciones. Al limbo. En la segunda parte hubo un cabezazo de Militao que pudo tocar en la mano de un jugador giron\u00ed, pero no hubo ni repeticiones.<\/p>\n<p>El trencilla vasco tambi\u00e9n fall\u00f3 en un par de c\u00f3rners claros para los madridistas que dej\u00f3 pasar y en el descuento de la segunda mitad, ya que los cuatro minutos se\u00f1alados eran muy escasos. Adem\u00e1s, el gol anulado a Mbapp\u00e9 al filo del descanso lo tuvo que ver Pulido Santana desde el VAR.<\/p>\n<p>En cuanto a las amarillas ,solo hubo para los locales. Una a Gazzaniga por protestar en el 42&#8242;, otra a Ounahi por agarrar a Tchouam\u00e9ni en el 58&#8242; y la \u00faltima a Vanat en el 73&#8242; por una patada a Bellingham.<\/p>\n<p>Acert\u00f3 en el penalti sobre Vini de Rinc\u00f3n, que pisa al brasile\u00f1o.<\/p>\n<p>Por \u00faltimo, se anul\u00f3 un gol a Vinicius por fuera de juego claro en el 61&#8242;.<\/p>\n<p>De Burgos Bengoetxea, MAL.<\/p>\n","protected":false},"excerpt":{"rendered":"Arbitr\u00f3 Ricardo de Burgos Bengoetxea del comit\u00e9 vasco. En el VAR estuvo Pulido Santana. Desafortunado por ser suaves.&hellip;\n","protected":false},"author":2,"featured_media":264620,"comment_status":"","ping_status":"","sticky":false,"template":"","format":"standard","meta":{"footnotes":""},"categories":[268],"tags":[168,25,24,280,282,281,23,167],"class_list":{"0":"post-264619","1":"post","2":"type-post","3":"status-publish","4":"format-standard","5":"has-post-thumbnail","7":"category-futbol","8":"tag-deportes","9":"tag-es","10":"tag-espana","11":"tag-football","12":"tag-futbol","13":"tag-soccer","14":"tag-spain","15":"tag-sports"},"share_on_mastodon":{"url":"https:\/\/pubeurope.com\/@es\/115641640831423953","error":""},"_links":{"self":[{"href":"https:\/\/www.europesays.com\/es\/wp-json\/wp\/v2\/posts\/264619","targetHints":{"allow":["GET"]}}],"collection":[{"href":"https:\/\/www.europesays.com\/es\/wp-json\/wp\/v2\/posts"}],"about":[{"href":"https:\/\/www.europesays.com\/es\/wp-json\/wp\/v2\/types\/post"}],"author":[{"embeddable":true,"href":"https:\/\/www.europesays.com\/es\/wp-json\/wp\/v2\/users\/2"}],"replies":[{"embeddable":true,"href":"https:\/\/www.europesays.com\/es\/wp-json\/wp\/v2\/comments?post=264619"}],"version-history":[{"count":0,"href":"https:\/\/www.europesays.com\/es\/wp-json\/wp\/v2\/posts\/264619\/revisions"}],"wp:featuredmedia":[{"embeddable":true,"href":"https:\/\/www.europesays.com\/es\/wp-json\/wp\/v2\/media\/264620"}],"wp:attachment":[{"href":"https:\/\/www.europesays.com\/es\/wp-json\/wp\/v2\/media?parent=264619"}],"wp:term":[{"taxonomy":"category","embeddable":true,"href":"https:\/\/www.europesays.com\/es\/wp-json\/wp\/v2\/categories?post=264619"},{"taxonomy":"post_tag","embeddable":true,"href":"https:\/\/www.europesays.com\/es\/wp-json\/wp\/v2\/tags?post=264619"}],"curies":[{"name":"wp","href":"https:\/\/api.w.org\/{rel}","templated":true}]}}