{"id":264621,"date":"2025-12-01T01:09:10","date_gmt":"2025-12-01T01:09:10","guid":{"rendered":"https:\/\/www.europesays.com\/es\/264621\/"},"modified":"2025-12-01T01:09:10","modified_gmt":"2025-12-01T01:09:10","slug":"enfermera-en-el-hospital-de-albacete-y-cantautora-nuevo-single-de-noe-vargas","status":"publish","type":"post","link":"https:\/\/www.europesays.com\/es\/264621\/","title":{"rendered":"Enfermera en el Hospital de Albacete y cantautora: nuevo single de Noe Vargas"},"content":{"rendered":"<p>La enfermera del Hospital General de Albacete y cantautora Noe Vargas lanz\u00f3 el 28 de noviembre su nuevo single \u201cNos siento mejoradas\u201d, una canci\u00f3n que nace de su propia experiencia con un trastorno de conducta alimentaria y que abre una nueva etapa marcada por la sanaci\u00f3n, la aceptaci\u00f3n y el amor propio.<\/p>\n<p>Desde sus ra\u00edces en Albacete, Noe Vargas ha construido una carrera musical comprometida con la salud mental, utilizando su voz como altavoz de las heridas que muchas veces se viven en silencio. \u201cNos siento mejorados\u201d plantea un di\u00e1logo entre el yo del pasado y el yo presente, con honestidad y ternura \u2014 una reconciliaci\u00f3n consigo misma, una carta de perd\u00f3n hacia sus propias heridas, y una celebraci\u00f3n de la recuperaci\u00f3n.<\/p>\n<p><img loading=\"lazy\" decoding=\"async\" width=\"1200\" height=\"1800\" src=\"https:\/\/www.europesays.com\/es\/wp-content\/uploads\/2025\/12\/noe-vargas-albacete-2.jpg\" alt=\"\" class=\"wp-image-1099354\"  \/>Noe Vargas \/ Merce Sierra<\/p>\n<p>La canci\u00f3n, compuesta por Noe Vargas (Noelia Vargas Mu\u00f1oz) y con arreglos de Isma Romero (Ismael Romero Gim\u00e9nez), apuesta por una producci\u00f3n c\u00e1lida y minimalista, que prioriza la emoci\u00f3n y la cercan\u00eda. Ya disponible en plataformas de streaming como Spotify, \u201cNos siento mejoradas\u201d llega acompa\u00f1ada de una intenci\u00f3n clara: visibilizar que sanar no es lineal, pero s\u00ed posible.<\/p>\n<p>Con este nuevo single, Noe Vargas vuelve a poner la m\u00fasica al servicio de la sensibilidad, la vulnerabilidad y la esperanza. Una invitaci\u00f3n a escucharnos con compasi\u00f3n ya mirarnos de nuevo desde el cari\u00f1o, recordando que cada paso hacia adelante importa.<\/p>\n","protected":false},"excerpt":{"rendered":"La enfermera del Hospital General de Albacete y cantautora Noe Vargas lanz\u00f3 el 28 de noviembre su nuevo&hellip;\n","protected":false},"author":2,"featured_media":264622,"comment_status":"","ping_status":"","sticky":false,"template":"","format":"standard","meta":{"footnotes":""},"categories":[174],"tags":[255,146,147,25,24,256,23],"class_list":{"0":"post-264621","1":"post","2":"type-post","3":"status-publish","4":"format-standard","5":"has-post-thumbnail","7":"category-famosos","8":"tag-celebrities","9":"tag-entertainment","10":"tag-entretenimiento","11":"tag-es","12":"tag-espana","13":"tag-famosos","14":"tag-spain"},"share_on_mastodon":{"url":"https:\/\/pubeurope.com\/@es\/115641645266732129","error":""},"_links":{"self":[{"href":"https:\/\/www.europesays.com\/es\/wp-json\/wp\/v2\/posts\/264621","targetHints":{"allow":["GET"]}}],"collection":[{"href":"https:\/\/www.europesays.com\/es\/wp-json\/wp\/v2\/posts"}],"about":[{"href":"https:\/\/www.europesays.com\/es\/wp-json\/wp\/v2\/types\/post"}],"author":[{"embeddable":true,"href":"https:\/\/www.europesays.com\/es\/wp-json\/wp\/v2\/users\/2"}],"replies":[{"embeddable":true,"href":"https:\/\/www.europesays.com\/es\/wp-json\/wp\/v2\/comments?post=264621"}],"version-history":[{"count":0,"href":"https:\/\/www.europesays.com\/es\/wp-json\/wp\/v2\/posts\/264621\/revisions"}],"wp:featuredmedia":[{"embeddable":true,"href":"https:\/\/www.europesays.com\/es\/wp-json\/wp\/v2\/media\/264622"}],"wp:attachment":[{"href":"https:\/\/www.europesays.com\/es\/wp-json\/wp\/v2\/media?parent=264621"}],"wp:term":[{"taxonomy":"category","embeddable":true,"href":"https:\/\/www.europesays.com\/es\/wp-json\/wp\/v2\/categories?post=264621"},{"taxonomy":"post_tag","embeddable":true,"href":"https:\/\/www.europesays.com\/es\/wp-json\/wp\/v2\/tags?post=264621"}],"curies":[{"name":"wp","href":"https:\/\/api.w.org\/{rel}","templated":true}]}}