{"id":264623,"date":"2025-12-01T01:10:12","date_gmt":"2025-12-01T01:10:12","guid":{"rendered":"https:\/\/www.europesays.com\/es\/264623\/"},"modified":"2025-12-01T01:10:12","modified_gmt":"2025-12-01T01:10:12","slug":"todos-los-ganadores-del-premio-de-pintura-bancor","status":"publish","type":"post","link":"https:\/\/www.europesays.com\/es\/264623\/","title":{"rendered":"Todos los ganadores del Premio de Pintura Bancor"},"content":{"rendered":"<p><img alt=\"Todos los ganadores del Premio\" class=\"global-image\" decoding=\"async\" fetchpriority=\"high\" height=\"1080\" loading=\"eager\" src=\"https:\/\/www.europesays.com\/es\/wp-content\/uploads\/2025\/12\/7BH3E6HCRRASROV5M36IFVZXCQ.jpg\" width=\"1920\"\/>Todos los ganadores del Premio de Pintura Bancor <\/p>\n<p class=\"paragraph\">El artista <b>Manuel Molina<\/b> se alz\u00f3 con el <b>Primer Premio Adquisici\u00f3n<\/b> en la edici\u00f3n 2025 del <b>Premio de Pintura Bancor<\/b> gracias a su obra \u201cVisiones marcianas\u201d, consolid\u00e1ndose como el principal galardonado de un certamen que este a\u00f1o experiment\u00f3 un crecimiento notable en la cantidad de postulantes. <\/p>\n<p class=\"paragraph\">La organizaci\u00f3n inform\u00f3 que la convocatoria registr\u00f3 un aumento del treinta por ciento respecto a 2024, con ochocientos veinte inscriptos en la categor\u00eda \u201cPintura\u201d y setenta y dos en \u201cMuralismo\u201d.<\/p>\n<p class=\"paragraph\">El Banco de la Provincia de C\u00f3rdoba, responsable del certamen, anunci\u00f3 que los artistas premiados recibir\u00e1n est\u00edmulos econ\u00f3micos que suman un total de <b>$18.500.000<\/b>. Las obras seleccionadas estar\u00e1n disponibles para el p\u00fablico a partir del 4 de diciembre en el <b>Multiespacio Cultural Bancor<\/b> (Entre R\u00edos 119), mientras que la pieza ganadora en la categor\u00eda muralismo ser\u00e1 ejecutada pr\u00f3ximamente en un muro de la ciudad, cuya ubicaci\u00f3n se confirmar\u00e1 en los pr\u00f3ximos d\u00edas.<\/p>\n<p><img alt=\"Manuel Molina se alz\u00f3 con\" class=\"global-image\" decoding=\"async\" fetchpriority=\"low\" height=\"1548\" loading=\"lazy\" src=\"https:\/\/www.europesays.com\/es\/wp-content\/uploads\/2025\/12\/5M5RBY56NFF27I6UKB6SAWN6DI.jpg\" width=\"1024\"\/>Manuel Molina se alz\u00f3 con el Primer Premio Adquisici\u00f3n en la edici\u00f3n 2025 del Premio de Pintura Bancor gracias a su obra \u201cVisiones marcianas\u201d<\/p>\n<p class=\"paragraph\">En la categor\u00eda Pintura, el <b>Segundo Premio Adquisici\u00f3n<\/b> fue otorgado a <b>Valeria Calvo<\/b> por su obra \u201cSerie Sinergia Rotatoria\u201d, mientras que el <b>Tercer Premio Adquisici\u00f3n<\/b> recay\u00f3 en <b>Pablo Morgante<\/b> con \u201cTopograf\u00eda\u201d. <\/p>\n<p class=\"paragraph\">Adem\u00e1s, se concedieron tres <b>Menciones Arte Bancor Joven Adquisici\u00f3n<\/b> a <b>Luana Cabra<\/b> por la \u201cSerie Movimientos\u201d, <b>Nehu\u00e9n Moyano Cort\u00e9z<\/b> por \u201cFrente y dorso\u201d y <b>Gaspar N\u00fa\u00f1ez<\/b> por \u201cMelliza prematura\u201d. Las menciones generales distinguieron a <b>Luciana Guerra<\/b> con \u201cLuciferina\u201d y a <b>Rosa Mar\u00eda (Ruth) Adamo Dordolo<\/b> con \u201cSin t\u00edtulo\u201d.<\/p>\n<p><img alt=\"El Segundo Premio Adquisici\u00f3n fue\" class=\"global-image\" decoding=\"async\" fetchpriority=\"low\" height=\"703\" loading=\"lazy\" src=\"https:\/\/www.europesays.com\/es\/wp-content\/uploads\/2025\/12\/E7RNIQT7VJAU7KCTA7T2YDQWRA.jpg\" width=\"1024\"\/>El Segundo Premio Adquisici\u00f3n fue otorgado a Valeria Calvo por su obra \u201cSerie Sinergia Rotatoria\u201d<\/p>\n<p class=\"paragraph\">En la disciplina de <b>Muralismo<\/b>, el <b>Primer Premio<\/b> fue para <b>Irene Lasivita<\/b> por su obra \u201cLa Victoriosa\u201d, mientras que <b>Francisco D\u00edaz<\/b> recibi\u00f3 la <b>Menci\u00f3n Honor\u00edfica<\/b> por \u201cEl Patio\u201d.<\/p>\n<p class=\"paragraph\">En cuanto a los est\u00edmulos econ\u00f3micos, el <b>Primer Premio Adquisici\u00f3n en Pintura<\/b> est\u00e1 dotado de <b>$4.500.000<\/b>, el segundo de <b>$3.000.000<\/b> y el tercero de <b>$2.000.000<\/b>. Cada una de las tres <b>Menciones Arte Bancor Joven<\/b> recibir\u00e1 <b>$1.500.000<\/b>, y el <b>Primer Premio en Muralismo<\/b> tambi\u00e9n ser\u00e1 recompensado con <b>$4.500.000<\/b>.<\/p>\n<p><img alt=\"El Tercer Premio Adquisici\u00f3n recay\u00f3\" class=\"global-image\" decoding=\"async\" fetchpriority=\"low\" height=\"766\" loading=\"lazy\" src=\"https:\/\/www.europesays.com\/es\/wp-content\/uploads\/2025\/12\/AVT2V2RFIRCY5AOPI5RP3HRK5Q.jpg\" width=\"1024\"\/>El Tercer Premio Adquisici\u00f3n recay\u00f3 en Pablo Morgante con \u201cTopograf\u00eda\u201d<\/p>\n<p class=\"paragraph\">Desde su inicio, el Premio de Pintura Bancor ha buscado fortalecer el patrimonio cultural de la entidad y brindar una plataforma de visibilidad tanto a creadores emergentes como a figuras consagradas del arte contempor\u00e1neo argentino. La edici\u00f3n actual cont\u00f3 con un jurado compuesto por <b>Cristina Rossi, Rodrigo Alonso, Daniel Fischer, Daiana Martinello <\/b>y <b>David Petroni<\/b>, bajo la coordinaci\u00f3n de <b>Ver\u00f3nica Molas<\/b> y la supervisi\u00f3n de <b>Marcela Fern\u00e1ndez<\/b>. <\/p>\n<p class=\"paragraph\">El proceso de selecci\u00f3n incluy\u00f3 una primera etapa en la que se eligieron cuarenta y dos obras, seguida de una segunda instancia en la que se definieron los ganadores, provenientes de <b>Buenos Aires, San Miguel de Tucum\u00e1n, C\u00f3rdoba y Santa Fe<\/b>.<\/p>\n","protected":false},"excerpt":{"rendered":"Todos los ganadores del Premio de Pintura Bancor El artista Manuel Molina se alz\u00f3 con el Primer Premio&hellip;\n","protected":false},"author":2,"featured_media":264624,"comment_status":"","ping_status":"","sticky":false,"template":"","format":"standard","meta":{"footnotes":""},"categories":[173],"tags":[229,233,231,230,232,234,146,147,25,24,23],"class_list":{"0":"post-264623","1":"post","2":"type-post","3":"status-publish","4":"format-standard","5":"has-post-thumbnail","7":"category-arte-y-diseno","8":"tag-arte","9":"tag-arte-y-diseno","10":"tag-arts","11":"tag-arts-and-design","12":"tag-design","13":"tag-diseno","14":"tag-entertainment","15":"tag-entretenimiento","16":"tag-es","17":"tag-espana","18":"tag-spain"},"share_on_mastodon":{"url":"https:\/\/pubeurope.com\/@es\/115641649264864114","error":""},"_links":{"self":[{"href":"https:\/\/www.europesays.com\/es\/wp-json\/wp\/v2\/posts\/264623","targetHints":{"allow":["GET"]}}],"collection":[{"href":"https:\/\/www.europesays.com\/es\/wp-json\/wp\/v2\/posts"}],"about":[{"href":"https:\/\/www.europesays.com\/es\/wp-json\/wp\/v2\/types\/post"}],"author":[{"embeddable":true,"href":"https:\/\/www.europesays.com\/es\/wp-json\/wp\/v2\/users\/2"}],"replies":[{"embeddable":true,"href":"https:\/\/www.europesays.com\/es\/wp-json\/wp\/v2\/comments?post=264623"}],"version-history":[{"count":0,"href":"https:\/\/www.europesays.com\/es\/wp-json\/wp\/v2\/posts\/264623\/revisions"}],"wp:featuredmedia":[{"embeddable":true,"href":"https:\/\/www.europesays.com\/es\/wp-json\/wp\/v2\/media\/264624"}],"wp:attachment":[{"href":"https:\/\/www.europesays.com\/es\/wp-json\/wp\/v2\/media?parent=264623"}],"wp:term":[{"taxonomy":"category","embeddable":true,"href":"https:\/\/www.europesays.com\/es\/wp-json\/wp\/v2\/categories?post=264623"},{"taxonomy":"post_tag","embeddable":true,"href":"https:\/\/www.europesays.com\/es\/wp-json\/wp\/v2\/tags?post=264623"}],"curies":[{"name":"wp","href":"https:\/\/api.w.org\/{rel}","templated":true}]}}