{"id":264625,"date":"2025-12-01T01:12:27","date_gmt":"2025-12-01T01:12:27","guid":{"rendered":"https:\/\/www.europesays.com\/es\/264625\/"},"modified":"2025-12-01T01:12:27","modified_gmt":"2025-12-01T01:12:27","slug":"diciembre-arranca-en-la-comunidad-de-madrid-con-minimas-bajo-cero","status":"publish","type":"post","link":"https:\/\/www.europesays.com\/es\/264625\/","title":{"rendered":"Diciembre arranca en la Comunidad de Madrid con m\u00ednimas bajo cero"},"content":{"rendered":"<p class=\"mce\">El primer d\u00eda de diciembre arrancar\u00e1 con temperaturas m\u00ednimas bajo cero en la <strong class=\"mce\">Comunidad de Madrid<\/strong>, con heladas d\u00e9biles generalizadas en la regi\u00f3n, seg\u00fan el pron\u00f3stico de la Agencia Estatal de Meteorolog\u00eda (Aemet). Las m\u00ednimas estar\u00e1n descenso mientras las m\u00e1ximas subir\u00e1n ligeramente superando los diez grados.<\/p>\n<p class=\"mce\">Los<strong class=\"mce\"> cielos<\/strong> estar\u00e1n velados de nubes altas y el<strong class=\"mce\"> viento<\/strong> soplar\u00e1 flojo variables.<\/p>\n<p class=\"mce\">Las <strong class=\"mce\">temperaturas previstas<\/strong> en algunas localidades de la regi\u00f3n son las siguientes: Alcal\u00e1 de Henares -2 y 12 grados, Aranjuez 0 y 13, Collado Villalba -1 y 10, Getafe 0 y 12, Madrid 0 y 12, y Navalcarnero -2 y 12 grados.<\/p>\n","protected":false},"excerpt":{"rendered":"El primer d\u00eda de diciembre arrancar\u00e1 con temperaturas m\u00ednimas bajo cero en la Comunidad de Madrid, con heladas&hellip;\n","protected":false},"author":2,"featured_media":264626,"comment_status":"","ping_status":"","sticky":false,"template":"","format":"standard","meta":{"footnotes":""},"categories":[171],"tags":[27388,146,147,25,24,12244,5727,23,5726,214,12245],"class_list":{"0":"post-264625","1":"post","2":"type-post","3":"status-publish","4":"format-standard","5":"has-post-thumbnail","7":"category-tv","8":"tag-actualidad-madrid","9":"tag-entertainment","10":"tag-entretenimiento","11":"tag-es","12":"tag-espana","13":"tag-noticias-madrid","14":"tag-programacion-a-la-carta","15":"tag-spain","16":"tag-telemadrid-a-la-carta","17":"tag-tv","18":"tag-ultima-hora-madrid"},"share_on_mastodon":{"url":"https:\/\/pubeurope.com\/@es\/115641656636265208","error":""},"_links":{"self":[{"href":"https:\/\/www.europesays.com\/es\/wp-json\/wp\/v2\/posts\/264625","targetHints":{"allow":["GET"]}}],"collection":[{"href":"https:\/\/www.europesays.com\/es\/wp-json\/wp\/v2\/posts"}],"about":[{"href":"https:\/\/www.europesays.com\/es\/wp-json\/wp\/v2\/types\/post"}],"author":[{"embeddable":true,"href":"https:\/\/www.europesays.com\/es\/wp-json\/wp\/v2\/users\/2"}],"replies":[{"embeddable":true,"href":"https:\/\/www.europesays.com\/es\/wp-json\/wp\/v2\/comments?post=264625"}],"version-history":[{"count":0,"href":"https:\/\/www.europesays.com\/es\/wp-json\/wp\/v2\/posts\/264625\/revisions"}],"wp:featuredmedia":[{"embeddable":true,"href":"https:\/\/www.europesays.com\/es\/wp-json\/wp\/v2\/media\/264626"}],"wp:attachment":[{"href":"https:\/\/www.europesays.com\/es\/wp-json\/wp\/v2\/media?parent=264625"}],"wp:term":[{"taxonomy":"category","embeddable":true,"href":"https:\/\/www.europesays.com\/es\/wp-json\/wp\/v2\/categories?post=264625"},{"taxonomy":"post_tag","embeddable":true,"href":"https:\/\/www.europesays.com\/es\/wp-json\/wp\/v2\/tags?post=264625"}],"curies":[{"name":"wp","href":"https:\/\/api.w.org\/{rel}","templated":true}]}}