{"id":264627,"date":"2025-12-01T01:13:13","date_gmt":"2025-12-01T01:13:13","guid":{"rendered":"https:\/\/www.europesays.com\/es\/264627\/"},"modified":"2025-12-01T01:13:13","modified_gmt":"2025-12-01T01:13:13","slug":"britney-spears-reaparecio-en-instagram-con-un-sentido-mensaje-sobre-su-sufrimiento","status":"publish","type":"post","link":"https:\/\/www.europesays.com\/es\/264627\/","title":{"rendered":"Britney Spears reapareci\u00f3 en Instagram con un sentido mensaje sobre su \u201csufrimiento\u201d"},"content":{"rendered":"<p><img alt=\"Britney Spears  se sincer\u00f3\" class=\"global-image\" decoding=\"async\" fetchpriority=\"high\" height=\"1079\" loading=\"eager\" src=\"https:\/\/www.europesays.com\/es\/wp-content\/uploads\/2025\/12\/OGZ5QPV73JHFLN3PZXOL6J3ZMM.jpg\" width=\"1920\"\/>Britney Spears  se sincer\u00f3 sobre la tristeza que siente en su regreso a Instagram. (REUTERS\/Mario Anzuoni)<\/p>\n<p class=\"paragraph\"><b>Britney Spears<\/b> inici\u00f3 el cierre del a\u00f1o con una mirada \u00edntima hacia su propio proceso emocional.<\/p>\n<p class=\"paragraph\">La estrella del pop, de 43 a\u00f1os, reapareci\u00f3 en Instagram el pasado 7 de noviembre y, d\u00edas despu\u00e9s, comparti\u00f3 un mensaje extenso \u2014luego editado\u2014 en el que habl\u00f3 sobre la importancia de escuchar a la \u201cni\u00f1a interior\u201d, aprender de los momentos dif\u00edciles y encontrar belleza incluso en el dolor. <\/p>\n<p class=\"paragraph\">El texto acompa\u00f1\u00f3 un video en el que se le ve bailando al ritmo de \u201cSend My Love (To Your New Lover)\u201d, de <b>Adele<\/b>, mientras sincroniza con versos como: \u201cTenemos que dejar ir a todos nuestros fantasmas \/ Ambos sabemos que ya no somos ni\u00f1os.\u201d<\/p>\n<p><img alt=\"Britney Spears regres\u00f3 a Instagram\" class=\"global-image\" decoding=\"async\" fetchpriority=\"low\" height=\"434\" loading=\"lazy\" src=\"https:\/\/www.europesays.com\/es\/wp-content\/uploads\/2025\/12\/GEOUNKI3VFEYJDIFBBMHFODLKI.jpeg\" width=\"237\"\/>Britney Spears regres\u00f3 a Instagram con una reflexi\u00f3n sobre su sufrimiento. (Instagram\/Britney Spears )<\/p>\n<p class=\"paragraph\">\u201cNo he encontrado mi vestido de fiesta para este a\u00f1o. Reflexionar es bueno para el alma. <b>A veces cuando ocurren cosas dif\u00edciles, de ellas pueden surgir cosas buenas y aprendemos<\/b>. Aprend\u00ed que una expresi\u00f3n real, con emoci\u00f3n, habla en gran medida por todos nosotros\u201d, expres\u00f3.<\/p>\n<p class=\"paragraph\">En una segunda parte del mensaje, la cantante profundiz\u00f3 sobre la fragilidad emocional y la relevancia de mantener viva la parte m\u00e1s sensible de uno mismo.<\/p>\n<p class=\"paragraph\"> \u201cLl\u00e1malo infantil, tonto, molesto.<b> <\/b>Crecemos para convertirnos en mujeres, pero \u00bfte atreves a conservar la parte m\u00e1s sensible del alma y permitirle rebelarse? <b>La ni\u00f1a interior debe hablar en los momentos m\u00e1s vulnerables<\/b>\u201d, reflexion\u00f3.<\/p>\n<p><img alt=\"Britney Spears reflexion\u00f3 sobre la\" class=\"global-image\" decoding=\"async\" fetchpriority=\"low\" height=\"1079\" loading=\"lazy\" src=\"https:\/\/www.europesays.com\/es\/wp-content\/uploads\/2025\/12\/5XSXWOHZB5GOLBZYKXL7APOPDI.jpg\" width=\"1920\"\/>Britney Spears reflexion\u00f3 sobre la tristeza y el dolor. (EFE\/CHRISTIAN LILIENDAHL)<\/p>\n<p class=\"paragraph\"><b>Britney Spears<\/b> tambi\u00e9n abord\u00f3 sentimientos de p\u00e9rdida, con una reflexi\u00f3n que muchos interpretaron como un gui\u00f1o al t\u00edtulo de su exitosa autobiograf\u00eda, The Woman in Me. <\/p>\n<p class=\"paragraph\">\u201cLa tristeza y la oscuridad sobreviven para ayudarnos a comprender lo que es perder a alguien, y lo que es el dolor y el sufrimiento. A veces, <b>a trav\u00e9s del padecimiento, la fealdad y el sacrificio, pueden manifestarse cosas extremadamente raras<\/b> y hermosas que se comparten\u201d, escribi\u00f3.<\/p>\n<p class=\"paragraph\">Sin embargo, al d\u00eda siguiente, el 30 de noviembre, la artista decidi\u00f3 editar dr\u00e1sticamente el mensaje, reduci\u00e9ndolo a una sola idea m\u00e1s simple: \u201cMe sent\u00ed bonita con ese traje de ba\u00f1o, tengo que encontrar esos zapatos Mary Jane\u201d.<\/p>\n<p><img alt=\"Britney Spears edit\u00f3 su mensaje\" class=\"global-image\" decoding=\"async\" fetchpriority=\"low\" height=\"545\" loading=\"lazy\" src=\"https:\/\/www.europesays.com\/es\/wp-content\/uploads\/2025\/12\/62BNFWTI75DNFHRVICTT7ROK44.jpeg\" width=\"590\"\/>Britney Spears edit\u00f3 su mensaje en Instagram. (Instagram\/Britney Spears )<\/p>\n<p class=\"paragraph\">La edici\u00f3n llam\u00f3 la atenci\u00f3n de sus fans, quienes han seguido de cerca la actividad de la artista en redes sociales, especialmente despu\u00e9s de que desactivara su cuenta el pasado 2 de noviembre en medio de un conflicto p\u00fablico con su exesposo, <b>Kevin Federline<\/b>.<\/p>\n<p class=\"paragraph\">Federline public\u00f3 recientemente su libro You Thought You Knew, lo que desat\u00f3 una nueva ola de atenci\u00f3n medi\u00e1tica hacia <b>Britney Spears<\/b>. <\/p>\n<p class=\"paragraph\">La cantante hab\u00eda levantado preocupaci\u00f3n entre algunos seguidores por compartir videos de baile y desactivar los comentarios en publicaciones con mensajes cr\u00edpticos relacionados con sus hijos Jayden James, de 19 a\u00f1os, y Sean Preston, de 20 a\u00f1os.<\/p>\n<p class=\"paragraph\">El 14 de octubre, un representante de la artista respondi\u00f3 a las alegaciones incluidas en el libro de Federline.<\/p>\n<p><img alt=\"Britney Spears est\u00e1 enfocada en\" class=\"global-image\" decoding=\"async\" fetchpriority=\"low\" height=\"1080\" loading=\"lazy\" src=\"https:\/\/www.europesays.com\/es\/wp-content\/uploads\/2025\/12\/DJQHWDXTZNGFXGG3RE5NYYA2UY.jpg\" width=\"1920\"\/>Britney Spears est\u00e1 enfocada en el bienestar de sus hijos. (Instagram)<\/p>\n<p class=\"paragraph\">\u201cCon las noticias que est\u00e1n saliendo del libro de Kevin,<b> una vez m\u00e1s \u00e9l y otros est\u00e1n lucrando con ella<\/b> y, tristemente, esto ocurre justo despu\u00e9s de que terminara la manutenci\u00f3n infantil con Kevin\u201d, se\u00f1al\u00f3 en un comunicado a PEOPLE. <\/p>\n<p class=\"paragraph\">Y a\u00f1adi\u00f3: \u201c<b>A ella solo le importan sus hijos, Sean Preston y Jayden James, y su bienestar<\/b> en medio de este sensacionalismo. Ella detall\u00f3 su camino en su autobiograf\u00eda\u201d.<\/p>\n","protected":false},"excerpt":{"rendered":"Britney Spears se sincer\u00f3 sobre la tristeza que siente en su regreso a Instagram. (REUTERS\/Mario Anzuoni) Britney Spears&hellip;\n","protected":false},"author":2,"featured_media":204349,"comment_status":"","ping_status":"","sticky":false,"template":"","format":"standard","meta":{"footnotes":""},"categories":[170],"tags":[146,147,25,24,184,185,23],"class_list":{"0":"post-264627","1":"post","2":"type-post","3":"status-publish","4":"format-standard","5":"has-post-thumbnail","7":"category-musica","8":"tag-entertainment","9":"tag-entretenimiento","10":"tag-es","11":"tag-espana","12":"tag-music","13":"tag-musica","14":"tag-spain"},"share_on_mastodon":{"url":"https:\/\/pubeurope.com\/@es\/115641661364166497","error":""},"_links":{"self":[{"href":"https:\/\/www.europesays.com\/es\/wp-json\/wp\/v2\/posts\/264627","targetHints":{"allow":["GET"]}}],"collection":[{"href":"https:\/\/www.europesays.com\/es\/wp-json\/wp\/v2\/posts"}],"about":[{"href":"https:\/\/www.europesays.com\/es\/wp-json\/wp\/v2\/types\/post"}],"author":[{"embeddable":true,"href":"https:\/\/www.europesays.com\/es\/wp-json\/wp\/v2\/users\/2"}],"replies":[{"embeddable":true,"href":"https:\/\/www.europesays.com\/es\/wp-json\/wp\/v2\/comments?post=264627"}],"version-history":[{"count":0,"href":"https:\/\/www.europesays.com\/es\/wp-json\/wp\/v2\/posts\/264627\/revisions"}],"wp:featuredmedia":[{"embeddable":true,"href":"https:\/\/www.europesays.com\/es\/wp-json\/wp\/v2\/media\/204349"}],"wp:attachment":[{"href":"https:\/\/www.europesays.com\/es\/wp-json\/wp\/v2\/media?parent=264627"}],"wp:term":[{"taxonomy":"category","embeddable":true,"href":"https:\/\/www.europesays.com\/es\/wp-json\/wp\/v2\/categories?post=264627"},{"taxonomy":"post_tag","embeddable":true,"href":"https:\/\/www.europesays.com\/es\/wp-json\/wp\/v2\/tags?post=264627"}],"curies":[{"name":"wp","href":"https:\/\/api.w.org\/{rel}","templated":true}]}}