{"id":264628,"date":"2025-12-01T01:15:14","date_gmt":"2025-12-01T01:15:14","guid":{"rendered":"https:\/\/www.europesays.com\/es\/264628\/"},"modified":"2025-12-01T01:15:14","modified_gmt":"2025-12-01T01:15:14","slug":"carlos-sainz-firma-un-podio-estelar-en-el-gp-de-catar","status":"publish","type":"post","link":"https:\/\/www.europesays.com\/es\/264628\/","title":{"rendered":"Carlos Sainz firma un podio estelar en el GP de Catar"},"content":{"rendered":"<p>Domingo, 30 de noviembre de 2025:<br \/>&#13;<br \/>\n&#8211; Carrera: P3, 57 vueltas<\/p>\n<ul>&#13;<\/p>\n<li>Carlos Sainz ha firmado un fin de semana rayano con la perfecci\u00f3n en Catar, en el que ha superado todas las expectativas y ha conseguido un tercer puesto en un circuito que, a priori, no se adecuaba a las fortalezas de su coche.<\/li>\n<p>&#13;<\/p>\n<li>S\u00e9ptimo en parrilla, el piloto de Williams ha hecho una gran salida y ha adelantado a dos coches para situarse quinto en una pista donde adelantar es muy dif\u00edcil.<\/li>\n<p>&#13;<\/p>\n<li>Un coche de seguridad en la vuelta 7 con parada en boxes masiva ha propiciado que Carlos superase al Mercedes de Kimi Antonelli para ponerse cuarto.<\/li>\n<p>&#13;<\/p>\n<li>El brillante ritmo de carrera que Carlos ha sostenido durante toda la segunda tanda le ha permitido mantenerse por delante del McLaren de Lando Norris cuando el McLaren ha hecho su segunda y \u00faltima parada. El piloto madrile\u00f1o ha resistido el envite del l\u00edder del Mundial para cruzar la l\u00ednea de meta en tercer lugar y firmar su segundo podio de la temporada.<\/li>\n<p>&#13;<\/p>\n<li>Los 15 puntos del tercer puesto lo a\u00fapan a la novena posici\u00f3n del Mundial de Pilotos, al mismo tiempo que otorgan definitivamente el quinto puesto de Williams en el de Constructores.<\/li>\n<p>&#13;\n<\/ul>\n<p><strong>DECLARACIONES:<\/strong><br \/>&#13;<br \/>\n\u201c\u00a1Estoy muy, muy contento! Hemos hecho una salida muy buena y, a partir de ah\u00ed, hemos ejecutado una carrera perfecta en estrategia, gesti\u00f3n de los neum\u00e1ticos, paradas en boxes y comunicaci\u00f3n. Hacia el final del segundo stint he visto que a Piastri le costaba adelantarme con gomas frescas y en ese momento me he dado cuenta de que ten\u00edamos que ir a por el podio. Estaba empujando al l\u00edmite, \u00a1pero a seis vueltas de terminar algo se ha roto de repente! He empezado a perder mucho tiempo en los sectores 1 y 3, pero he conseguido resistir y llevar este tercer puesto a casa\u00bb.<\/p>\n<p>\u201cEl resultado de hoy es una demostraci\u00f3n del duro trabajo del equipo. Sab\u00eda que est\u00e1bamos dando los pasos adecuados y, aunque hemos tenido algunos fines de semana dif\u00edciles por el camino, siempre he tenido plena confianza en lo que est\u00e1bamos haciendo. Estoy verdaderamente orgulloso de todo el mundo en el equipo, merecemos este quinto puesto en el Mundial de Constructores y estoy deseando terminar la temporada con otra buena carrera en Abu Dabi. \u00a1A por ello!\u00bb.<\/p>\n<p><strong>PR\u00d3XIMA ACTIVIDAD:<\/strong><br \/>&#13;<br \/>\nGP de Abu Dabi, Yas Marina Circuit \u2013 5-7 de diciembre de 2025<\/p>\n","protected":false},"excerpt":{"rendered":"Domingo, 30 de noviembre de 2025:&#13; &#8211; Carrera: P3, 57 vueltas &#13; Carlos Sainz ha firmado un fin&hellip;\n","protected":false},"author":2,"featured_media":264629,"comment_status":"","ping_status":"","sticky":false,"template":"","format":"standard","meta":{"footnotes":""},"categories":[93],"tags":[307,168,25,24,306,271,4152,3170,65660,65661,20989,23,167,308],"class_list":{"0":"post-264628","1":"post","2":"type-post","3":"status-publish","4":"format-standard","5":"has-post-thumbnail","7":"category-deportes","8":"tag-carlos-sainz","9":"tag-deportes","10":"tag-es","11":"tag-espana","12":"tag-f1","13":"tag-formula-1","14":"tag-fw47","15":"tag-gp","16":"tag-gp-catar","17":"tag-losail-international-circuit","18":"tag-qatar","19":"tag-spain","20":"tag-sports","21":"tag-williams"},"share_on_mastodon":{"url":"","error":""},"_links":{"self":[{"href":"https:\/\/www.europesays.com\/es\/wp-json\/wp\/v2\/posts\/264628","targetHints":{"allow":["GET"]}}],"collection":[{"href":"https:\/\/www.europesays.com\/es\/wp-json\/wp\/v2\/posts"}],"about":[{"href":"https:\/\/www.europesays.com\/es\/wp-json\/wp\/v2\/types\/post"}],"author":[{"embeddable":true,"href":"https:\/\/www.europesays.com\/es\/wp-json\/wp\/v2\/users\/2"}],"replies":[{"embeddable":true,"href":"https:\/\/www.europesays.com\/es\/wp-json\/wp\/v2\/comments?post=264628"}],"version-history":[{"count":0,"href":"https:\/\/www.europesays.com\/es\/wp-json\/wp\/v2\/posts\/264628\/revisions"}],"wp:featuredmedia":[{"embeddable":true,"href":"https:\/\/www.europesays.com\/es\/wp-json\/wp\/v2\/media\/264629"}],"wp:attachment":[{"href":"https:\/\/www.europesays.com\/es\/wp-json\/wp\/v2\/media?parent=264628"}],"wp:term":[{"taxonomy":"category","embeddable":true,"href":"https:\/\/www.europesays.com\/es\/wp-json\/wp\/v2\/categories?post=264628"},{"taxonomy":"post_tag","embeddable":true,"href":"https:\/\/www.europesays.com\/es\/wp-json\/wp\/v2\/tags?post=264628"}],"curies":[{"name":"wp","href":"https:\/\/api.w.org\/{rel}","templated":true}]}}