{"id":264630,"date":"2025-12-01T01:16:15","date_gmt":"2025-12-01T01:16:15","guid":{"rendered":"https:\/\/www.europesays.com\/es\/264630\/"},"modified":"2025-12-01T01:16:15","modified_gmt":"2025-12-01T01:16:15","slug":"la-directora-de-salud-publica-asiste-al-acto-del-dia-mundial-de-la-lucha-contra-el-sida","status":"publish","type":"post","link":"https:\/\/www.europesays.com\/es\/264630\/","title":{"rendered":"La directora de Salud P\u00fablica asiste al acto del D\u00eda Mundial de la lucha contra el sida"},"content":{"rendered":"<p>\n        Actualizado 30\/11\/2025 18:54\n    <\/p>\n<p>    <a class=\"category\" href=\"https:\/\/www.aragonhoy.es\/sanidad\" rel=\"nofollow noopener\" target=\"_blank\">Sanidad<\/a><\/p>\n<p class=\"paragraph\">El Ayuntamiento de Zaragoza, el Gobierno de Arag\u00f3n y diversas entidades sociales participan en el acto conmemorativo del D\u00eda Mundial de la Lucha contra el SIDA, que tendr\u00e1 lugar en el Parque Bruil.\u00a0La directora general de Salud P\u00fablica del Gobierno de Arag\u00f3n, Nuria Gay\u00e1n, asiste a este acto en el que intervendr\u00e1 la consejera de Pol\u00edticas Sociales del Ayuntamiento de Zaragoza, Marian Or\u00f3s.<\/p>\n<p class=\"paragraph\">La lectura del manifiesto este a\u00f1o correr\u00e1 a cargo de la asociaci\u00f3n Mucha VIHda y durante el acto institucional actuar\u00e1 el Grupo de Teatro \u201cCa\u00eddos del Zielo\u201d.<\/p>\n<p>\n                <strong>Fecha de realizaci\u00f3n:<\/strong><br \/>\n                lunes, 01 de diciembre de 2025 11:00\n            <\/p>\n<p>                <strong>Lugar:<\/strong><\/p>\n<p class=\"paragraph\">Parque Bruil. Junto\u00a0 al memorial del VIH<\/p>\n<p>                <strong>Localidad:<\/strong><\/p>\n<p class=\"paragraph\">Zaragoza, 50.002<\/p>\n","protected":false},"excerpt":{"rendered":"Actualizado 30\/11\/2025 18:54 Sanidad El Ayuntamiento de Zaragoza, el Gobierno de Arag\u00f3n y diversas entidades sociales participan en&hellip;\n","protected":false},"author":2,"featured_media":213669,"comment_status":"","ping_status":"","sticky":false,"template":"","format":"standard","meta":{"footnotes":""},"categories":[92],"tags":[65662,25,24,165,166,23],"class_list":{"0":"post-264630","1":"post","2":"type-post","3":"status-publish","4":"format-standard","5":"has-post-thumbnail","7":"category-salud","8":"tag-directora-salud-publica-asiste-acto-dia-mundial-lucha-sida","9":"tag-es","10":"tag-espana","11":"tag-health","12":"tag-salud","13":"tag-spain"},"share_on_mastodon":{"url":"https:\/\/pubeurope.com\/@es\/115641672322068433","error":""},"_links":{"self":[{"href":"https:\/\/www.europesays.com\/es\/wp-json\/wp\/v2\/posts\/264630","targetHints":{"allow":["GET"]}}],"collection":[{"href":"https:\/\/www.europesays.com\/es\/wp-json\/wp\/v2\/posts"}],"about":[{"href":"https:\/\/www.europesays.com\/es\/wp-json\/wp\/v2\/types\/post"}],"author":[{"embeddable":true,"href":"https:\/\/www.europesays.com\/es\/wp-json\/wp\/v2\/users\/2"}],"replies":[{"embeddable":true,"href":"https:\/\/www.europesays.com\/es\/wp-json\/wp\/v2\/comments?post=264630"}],"version-history":[{"count":0,"href":"https:\/\/www.europesays.com\/es\/wp-json\/wp\/v2\/posts\/264630\/revisions"}],"wp:featuredmedia":[{"embeddable":true,"href":"https:\/\/www.europesays.com\/es\/wp-json\/wp\/v2\/media\/213669"}],"wp:attachment":[{"href":"https:\/\/www.europesays.com\/es\/wp-json\/wp\/v2\/media?parent=264630"}],"wp:term":[{"taxonomy":"category","embeddable":true,"href":"https:\/\/www.europesays.com\/es\/wp-json\/wp\/v2\/categories?post=264630"},{"taxonomy":"post_tag","embeddable":true,"href":"https:\/\/www.europesays.com\/es\/wp-json\/wp\/v2\/tags?post=264630"}],"curies":[{"name":"wp","href":"https:\/\/api.w.org\/{rel}","templated":true}]}}