{"id":264631,"date":"2025-12-01T01:17:17","date_gmt":"2025-12-01T01:17:17","guid":{"rendered":"https:\/\/www.europesays.com\/es\/264631\/"},"modified":"2025-12-01T01:17:17","modified_gmt":"2025-12-01T01:17:17","slug":"woody-allen-cumple-90-anos-como-un-referente-del-septimo-arte-rodeado-de-polemicas","status":"publish","type":"post","link":"https:\/\/www.europesays.com\/es\/264631\/","title":{"rendered":"Woody Allen cumple 90 a\u00f1os como un referente del s\u00e9ptimo arte rodeado de pol\u00e9micas"},"content":{"rendered":"<p class=\"mb-4 text-lg md:leading-8 break-words\">Alicia S\u00e1nchez G\u00f3mez<\/p>\n<p class=\"mb-4 text-lg md:leading-8 break-words\">Nueva York, 30 nov (EFE).- El cineasta neoyorquino Woody Allen cumple este domingo 90 a\u00f1os como uno de los mayores referentes del s\u00e9ptimo arte, en cuya trayectoria no han faltado sin embargo las pol\u00e9micas por las que ha sido se\u00f1alado y rechazado.<\/p>\n<p class=\"mb-4 text-lg md:leading-8 break-words\">Un d\u00eda como hoy de 1935, Allan Stewart Konigsberg nac\u00eda en Nueva York, en el seno de una familia jud\u00eda, con la que pas\u00f3 su infancia en Brooklyn.<\/p>\n<p class=\"mb-4 text-lg md:leading-8 break-words\">El neoyorquino, que a los 17 a\u00f1os se cambi\u00f3 el nombre legal a Heywood Allen, comenz\u00f3 a cultivar de joven un sentido del humor que le llev\u00f3 a publicar chistes en columnas de peri\u00f3dicos.<\/p>\n<p class=\"mb-4 text-lg md:leading-8 break-words\">Su inter\u00e9s por el cine le empuj\u00f3 m\u00e1s tarde a la Universidad de Nueva York (NYU) y al City College, tambi\u00e9n en la Gran Manzana, aunque nunca lleg\u00f3 a terminar los estudios.<\/p>\n<p class=\"mb-4 text-lg md:leading-8 break-words\">Pese a ello, las 50 pel\u00edculas que carga a sus espaldas han dejado huella no solo entre los espectadores sino entre los cr\u00edticos y la Academia de Cine, con largometrajes como &#8216;Annie Hall&#8217; (1977) o &#8216;Manhattan&#8217; (1979) considerados ya cl\u00e1sicos del s\u00e9ptimo arte.<\/p>\n<p class=\"mb-4 text-lg md:leading-8 break-words\">El director anunci\u00f3 hace a\u00f1os que planeaba retirarse pronto, desmotivado por la reducci\u00f3n del n\u00famero de semanas que permanecen los filmes en las salas de cine, y de momento &#8216;Coup de Chance&#8217; (2023) es su \u00faltimo largometraje.<\/p>\n<p class=\"mb-4 text-lg md:leading-8 break-words\">Cartas de amor a Nueva York<\/p>\n<p class=\"mb-4 text-lg md:leading-8 break-words\">Si realmente se retira, quedar\u00e1n en su legado las m\u00faltiples cartas de amor a Nueva York que Allen escribi\u00f3 en sus pel\u00edculas, en las que entrelaza la ficci\u00f3n con elementos autobiogr\u00e1ficos.<\/p>\n<p class=\"mb-4 text-lg md:leading-8 break-words\">As\u00ed lo reflejan obras como &#8216;Annie Hall&#8217;, sobre un c\u00f3mico criado en Brooklyn y una relaci\u00f3n sentimental fallida, o &#8216;Manhattan&#8217;, cuyo personaje principal escribe chistes para la televisi\u00f3n.<\/p>\n<p class=\"mb-4 text-lg md:leading-8 break-words\">\u00abEl nombre y la imagen de Allen evocaban im\u00e1genes e ideas, nociones y valores que serv\u00edan de base para desarrollar sus personajes ficticios en la gran pantalla\u00bb, escribi\u00f3 el cr\u00edtico estadounidense Sam B. Girgus en su libro &#8216;The Films of Woody Allen&#8217;, de 1993.<\/p>\n<p class=\"mb-4 text-lg md:leading-8 break-words\">Seg\u00fan Girgus, la imagen p\u00fablica del cineasta, quien desde sus inicios fue visto como \u00abdirector, actor y neur\u00f3tico urbano\u00bb, funcionaba como \u00abun alter ego fantasmal para identificar y situar al personaje ficticio de Allen\u00bb retratado en sus pel\u00edculas.<\/p>\n<p class=\"mb-4 text-lg md:leading-8 break-words\">De tel\u00f3n de fondo est\u00e1 habitualmente Nueva York, una ciudad por la que Allen dijo sentir \u00abun amor irracional\u00bb en una entrevista que concedi\u00f3 en 2008 a The New York Magazine.<\/p>\n<p class=\"mb-4 text-lg md:leading-8 break-words\">\u00abLa ciudad est\u00e1 llena de caos, y el caos es, para mucha gente, placentero. Hace poco viv\u00eda en un piso en Madison Avenue y todas las noches se o\u00edan ambulancias y sirenas. Era realmente una nana\u00bb, coment\u00f3 Allen a la revista.<\/p>\n<p class=\"mb-4 text-lg md:leading-8 break-words\">Entre sus obras m\u00e1s reconocidas tambi\u00e9n figuran &#8216;Blue Jasmine&#8217; (2013), &#8216;Cafe Society&#8217; (2016), &#8216;A Rainy Day in New York&#8217; (2022), &#8216;Midnight in Paris&#8217; (2011) o &#8216;Vicky Cristina Barcelona&#8217; (2008).<\/p>\n<p class=\"mb-4 text-lg md:leading-8 break-words\">Una carrera de luces y sombras<\/p>\n<p class=\"mb-4 text-lg md:leading-8 break-words\">En la extensa trayectoria de Allen, en la que se ha ganado el aclamo de la cr\u00edtica y cuatro premios \u00d3scar, no han faltado sin embargo las pol\u00e9micas, que han definido su carrera como una de luces y sombras.<\/p>\n<p class=\"mb-4 text-lg md:leading-8 break-words\">Y es que Dylan Farrow, hija adoptiva de Allen y la actriz Mia Farrow -que ha protagonizado varias pel\u00edculas del cineasta- lo ha acusado en los \u00faltimos a\u00f1os de haberla sometido a abusos sexuales cuando era una ni\u00f1a.<\/p>\n<p class=\"mb-4 text-lg md:leading-8 break-words\">Aunque las acusaciones fueron desestimadas y no se lleg\u00f3 a celebrar un juicio, la carrera de Woody Allen se vio afectada y hoy d\u00eda muchos actores y productores rechazan trabajar con \u00e9l.<\/p>\n<p class=\"mb-4 text-lg md:leading-8 break-words\">A esto se suma que en 1997, el director se cas\u00f3 con la hija adoptiva de Farrow, Soon-Yi, cuando ella ten\u00eda 21 a\u00f1os y \u00e9l 56. Actualmente, ambos siguen casados.<\/p>\n<p class=\"mb-4 text-lg md:leading-8 break-words\">El nombre de Allen nuevamente ha estado en la palestra p\u00fablica tras la publicaci\u00f3n de los 20.000 correos electr\u00f3nicos de Jeffrey Epstein.<\/p>\n<p class=\"mb-4 text-lg md:leading-8 break-words\">El director era un invitado com\u00fan de las cenas que el financiero ofrec\u00eda en su residencia en Manhattan, descrita por Allen como el castillo de Dr\u00e1cula, \u201cdonde Lugosi tiene tres j\u00f3venes vampiresas que atienden el lugar\u201d.<\/p>\n<p class=\"mb-4 text-lg md:leading-8 break-words\">Mientras las pol\u00e9micas flotan a su alrededor, Allen ha demostrado una vez m\u00e1s su polifac\u00e9tica carrera: en septiembre public\u00f3 su primera novela, &#8216;What&#8217;s With Baum?&#8217; y se prepara para filmar su pr\u00f3ximo proyecto en Espa\u00f1a con el t\u00edtulo provisional &#8216;Wasp 2026&#8217;, en con un patrocinio de 1,5 millones de euros del Gobierno de la Comunidad de Madrid, presidido por Isabel D\u00edaz Ayuso. EFE<\/p>\n<p class=\"mb-4 text-lg md:leading-8 break-words\">asg\/amv<\/p>\n<p class=\"mb-4 text-lg md:leading-8 break-words\">(foto) (v\u00eddeo)<\/p>\n<p class=\"mb-4 text-lg md:leading-8 break-words\">(c) Agencia EFE<\/p>\n","protected":false},"excerpt":{"rendered":"Alicia S\u00e1nchez G\u00f3mez Nueva York, 30 nov (EFE).- El cineasta neoyorquino Woody Allen cumple este domingo 90 a\u00f1os&hellip;\n","protected":false},"author":2,"featured_media":264632,"comment_status":"","ping_status":"","sticky":false,"template":"","format":"standard","meta":{"footnotes":""},"categories":[91],"tags":[65663,995,146,147,25,24,65664,896,23,44011],"class_list":{"0":"post-264631","1":"post","2":"type-post","3":"status-publish","4":"format-standard","5":"has-post-thumbnail","7":"category-entretenimiento","8":"tag-cartas-de-amor","9":"tag-efe","10":"tag-entertainment","11":"tag-entretenimiento","12":"tag-es","13":"tag-espana","14":"tag-heywood-allen","15":"tag-nueva-york","16":"tag-spain","17":"tag-woody-allen"},"share_on_mastodon":{"url":"https:\/\/pubeurope.com\/@es\/115641676330088272","error":""},"_links":{"self":[{"href":"https:\/\/www.europesays.com\/es\/wp-json\/wp\/v2\/posts\/264631","targetHints":{"allow":["GET"]}}],"collection":[{"href":"https:\/\/www.europesays.com\/es\/wp-json\/wp\/v2\/posts"}],"about":[{"href":"https:\/\/www.europesays.com\/es\/wp-json\/wp\/v2\/types\/post"}],"author":[{"embeddable":true,"href":"https:\/\/www.europesays.com\/es\/wp-json\/wp\/v2\/users\/2"}],"replies":[{"embeddable":true,"href":"https:\/\/www.europesays.com\/es\/wp-json\/wp\/v2\/comments?post=264631"}],"version-history":[{"count":0,"href":"https:\/\/www.europesays.com\/es\/wp-json\/wp\/v2\/posts\/264631\/revisions"}],"wp:featuredmedia":[{"embeddable":true,"href":"https:\/\/www.europesays.com\/es\/wp-json\/wp\/v2\/media\/264632"}],"wp:attachment":[{"href":"https:\/\/www.europesays.com\/es\/wp-json\/wp\/v2\/media?parent=264631"}],"wp:term":[{"taxonomy":"category","embeddable":true,"href":"https:\/\/www.europesays.com\/es\/wp-json\/wp\/v2\/categories?post=264631"},{"taxonomy":"post_tag","embeddable":true,"href":"https:\/\/www.europesays.com\/es\/wp-json\/wp\/v2\/tags?post=264631"}],"curies":[{"name":"wp","href":"https:\/\/api.w.org\/{rel}","templated":true}]}}