{"id":264637,"date":"2025-12-01T01:20:08","date_gmt":"2025-12-01T01:20:08","guid":{"rendered":"https:\/\/www.europesays.com\/es\/264637\/"},"modified":"2025-12-01T01:20:08","modified_gmt":"2025-12-01T01:20:08","slug":"trump-confirma-que-hablo-con-maduro-sin-revelar-detalles-dw-01-12-2025","status":"publish","type":"post","link":"https:\/\/www.europesays.com\/es\/264637\/","title":{"rendered":"Trump confirma que habl\u00f3 con Maduro, sin revelar detalles \u2013 DW \u2013 01\/12\/2025"},"content":{"rendered":"<p>El presidente de <a class=\"internal-link\" href=\"https:\/\/www.dw.com\/es\/estados-unidos\/t-17411942\" rel=\"nofollow noopener\" target=\"_blank\">Estados Unidos<\/a>, Donald Trump, confirm\u00f3 el domingo (30.11.2025) que habl\u00f3 recientemente por tel\u00e9fono con el mandatario venezolano <a class=\"internal-link\" href=\"https:\/\/www.dw.com\/es\/nicol\u00e1s-maduro\/t-17409336\" rel=\"nofollow noopener\" target=\"_blank\">Nicol\u00e1s Maduro<\/a>, quien lo acusa de usar la lucha antidrogas como pretexto para desplegar importantes recursos militares en el Caribe con el objetivo de derrocarlo.<\/p>\n<p>\u00abNo dir\u00eda que sali\u00f3 bien ni mal. Fue una llamada telef\u00f3nica\u00bb, declar\u00f3 el presidente estadounidense a periodistas sobre la conversaci\u00f3n que mantuvo con Maduro, de la cual el diario The New York Times fue el primero en informar.<\/p>\n<blockquote class=\"tweet embed\" data-id=\"1995248293639757953\"\/>\n<p>Trump intensific\u00f3 dr\u00e1sticamente sus amenazas contra Venezuela este fin de semana al advertir el s\u00e1bado que el espacio a\u00e9reo de ese pa\u00eds deber\u00eda considerarse \u00abcerrado\u00bb.<\/p>\n<p>Aunque no ha amenazado p\u00fablicamente con usar la fuerza contra Maduro, el magnate dijo en los \u00faltimos d\u00edas que los esfuerzos para <a class=\"internal-link\" href=\"https:\/\/www.dw.com\/es\/trump-anuncia-operaciones-por-tierra-en-venezuela\/a-74933205\" rel=\"nofollow noopener\" target=\"_blank\">detener el narcotr\u00e1fico venezolano \u00abpor tierra<\/a>\u00bb comenzar\u00edan \u00abmuy pronto\u00bb.<\/p>\n<p>Le ofrecimos \u00abirse a Rusia\u00bb, dice senador<\/p>\n<p>Washington afirma que Maduro encabeza un supuesto c\u00e1rtel de la droga. Entre las fuerzas que ha desplegado desde septiembre se encuentra el portaaviones m\u00e1s grande del mundo, lo cual ha aumentado las tensiones con Caracas.<\/p>\n<p>\u00abLe dimos a Maduro la oportunidad de irse\u00bb, dijo este domingo a CNN el republicano Markwayne Mullin, integrante del Comit\u00e9 de las Fuerzas Armadas del Senado estadounidense. \u00abLe dijimos que se pod\u00eda ir a Rusia o a otro pa\u00eds\u00bb.<\/p>\n<p>Al ser preguntado si Trump planeaba atacar a Venezuela, el senador de Oklahoma respondi\u00f3: \u00abNo, ha dejado muy claro que no vamos a enviar tropas a Venezuela. Lo que intentamos es proteger nuestras propias costas\u00bb.<\/p>\n<blockquote class=\"tweet embed\" data-id=\"1995266014108434719\"\/>\n<p>Denuncia ante OACI<\/p>\n<p>Por su parte, el Gobierno de Venezuela denunci\u00f3 ante la Organizaci\u00f3n de Aviaci\u00f3n Civil Internacional (OACI) la \u00abviolaci\u00f3n de su soberan\u00eda\u00bb, luego de que el presidente de Estados Unidos, Donald Trump, advirtiera en un mensaje que se debe <a class=\"internal-link\" href=\"https:\/\/www.dw.com\/es\/trump-advierte-que-el-espacio-a\u00e9reo-de-venezuela-debe-considerarse-cerrado-en-su-totalidad\/a-74950877\" rel=\"nofollow noopener\" target=\"_blank\">considerar como cerrado el espacio a\u00e9reo venezolano<\/a>, inform\u00f3 el ministro de Transporte, Ram\u00f3n Vel\u00e1squez Araguay\u00e1n.<\/p>\n<p>\u00abEl Estado venezolano, en el marco de su diplomacia de paz, ha denunciado por escrito ante la Organizaci\u00f3n de Aviaci\u00f3n Civil Internacional, las graves amenazas contra nuestro espacio a\u00e9reo que atentan contra la seguridad en este hemisferio\u00bb, indic\u00f3 el ministro en un comunicado publicado en redes sociales y que fue posteriormente eliminado.<\/p>\n<p>El funcionario indic\u00f3 que el presidente estadounidense anunci\u00f3 sorpresivamente el \u00absupuesto cierre del espacio a\u00e9reo venezolano, sin tener la autoridad requerida para un anuncio de este tenor y sin basamento legal alguno\u00bb.<\/p>\n<p>\u00abTal acto constituye un caso de interferencia il\u00edcita, tipificado como un grave delito en el anexo 17 del Convenio de Aviaci\u00f3n Civil Internacional, al poner en peligro la seguridad operacional de la aviaci\u00f3n mediante la difusi\u00f3n de informaci\u00f3n falsa\u00bb, apunt\u00f3.<\/p>\n<p>gs (afp, reuters, efe)<\/p>\n<p>Espacio Aereo Venezolano cerrado<video id=\"video-74960311\" controls=\"\" playsinline=\"\" preload=\"none\" poster=\"data:image\/png;base64,iVBORw0KGgoAAAANSUhEUgAAAAEAAAABCAQAAAC1HAwCAAAAC0lEQVR42mNkYAAAAAYAAjCB0C8AAAAASUVORK5CYII=\" data-id=\"74960311\" data-posterurl=\"https:\/\/static.dw.com\/image\/74960396_605.webp\" data-duration=\"02:54\"><\/p>\n<p class=\"vjs-no-js\">To view this video please enable JavaScript, and consider upgrading to a web browser that <a href=\"https:\/\/videojs.com\/html5-video-support\/\" target=\"_blank\" rel=\"nofollow noopener\">supports HTML5 video<\/a><\/p>\n<p><\/video><\/p>\n","protected":false},"excerpt":{"rendered":"El presidente de Estados Unidos, Donald Trump, confirm\u00f3 el domingo (30.11.2025) que habl\u00f3 recientemente por tel\u00e9fono con el&hellip;\n","protected":false},"author":2,"featured_media":264638,"comment_status":"","ping_status":"","sticky":false,"template":"","format":"standard","meta":{"footnotes":""},"categories":[42],"tags":[17,18,13,14,11,61,62,63,64,19,20,9,10,15,16,12,21,22,65,66,67],"class_list":{"0":"post-264637","1":"post","2":"type-post","3":"status-publish","4":"format-standard","5":"has-post-thumbnail","7":"category-internacional","8":"tag-breaking-news","9":"tag-breakingnews","10":"tag-featured-news","11":"tag-featurednews","12":"tag-headlines","13":"tag-internacional","14":"tag-international","15":"tag-international-news","16":"tag-internationalnews","17":"tag-latest-news","18":"tag-latestnews","19":"tag-news","20":"tag-noticias","21":"tag-noticias-destacadas","22":"tag-noticiasdestacadas","23":"tag-titulares","24":"tag-ultimas-noticias","25":"tag-ultimasnoticias","26":"tag-world","27":"tag-world-news","28":"tag-worldnews"},"share_on_mastodon":{"url":"https:\/\/pubeurope.com\/@es\/115641687977889685","error":""},"_links":{"self":[{"href":"https:\/\/www.europesays.com\/es\/wp-json\/wp\/v2\/posts\/264637","targetHints":{"allow":["GET"]}}],"collection":[{"href":"https:\/\/www.europesays.com\/es\/wp-json\/wp\/v2\/posts"}],"about":[{"href":"https:\/\/www.europesays.com\/es\/wp-json\/wp\/v2\/types\/post"}],"author":[{"embeddable":true,"href":"https:\/\/www.europesays.com\/es\/wp-json\/wp\/v2\/users\/2"}],"replies":[{"embeddable":true,"href":"https:\/\/www.europesays.com\/es\/wp-json\/wp\/v2\/comments?post=264637"}],"version-history":[{"count":0,"href":"https:\/\/www.europesays.com\/es\/wp-json\/wp\/v2\/posts\/264637\/revisions"}],"wp:featuredmedia":[{"embeddable":true,"href":"https:\/\/www.europesays.com\/es\/wp-json\/wp\/v2\/media\/264638"}],"wp:attachment":[{"href":"https:\/\/www.europesays.com\/es\/wp-json\/wp\/v2\/media?parent=264637"}],"wp:term":[{"taxonomy":"category","embeddable":true,"href":"https:\/\/www.europesays.com\/es\/wp-json\/wp\/v2\/categories?post=264637"},{"taxonomy":"post_tag","embeddable":true,"href":"https:\/\/www.europesays.com\/es\/wp-json\/wp\/v2\/tags?post=264637"}],"curies":[{"name":"wp","href":"https:\/\/api.w.org\/{rel}","templated":true}]}}