{"id":264639,"date":"2025-12-01T01:21:17","date_gmt":"2025-12-01T01:21:17","guid":{"rendered":"https:\/\/www.europesays.com\/es\/264639\/"},"modified":"2025-12-01T01:21:17","modified_gmt":"2025-12-01T01:21:17","slug":"la-direccion-del-centro-educativo-donde-estudiaba-una-de-las-dos-menores-fallecidas-en-jaen-afirma-que-no-sufria-acoso-escolar-sociedad","status":"publish","type":"post","link":"https:\/\/www.europesays.com\/es\/264639\/","title":{"rendered":"La direcci\u00f3n del centro educativo donde estudiaba una de las dos menores fallecidas en Ja\u00e9n afirma que no sufr\u00eda acoso escolar | Sociedad"},"content":{"rendered":"<p class=\"loc\">Ja\u00e9n<\/p>\n<p>La direcci\u00f3n del centro educativo donde cursaba estudios una de las dos menores que fueron encontradas muertas en la madrugada del s\u00e1bado en el parque de la Concordia de Ja\u00e9n sin signos de violencia externa ha desmentido de forma tajante que existiera cualquier episodio de acoso escolar relacionado con ella en ese instituto.<\/p>\n<p>En declaraciones exclusivas a Radio Ja\u00e9n Cadena SER, la direcci\u00f3n ha explicado que los rumores difundidos en redes sociales son \u00abtotalmente falsos\u00bb y que resultan \u00abindignantes\u00bb por la ligereza con la que se est\u00e1n compartiendo.<\/p>\n<p>El centro aclara que las dos adolescentes no hab\u00edan coincidido escolarizadas al mismo tiempo en sus aulas: una de ellas caus\u00f3 baja voluntaria en septiembre y la otra asist\u00eda regularmente a clase, siendo considerada por el profesorado como \u00abuna de las mejores alumnas del ciclo formativo\u00bb. La direcci\u00f3n subraya que esta estudiante \u00abestaba contenta, integrada y no hab\u00eda manifestado ning\u00fan malestar ni situaci\u00f3n de conflicto\u00bb.<\/p>\n<p>La direcci\u00f3n insiste en que no existe ninguna evidencia de acoso escolar en el centro y recuerda que se trata de un momento de \u00abprofundo dolor para las familias y para toda la comunidad educativa\u00bb.<\/p>\n<p>El alcalde de Ja\u00e9n, Julio Mill\u00e1n, y el subdelegado del Gobierno en la provincia, Manuel Fern\u00e1ndez, han apelado tambi\u00e9n a la responsabilidad ciudadana y al respeto hacia los allegados de las menores, en unos d\u00edas marcados por el duelo y la conmoci\u00f3n que vive la ciudad.<\/p>\n<p>La capital de la provincia vive este domingo su primer d\u00eda de luto oficial de los tres decretados por el Ayuntamiento, con banderas ondeando a media asta. Este lunes, a las puertas del Consistorio, se llevar\u00e1 a cabo un minuto de silencio al mediod\u00eda por las dos j\u00f3venes de 15 y 16 a\u00f1os halladas muertas en la madrugada de este viernes al s\u00e1bado sin signos de violencia externa, seg\u00fan fuentes policiales. El centro educativo ha anunciado a trav\u00e9s de un comunicado que tambi\u00e9n realizar\u00e1 un homenaje a las menores con otro minuto de silencio.<\/p>\n<p>La investigaci\u00f3n sigue abierta y se ha decretado el secreto de sumario.<\/p>\n","protected":false},"excerpt":{"rendered":"Ja\u00e9n La direcci\u00f3n del centro educativo donde cursaba estudios una de las dos menores que fueron encontradas muertas&hellip;\n","protected":false},"author":2,"featured_media":264640,"comment_status":"","ping_status":"","sticky":false,"template":"","format":"standard","meta":{"footnotes":""},"categories":[8],"tags":[17,18,25,24,13,14,11,19,20,9,10,15,16,23,12,21,22],"class_list":{"0":"post-264639","1":"post","2":"type-post","3":"status-publish","4":"format-standard","5":"has-post-thumbnail","7":"category-espana","8":"tag-breaking-news","9":"tag-breakingnews","10":"tag-es","11":"tag-espana","12":"tag-featured-news","13":"tag-featurednews","14":"tag-headlines","15":"tag-latest-news","16":"tag-latestnews","17":"tag-news","18":"tag-noticias","19":"tag-noticias-destacadas","20":"tag-noticiasdestacadas","21":"tag-spain","22":"tag-titulares","23":"tag-ultimas-noticias","24":"tag-ultimasnoticias"},"share_on_mastodon":{"url":"https:\/\/pubeurope.com\/@es\/115641691932588542","error":""},"_links":{"self":[{"href":"https:\/\/www.europesays.com\/es\/wp-json\/wp\/v2\/posts\/264639","targetHints":{"allow":["GET"]}}],"collection":[{"href":"https:\/\/www.europesays.com\/es\/wp-json\/wp\/v2\/posts"}],"about":[{"href":"https:\/\/www.europesays.com\/es\/wp-json\/wp\/v2\/types\/post"}],"author":[{"embeddable":true,"href":"https:\/\/www.europesays.com\/es\/wp-json\/wp\/v2\/users\/2"}],"replies":[{"embeddable":true,"href":"https:\/\/www.europesays.com\/es\/wp-json\/wp\/v2\/comments?post=264639"}],"version-history":[{"count":0,"href":"https:\/\/www.europesays.com\/es\/wp-json\/wp\/v2\/posts\/264639\/revisions"}],"wp:featuredmedia":[{"embeddable":true,"href":"https:\/\/www.europesays.com\/es\/wp-json\/wp\/v2\/media\/264640"}],"wp:attachment":[{"href":"https:\/\/www.europesays.com\/es\/wp-json\/wp\/v2\/media?parent=264639"}],"wp:term":[{"taxonomy":"category","embeddable":true,"href":"https:\/\/www.europesays.com\/es\/wp-json\/wp\/v2\/categories?post=264639"},{"taxonomy":"post_tag","embeddable":true,"href":"https:\/\/www.europesays.com\/es\/wp-json\/wp\/v2\/tags?post=264639"}],"curies":[{"name":"wp","href":"https:\/\/api.w.org\/{rel}","templated":true}]}}