{"id":264645,"date":"2025-12-01T01:31:15","date_gmt":"2025-12-01T01:31:15","guid":{"rendered":"https:\/\/www.europesays.com\/es\/264645\/"},"modified":"2025-12-01T01:31:15","modified_gmt":"2025-12-01T01:31:15","slug":"suero-mantiene-al-castellon-en-las-nubes-frente-a-las-palmas","status":"publish","type":"post","link":"https:\/\/www.europesays.com\/es\/264645\/","title":{"rendered":"Suero mantiene al Castell\u00f3n en las nubes frente a Las Palmas"},"content":{"rendered":"<p class=\"\"><b>Victoria que vale su peso en oro<\/b> para el Club Deportivo Castell\u00f3n gracias al solitario gol de<b> Israel Suero en el 76\u2019<\/b> de partido para un conjunto albinegro que fue superior a Las Palmas y que termina la jornada, de nuevo, <b>en puestos de playoff <\/b>despu\u00e9s de vencer a un equipo que llevaba ocho jornadas invicto. <b>13 puntos de los \u00faltimos 15 para el Castell\u00f3n tras el Club Deportivo<\/b> <b>Castell\u00f3n<\/b>.<\/p>\n<p><a href=\"https:\/\/as.com\/resultados\/ficha\/equipo\/castellon\/122\/\" rel=\"nofollow noopener\" target=\"_blank\"><img decoding=\"async\" src=\"https:\/\/www.europesays.com\/es\/wp-content\/uploads\/2025\/12\/122.png\" alt=\"Suero mantiene al Castell\u00f3n en las nubes frente a Las Palmas\" height=\"80\" width=\"80\"  loading=\"lazy\" data-error-image=\"https:\/\/static.as.com\/dist\/resources\/images\/placeholder-team.png\"\/><\/a><\/p>\n<p class=\"\">Ambos equipos <b>llegaban en un gran momento de forma<\/b> al encuentro pero el que lo demostr\u00f3 en la primera mitad fue el Castell\u00f3n, que fue claramente dominador desde el pitido inicial hasta el descanso. El conjunto canario<b> fue reculando metros al tiempo<\/b> que el albinegro se encontraba cada vez m\u00e1s c\u00f3modo con el bal\u00f3n y pisando el \u00e1rea de Horkas con facilidad.<\/p>\n<p><a href=\"https:\/\/as.com\/resultados\/ficha\/equipo\/las_palmas\/9\/\" rel=\"nofollow noopener\" target=\"_blank\"><img decoding=\"async\" src=\"https:\/\/www.europesays.com\/es\/wp-content\/uploads\/2025\/12\/9.png\" alt=\"Suero mantiene al Castell\u00f3n en las nubes frente a Las Palmas\" height=\"80\" width=\"80\"  loading=\"lazy\" data-error-image=\"https:\/\/static.as.com\/dist\/resources\/images\/placeholder-team.png\"\/><\/a><\/p>\n<p class=\"\">Las primeras ocasione<b>s las tuvieron Awer Mabil<\/b> desde el flanco diestro y Ousmane Camara de cabeza, pero la m\u00e1s clara fue una de Gerenebarrena para culminar un gran contraataque del Castell\u00f3n. No obstante, su disparo fue demasiado centrado y<b> fue repelido por el guardameta croata, <\/b>as\u00ed como tambi\u00e9n otra del guineano Camara cerca del descanso desde el \u00e1rea peque\u00f1a.<\/p>\n<p class=\"\">M\u00e1s igualada fue la segunda mitad, en la que el equipo de Pablo Hern\u00e1ndez continu\u00f3 llevando la iniciativa pero sin poder crear tantas ocasiones de peligro. Adem\u00e1s, se estir\u00f3 algo m\u00e1s el combinado de Luis Garc\u00eda, que <b>lo intent\u00f3 a trav\u00e9s de Manu Fuster y Peji\u00f1o pero sin sin demasiado acierto.<\/b><\/p>\n<p>Noticias relacionadas<a href=\"https:\/\/as.com\/futbol\/segunda\/castellon-las-palmas-en-directo-sigue-laliga-hypermotion-hoy-en-vivo-f202511-n\/\" class=\"s_m_w\" title=\"Castell\u00f3n - Las Palmas, en directo: sigue LaLiga Hypermotion hoy en vivo\" data-tb-link=\"\" rel=\"nofollow noopener\" target=\"_blank\"><img decoding=\"async\" src=\"https:\/\/www.europesays.com\/es\/wp-content\/uploads\/2025\/12\/NHFNS4BFJJF4BLMFT25CKQ2WPQ.jpeg\" alt=\"Castell\u00f3n - Las Palmas, en directo: sigue LaLiga Hypermotion hoy en vivo\" class=\"\" height=\"9\" width=\"16\"   loading=\"lazy\" data-tb-thumbnail=\"\"\/><\/a><a href=\"https:\/\/as.com\/futbol\/segunda\/aprobados-y-suspensos-de-las-palmas-continua-la-pesadilla-en-castellon-f202511-n\/\" class=\"s_m_w\" title=\"Las Palmas, en su peor partido del curso, cede la tercera derrota. Horka\u0161 y Barcia, de lo poco salvable. Viera y Jes\u00e9 no pudieron hacer nada. \" data-tb-link=\"\" rel=\"nofollow noopener\" target=\"_blank\"><img decoding=\"async\" src=\"https:\/\/www.europesays.com\/es\/wp-content\/uploads\/2025\/12\/BMOPKOYPJRC3FFJIH3DPOF5FJ4.jpeg\" alt=\"Aprobados y suspensos de Las Palmas: contin\u00faa la pesadilla en Castell\u00f3n\" class=\"\" height=\"9\" width=\"16\"   loading=\"lazy\" data-tb-thumbnail=\"\"\/><\/a><\/p>\n<p class=\"\">Al final, <b>la insistencia del Castell\u00f3n termin\u00f3 teniendo premio <\/b>cuando restaba un cuarto de hora para el pitido final, cuando Cipenga <b>asisti\u00f3 a Isra Suero para que el madrile\u00f1o la colocara en la escuadra de Horkas<\/b> y anotara el tanto que, a la postre, terminar\u00eda siendo decisivo para el triunfo del Castell\u00f3n sobre Las Palmas en el SkyFi Castalia.<\/p>\n<p class=\"\"><b>\u00a1Tus opiniones importan!<\/b> Comenta en los art\u00edculos y suscr\u00edbete gratis a nuestra <a href=\"https:\/\/asfan.as.com\/newsletters\/\" target=\"_blank\" rel=\"nofollow noopener\" title=\"https:\/\/asfan.as.com\/newsletters\/\">newsletter<\/a> y a las alertas informativas en la <a href=\"https:\/\/as.com\/aplicacion-de-as-n\/\" target=\"_blank\" rel=\"nofollow noopener\" title=\"https:\/\/as.com\/aplicacion-de-as-n\/\">App<\/a> o el canal de <a href=\"https:\/\/www.whatsapp.com\/channel\/0029VaAasdA7j6g745nz9M10\" target=\"_blank\" rel=\"nofollow noopener\" title=\"https:\/\/www.whatsapp.com\/channel\/0029VaAasdA7j6g745nz9M10\">WhatsApp<\/a>. \u00bfBuscas licenciar contenido? Haz clic <a href=\"https:\/\/profesional.elpais.com\/landing-sindicacion?utm_medium=interno&amp;utm_source=crosslinking&amp;utm_campaign=sindicacion_as_pie_articulos\" target=\"_blank\" rel=\"nofollow noopener\" title=\"https:\/\/profesional.elpais.com\/landing-sindicacion?utm_medium=interno&amp;utm_source=crosslinking&amp;utm_campaign=sindicacion_as_pie_articulos\">aqu\u00ed<\/a><\/p>\n<p class=\"stat-tl ev-fw-tl\"><strong>Cambios<\/strong><\/p>\n<p class=\"ev-text-aux\">\n                            <strong>Marc-Olivier Dou\u00e9<\/strong> (57&#8242;, Barri),                             <strong>Brian Cipenga<\/strong> (57&#8242;, Pablo Santiago),                             <strong>Iv\u00e1n Gil<\/strong> (66&#8242;, Peji\u00f1o),                             <strong>Israel Suero<\/strong> (70&#8242;, Agust\u00edn Sienra),                             <strong>Nick Markanich<\/strong> (70&#8242;, Ousmane Camara),                             <strong>Jes\u00e9<\/strong> (77&#8242;, Enzo Loiodice),                             <strong>Jonathan Viera<\/strong> (77&#8242;, Manu Fuster),                             <strong>Fabrizio Brignani<\/strong> (82&#8242;, Cala),                             <strong>Cristian Guti\u00e9rrez<\/strong> (85&#8242;, Enrique Clemente),                             <strong>I\u00f1aki Gonz\u00e1lez<\/strong> (85&#8242;, Lorenzo Amatucci)                        <\/p>\n<p class=\"stat-tl ev-fw-tl\"><strong>Goles<\/strong><\/p>\n<p class=\"ev-text-aux\">\n                                                                                                        1-0, 75&#8242;: <strong>Israel Suero<\/strong>                        <\/p>\n<p class=\"stat-tl ev-fw-tl\"><strong>Tarjetas<\/strong><\/p>\n<p class=\"ev-text-aux\">\n                Arbitro: Jon Ander Gonz\u00e1lez Esteban<br \/>Arbitro VAR: Pablo Gonz\u00e1lez Fuertes, \u00d3liver De la Fuente Ramos<br \/><strong>Enrique Clemente<\/strong> (22&#8242;,Amarilla),                                     <strong>Barri<\/strong> (42&#8242;,Amarilla),                                     <strong>Ousmane Camara<\/strong> (54&#8242;,Amarilla),                                     <strong>Alberto<\/strong> (65&#8242;,Amarilla),                                     <strong>Mika M\u00e1rmol<\/strong> (66&#8242;,Amarilla)                            <\/p>\n","protected":false},"excerpt":{"rendered":"Victoria que vale su peso en oro para el Club Deportivo Castell\u00f3n gracias al solitario gol de Israel&hellip;\n","protected":false},"author":2,"featured_media":264646,"comment_status":"","ping_status":"","sticky":false,"template":"","format":"standard","meta":{"footnotes":""},"categories":[268],"tags":[168,25,24,280,282,281,23,167],"class_list":{"0":"post-264645","1":"post","2":"type-post","3":"status-publish","4":"format-standard","5":"has-post-thumbnail","7":"category-futbol","8":"tag-deportes","9":"tag-es","10":"tag-espana","11":"tag-football","12":"tag-futbol","13":"tag-soccer","14":"tag-spain","15":"tag-sports"},"share_on_mastodon":{"url":"https:\/\/pubeurope.com\/@es\/115641732074366253","error":""},"_links":{"self":[{"href":"https:\/\/www.europesays.com\/es\/wp-json\/wp\/v2\/posts\/264645","targetHints":{"allow":["GET"]}}],"collection":[{"href":"https:\/\/www.europesays.com\/es\/wp-json\/wp\/v2\/posts"}],"about":[{"href":"https:\/\/www.europesays.com\/es\/wp-json\/wp\/v2\/types\/post"}],"author":[{"embeddable":true,"href":"https:\/\/www.europesays.com\/es\/wp-json\/wp\/v2\/users\/2"}],"replies":[{"embeddable":true,"href":"https:\/\/www.europesays.com\/es\/wp-json\/wp\/v2\/comments?post=264645"}],"version-history":[{"count":0,"href":"https:\/\/www.europesays.com\/es\/wp-json\/wp\/v2\/posts\/264645\/revisions"}],"wp:featuredmedia":[{"embeddable":true,"href":"https:\/\/www.europesays.com\/es\/wp-json\/wp\/v2\/media\/264646"}],"wp:attachment":[{"href":"https:\/\/www.europesays.com\/es\/wp-json\/wp\/v2\/media?parent=264645"}],"wp:term":[{"taxonomy":"category","embeddable":true,"href":"https:\/\/www.europesays.com\/es\/wp-json\/wp\/v2\/categories?post=264645"},{"taxonomy":"post_tag","embeddable":true,"href":"https:\/\/www.europesays.com\/es\/wp-json\/wp\/v2\/tags?post=264645"}],"curies":[{"name":"wp","href":"https:\/\/api.w.org\/{rel}","templated":true}]}}