{"id":264675,"date":"2025-12-01T01:54:20","date_gmt":"2025-12-01T01:54:20","guid":{"rendered":"https:\/\/www.europesays.com\/es\/264675\/"},"modified":"2025-12-01T01:54:20","modified_gmt":"2025-12-01T01:54:20","slug":"marcao-e-isaac-dejan-aun-mas-en-cuadro-a-almeyda-para-mestalla","status":"publish","type":"post","link":"https:\/\/www.europesays.com\/es\/264675\/","title":{"rendered":"Marcao e Isaac dejan a\u00fan m\u00e1s en cuadro a Almeyda para Mestalla"},"content":{"rendered":"<p>El brasile\u00f1o podr\u00eda estar varias semanas en el dique seco y por el lebrijano se cruzan los dedos para que s\u00f3lo falte ante el Valencia; los otros cuatro lesionados tampoco estar\u00e1n<\/p>\n<p class=\"parrafo\"><a href=\"https:\/\/www.estadiodeportivo.com\/futbol\/sevilla-fc\/almeyda-lamenta-plaga-bajas-top-derbi-sevilla-betis-vargas-isco-suazo-amrabat-antony-20251128-521920.html\" target=\"_blank\" class=\"intext-link\" rel=\"nofollow noopener\">Hasta seis bajas<\/a>, en el mejor de los casos, tendr\u00e1 <strong>Mat\u00edas Almeyda<\/strong> para la visita del pr\u00f3ximo <strong>domingo 7 de diciembre<\/strong> a partir de las <strong>16:15 horas<\/strong> a <strong>Mestalla<\/strong> (<a href=\"https:\/\/www.estadiodeportivo.com\/futbol\/sevilla-fc\/negativa-esperada-mas-enfado-valencia-20251129-522086.html\" target=\"_blank\" class=\"intext-link\" rel=\"nofollow noopener\">no pudieron los anfitriones y las autoridades locales retrasarlo pese a sus intentos con LaLiga<\/a>), am\u00e9n de la anterior del jueves que viene en la <strong>Copa del Rey<\/strong> al <strong>CD Extremadura 1924<\/strong>, obviamente, aunque en el <strong>Francisco de la Hera<\/strong> iba a ver de todas formas intensas rotaciones en el once. Y es que ninguno de los cuatro ocupantes de la enfermer\u00eda blanquirroja estar\u00e1 listo, como muy pronto, hasta los duelos finales de <strong>2025<\/strong>, algunos, incluso (casos de <strong>Adnan Januzaj<\/strong> y <strong>Rub\u00e9n Vargas<\/strong>) nunca antes de <strong>enero de 2026<\/strong>, habiendo una m\u00ednima esperanza, dado que sus dolencias musculares no son tan graves o llevan m\u00e1s tiempo afect\u00e1ndoles, con <strong>Gabriel Suazo<\/strong> y <strong>Tanguy Nianzou<\/strong>.<strong\/><\/p>\n<p>Noticias Relacionadas<\/p>\n<p class=\"parrafo\">A ellos cuatro se unir\u00e1n <strong>Marcao Teixeira<\/strong> e <strong>Isaac Romero<\/strong>. El brasile\u00f1o, lastimado al caer mal tras un salto con el &#8216;<strong>Cucho<\/strong>&#8216; <strong>Hern\u00e1ndez<\/strong>, aguant\u00f3 hasta el descanso, pero tuvo que dejar su sitio entonces a <strong>Kike Salas<\/strong>. El &#8216;<strong>Pelado<\/strong>&#8216; desvelaba en sala de prensa que sus sensaciones no eran las mejores y que, a falta de un parte m\u00e9dico oficial tras las pruebas a las que se someter\u00e1 este lunes el central, \u00ab<strong>present\u00f3 un poco de dolor en la zona donde estuvo lesionado un tiempito atr\u00e1s<\/strong>\u00ab, con lo que no parece nada relativo a la rodilla izquierda, como se sospechaba, sino seguramente un dolencia muscular de la media docena larga que ha sufrido desde su llegada en <strong>2022<\/strong>. Sea como fuere, lo m\u00e1s seguro es que, si no media una milagrosa recuperaci\u00f3n, haya dicho ya adi\u00f3s a lo que queda de a\u00f1o.<\/p>\n<p><img decoding=\"async\" src=\"https:\/\/www.europesays.com\/es\/wp-content\/uploads\/2025\/12\/5d1541f4-3c3b-4304-9373-ad83468b7f53_800x450.jpeg\" loading=\"lazy\"\/><\/p>\n<p class=\"parrafo\">En el caso del lebrijano, vio la roja directa por cortar de forma brusca un avance del b\u00e9tico <strong>Valent\u00edn G\u00f3mez<\/strong>, que le hab\u00eda robado el bal\u00f3n cerca de la l\u00ednea de banda. El enfado nubl\u00f3 al artillero, que apenas estuvo <strong>23 minutos<\/strong> sobre el campo. Aunque insisti\u00f3 a <strong>Munuera Montero<\/strong> que fuera a revisar la acci\u00f3n en el monitor del <strong>VAR<\/strong>, desde <strong>Las Rozas<\/strong> fue r\u00e1pidamente advertido por <strong>Iglesias Villanueva<\/strong> de que no hab\u00eda error en su apreciaci\u00f3n, por lo que la expulsi\u00f3n no tuvo vuelta atr\u00e1s. Al menos, el jiennense no hizo demasiada sangre en el acta, ya que <strong>Isaac<\/strong> se fue protestando a uno de sus asistentes de manera airada. La descripci\u00f3n de los hechos, que complica cualquier alegaci\u00f3n y podr\u00eda acarrearle <strong>de uno a dos partidos de suspensi\u00f3n<\/strong>, es que se va a la casera por \u00ab<strong>dar una patada a un adversario sin que el bal\u00f3n estuviera a distancia de ser jugado, usando fuerza excesiva<\/strong>\u00ab.<strong\/><\/p>\n<p><a class=\"elementos-rel-t2\" href=\"https:\/\/www.estadiodeportivo.com\/futbol\/sevilla-fc\/otra-lesion-sevilla-solo-cuatro-dias-derbi-contra-betis-gabriel-suazo-tambien-rompe-20251126-521603.html\" title=\"Otra lesi\u00f3n en el Sevilla a s\u00f3lo cuatro d\u00edas de derbi contra el Betis: Gabriel Suazo tambi\u00e9n se rompe \" rel=\"nofollow noopener\" target=\"_blank\"><\/p>\n<p class=\"titular titulo-4\">Otra lesi\u00f3n en el Sevilla a s\u00f3lo cuatro d\u00edas de derbi contra el Betis: Gabriel Suazo tambi\u00e9n se rompe <\/p>\n<p><img decoding=\"async\" src=\"https:\/\/www.europesays.com\/es\/wp-content\/uploads\/2025\/12\/faa05c65-3c5d-4836-a3db-5df7104ae965_320x180.jpeg\" alt=\"Otra lesi\u00f3n en el Sevilla a s\u00f3lo cuatro d\u00edas de derbi contra el Betis: Gabriel Suazo tambi\u00e9n se rompe \"\/><\/a><a class=\"elementos-rel-t2\" href=\"https:\/\/www.estadiodeportivo.com\/futbol\/sevilla-fc\/las-palabras-ruben-vargas-jugador-del-sevilla-tras-confirmarse-lesion-volvere-mas-fuerte-20251126-521589.html\" title=\"Las palabras de Rub\u00e9n Vargas, jugador del Sevilla, tras confirmarse su lesi\u00f3n: &quot;Volver\u00e9 m\u00e1s fuerte&quot;  \" rel=\"nofollow noopener\" target=\"_blank\"><\/p>\n<p class=\"titular titulo-4\">Las palabras de Rub\u00e9n Vargas, jugador del Sevilla, tras confirmarse su lesi\u00f3n: \u00abVolver\u00e9 m\u00e1s fuerte\u00bb  <\/p>\n<p><img decoding=\"async\" src=\"https:\/\/www.europesays.com\/es\/wp-content\/uploads\/2025\/12\/e0dac3bc-e39e-4901-9e4a-dab549be17b3_320x180.jpeg\" alt=\"Las palabras de Rub\u00e9n Vargas, jugador del Sevilla, tras confirmarse su lesi\u00f3n: &quot;Volver\u00e9 m\u00e1s fuerte&quot;  \"\/><\/a><a class=\"elementos-rel-t2\" href=\"https:\/\/www.estadiodeportivo.com\/futbol\/sevilla-fc\/cuatro-bajas-una-decepcion-buenas-noticias-lista-del-sevilla-contra-espanyol-20251123-521333.html\" title=\"Cuatro bajas, una decepci\u00f3n y buenas noticias en la lista del Sevilla contra el Espanyol \" rel=\"nofollow noopener\" target=\"_blank\"><\/p>\n<p class=\"titular titulo-4\">Cuatro bajas, una decepci\u00f3n y buenas noticias en la lista del Sevilla contra el Espanyol <\/p>\n<p><img decoding=\"async\" src=\"https:\/\/www.europesays.com\/es\/wp-content\/uploads\/2025\/12\/74602eec-237d-4f45-8933-01ad6cc69ffd_320x180.jpeg\" alt=\"Cuatro bajas, una decepci\u00f3n y buenas noticias en la lista del Sevilla contra el Espanyol \"\/><\/a>Los analistas arbitrales indultar\u00edan al &#8216;7&#8217; pero habr\u00edan echado al &#8217;23&#8217; nada m\u00e1s empezar<\/p>\n<p class=\"parrafo\">Mientras que el controvertido P\u00e1vel Fern\u00e1ndez, habitual comentarista arbitral de Teledeporte y Radio Marca (antes, de Gol), cree que la sanci\u00f3n con <strong>roja directa<\/strong> en el caso de <strong>Isaac<\/strong> es excesiva, su compa\u00f1ero de fatigas Ux\u00edo Caama\u00f1o, tambi\u00e9n ex \u00e1rbitro profesional, habr\u00eda expulsado a <strong>Marcao<\/strong> no ya por la acci\u00f3n en la que se lesiona, cuando antes de caer y lastimarse golpea con el codo al &#8216;<strong>Cucho<\/strong>&#8216; <strong>Hern\u00e1ndez<\/strong>, sino por otra a los nueve minutos muy similar con <strong>Nelson Deossa<\/strong>, cuando, a la vez que despeja, lanza una patada al otro colombiano de su rival. Cosas de estas revisiones a posteriori.<\/p>\n","protected":false},"excerpt":{"rendered":"El brasile\u00f1o podr\u00eda estar varias semanas en el dique seco y por el lebrijano se cruzan los dedos&hellip;\n","protected":false},"author":2,"featured_media":264676,"comment_status":"","ping_status":"","sticky":false,"template":"","format":"standard","meta":{"footnotes":""},"categories":[268],"tags":[168,25,24,284,280,282,9414,1172,2991,2993,281,23,167],"class_list":{"0":"post-264675","1":"post","2":"type-post","3":"status-publish","4":"format-standard","5":"has-post-thumbnail","7":"category-futbol","8":"tag-deportes","9":"tag-es","10":"tag-espana","11":"tag-estadio-deportivo","12":"tag-football","13":"tag-futbol","14":"tag-isaac-romero","15":"tag-marcao","16":"tag-matias-almeyda","17":"tag-sevilla-futbol-club","18":"tag-soccer","19":"tag-spain","20":"tag-sports"},"share_on_mastodon":{"url":"https:\/\/pubeurope.com\/@es\/115641822364110663","error":""},"_links":{"self":[{"href":"https:\/\/www.europesays.com\/es\/wp-json\/wp\/v2\/posts\/264675","targetHints":{"allow":["GET"]}}],"collection":[{"href":"https:\/\/www.europesays.com\/es\/wp-json\/wp\/v2\/posts"}],"about":[{"href":"https:\/\/www.europesays.com\/es\/wp-json\/wp\/v2\/types\/post"}],"author":[{"embeddable":true,"href":"https:\/\/www.europesays.com\/es\/wp-json\/wp\/v2\/users\/2"}],"replies":[{"embeddable":true,"href":"https:\/\/www.europesays.com\/es\/wp-json\/wp\/v2\/comments?post=264675"}],"version-history":[{"count":0,"href":"https:\/\/www.europesays.com\/es\/wp-json\/wp\/v2\/posts\/264675\/revisions"}],"wp:featuredmedia":[{"embeddable":true,"href":"https:\/\/www.europesays.com\/es\/wp-json\/wp\/v2\/media\/264676"}],"wp:attachment":[{"href":"https:\/\/www.europesays.com\/es\/wp-json\/wp\/v2\/media?parent=264675"}],"wp:term":[{"taxonomy":"category","embeddable":true,"href":"https:\/\/www.europesays.com\/es\/wp-json\/wp\/v2\/categories?post=264675"},{"taxonomy":"post_tag","embeddable":true,"href":"https:\/\/www.europesays.com\/es\/wp-json\/wp\/v2\/tags?post=264675"}],"curies":[{"name":"wp","href":"https:\/\/api.w.org\/{rel}","templated":true}]}}