{"id":264691,"date":"2025-12-01T02:05:12","date_gmt":"2025-12-01T02:05:12","guid":{"rendered":"https:\/\/www.europesays.com\/es\/264691\/"},"modified":"2025-12-01T02:05:12","modified_gmt":"2025-12-01T02:05:12","slug":"nueva-cpu-tope-de-gama-de-amd-para-gaming","status":"publish","type":"post","link":"https:\/\/www.europesays.com\/es\/264691\/","title":{"rendered":"nueva CPU tope de gama de AMD para gaming"},"content":{"rendered":"<p><strong>AMD<\/strong> sigue segmentando a\u00fan m\u00e1s el mercado de<br \/>\nprocesadores, confirmando ahora que lanzar\u00e1 un nuevo procesador<br \/>\ntope de gama para gaming, el <strong>Ryzen 7 9850X3D.<\/strong> Y es<br \/>\nque si bien esta CPU se comenz\u00f3 a rumorear hace poco m\u00e1s de un mes,<br \/>\nya ha sido confirmado oficialmente por AMD. Si bien AMD no ha<br \/>\nlanzado un anuncio, al menos cometieron un error que<br \/>\n<strong>confirma la existencia<\/strong> de este procesador, y es<br \/>\nque <strong>fue listado en la propia web oficial<\/strong> de la<br \/>\ncompa\u00f1\u00eda. <a href=\"https:\/\/videocardz.com\/newz\/amd-confirms-ryzen-7-9850x3d-an-even-faster-8-core-cpu-with-3d-v-cache\" target=\"_blank\" rel=\"noopener nofollow\">Lo que confirma<\/a> su existencia, y<br \/>\ntambi\u00e9n confirmar\u00e1 los rumores de que para un prop\u00f3sito<br \/>\ntodoterreno, tambi\u00e9n tendremos un nuevo procesador tope de<br \/>\ngama.<\/p>\n<p>Y es que hasta donde sabia ahora, el AMD Ryzen 7 9850X3D no<br \/>\ndejar\u00e1 de ser <strong>un Ryzen 7 9800X3D m\u00e1s r\u00e1pido<\/strong>, por<br \/>\nlo que realmente no cambiar\u00e1 mucho la historia. D\u00f3nde s\u00ed cambiar\u00e1<br \/>\nnotablemente, es que hay que recordar que tambi\u00e9n llegar\u00e1 un<br \/>\n<strong>Ryzen 9 9950X3D2<\/strong>. A final de cuentas, es un Ryzen<br \/>\n9 9950X3D que funciona a una velocidad levemente m\u00e1s baja, pero que<br \/>\na\u00f1ade <strong>m\u00e1s memoria cach\u00e9 L3<\/strong>.<\/p>\n<p>Esto es lo que sabemos en torno al AMD Ryzen 7 9850X3D<\/p>\n<p><a href=\"https:\/\/www.europesays.com\/es\/wp-content\/uploads\/2025\/12\/AMD-Ryzen-7-9850X3D-listado-en-la-web-oficial-de-AMD.jpg\"><\/p>\n<p><img fetchpriority=\"high\" decoding=\"async\" src=\"data:image\/svg+xml,%3Csvg%20xmlns=\" http:=\"\" alt=\"AMD Ryzen 7 9850X3D listado en la web oficial de AMD\" width=\"1152\" height=\"518\" data-lazy- data-lazy- data-lazy-src=\"https:\/\/www.europesays.com\/es\/wp-content\/uploads\/2025\/12\/AMD-Ryzen-7-9850X3D-listado-en-la-web-oficial-de-AMD.jpg\"\/><\/p>\n<p><\/a><\/p>\n<p>Al igual que el AMD Ryzen 7 9800X3D, el Ryzen 7 9850X3D se trata<br \/>\nde <strong>un procesador con 8 n\u00facleos<\/strong> y 16 hilos de<br \/>\nprocesamiento bajo la arquitectura AMD Zen 5. En este caso<br \/>\nconcreto, los n\u00facleos son capaces de alcanzar una frecuencia Turbo<br \/>\nde <strong>5,60 GHz<\/strong>. Esto respecta un aumento de velocidad<br \/>\nen torno <strong>a un 8%<\/strong> respecto a los 5,20 GHz del hasta<br \/>\nahora mejor procesador del mercado para gamers. A nivel de memoria<br \/>\ncach\u00e9 L3, todo se mantiene, por lo que <strong>ofrece 96 MB de<br \/>\nmemoria<\/strong>. De esta forma, obtenemos n\u00facleos ligeramente m\u00e1s<br \/>\nr\u00e1pido y claro, el consecuente aumento de precio.<\/p>\n<p>Actualmente, el procesador Ryzen 7 9800X3D se puede encontrar a<br \/>\nla venta a un precio oficial en torno a los 465 euros. Por lo que<br \/>\nda miedo pensar que <strong>este Ryzen 7 9850X3D sea un procesador<br \/>\nde 8 n\u00facleos que rondar\u00e1 la barrera de los 500 euros<\/strong>.<\/p>\n<p>El AMD Ryzen 9 9950X3D2 ser\u00e1 as\u00ed el nuevo buque insignia de la<br \/>\nserie<\/p>\n<p><a href=\"https:\/\/www.europesays.com\/es\/wp-content\/uploads\/2025\/12\/AMD-Ryzen-9-9950X3D2.jpg\"><\/p>\n<p><img loading=\"lazy\" decoding=\"async\" src=\"data:image\/svg+xml,%3Csvg%20xmlns=\" http:=\"\" alt=\"AMD Ryzen 9 9950X3D2\" width=\"1080\" height=\"768\" data-lazy- data-lazy- data-lazy-src=\"https:\/\/www.europesays.com\/es\/wp-content\/uploads\/2025\/12\/AMD-Ryzen-9-9950X3D2.jpg\"\/><\/p>\n<p><\/a><\/p>\n<p>Tras confirmar la existencia del AMD Ryzen 7 9850X3D, es m\u00e1s que<br \/>\nevidente que <strong>el ya filtrado AMD Ryzen 7 9950X3D2<\/strong><br \/>\ntambi\u00e9n es real y se lanzar\u00e1 en poco m\u00e1s de un mes. Este procesador<br \/>\npuede parecer un Ryzen 9950X3D, ya que comparten <strong>los mismos<br \/>\n16 n\u00facleos<\/strong>, salvo que estos alcanzar\u00e1n una frecuencia<br \/>\nm\u00e1xima de funcionamiento de 5,60 GHz. Es decir, <strong>100 MHz<br \/>\nmenos<\/strong> respecto al modelo tope de gama actual.<\/p>\n<p>Ahora bien, la gran diferencia la marca su nombre<br \/>\n\u00ab<strong>X3D2<\/strong>\u00ab, y esto implica duplicar la capacidad de<br \/>\nmemoria 3D V-Cache, haciendo as\u00ed que tengamos un procesador con<br \/>\nnada menos que <strong>192 MB de memoria cach\u00e9<\/strong> respecto a<br \/>\nlos 128 MB del actual procesador tope de gama. Ahora bien, hay una<br \/>\ndesventaja adicional, y es que <strong>su consumo energ\u00e9tico<br \/>\ntambi\u00e9n aumentar\u00e1<\/strong>, viendo como en TDP pasamos de 170W a<br \/>\nnada menos que <strong>200W<\/strong>.<\/p>\n<p>Al igual que el Ryzen 7 9850X3D hay otro problema adicional con<br \/>\nel AMD Ryzen 9 9950X3D2, <strong>su precio<\/strong>. Hablamos de<br \/>\nque el actual procesador tope de gama ronda un precio oficial de<br \/>\n700 euros. Por lo que este nuevo modelo podr\u00e1 rondar, sin problema<br \/>\nalguno, un precio <strong>en torno a los 800 a 900 euros<\/strong>.<br \/>\nY s\u00ed, ya es un precio ligado m\u00e1s a una tarjeta gr\u00e1fica de alta<br \/>\ngama, m\u00e1s que a un procesador de consumo.<\/p>\n","protected":false},"excerpt":{"rendered":"AMD sigue segmentando a\u00fan m\u00e1s el mercado de procesadores, confirmando ahora que lanzar\u00e1 un nuevo procesador tope de&hellip;\n","protected":false},"author":2,"featured_media":264692,"comment_status":"","ping_status":"","sticky":false,"template":"","format":"standard","meta":{"footnotes":""},"categories":[81],"tags":[119,123,124,25,24,117,121,122,23,118,120],"class_list":{"0":"post-264691","1":"post","2":"type-post","3":"status-publish","4":"format-standard","5":"has-post-thumbnail","7":"category-ciencia-y-tecnologia","8":"tag-ciencia","9":"tag-ciencia-y-tecnologia","10":"tag-cienciaytecnologia","11":"tag-es","12":"tag-espana","13":"tag-science","14":"tag-science-and-technology","15":"tag-scienceandtechnology","16":"tag-spain","17":"tag-technology","18":"tag-tecnologia"},"share_on_mastodon":{"url":"https:\/\/pubeurope.com\/@es\/115641865001588022","error":""},"_links":{"self":[{"href":"https:\/\/www.europesays.com\/es\/wp-json\/wp\/v2\/posts\/264691","targetHints":{"allow":["GET"]}}],"collection":[{"href":"https:\/\/www.europesays.com\/es\/wp-json\/wp\/v2\/posts"}],"about":[{"href":"https:\/\/www.europesays.com\/es\/wp-json\/wp\/v2\/types\/post"}],"author":[{"embeddable":true,"href":"https:\/\/www.europesays.com\/es\/wp-json\/wp\/v2\/users\/2"}],"replies":[{"embeddable":true,"href":"https:\/\/www.europesays.com\/es\/wp-json\/wp\/v2\/comments?post=264691"}],"version-history":[{"count":0,"href":"https:\/\/www.europesays.com\/es\/wp-json\/wp\/v2\/posts\/264691\/revisions"}],"wp:featuredmedia":[{"embeddable":true,"href":"https:\/\/www.europesays.com\/es\/wp-json\/wp\/v2\/media\/264692"}],"wp:attachment":[{"href":"https:\/\/www.europesays.com\/es\/wp-json\/wp\/v2\/media?parent=264691"}],"wp:term":[{"taxonomy":"category","embeddable":true,"href":"https:\/\/www.europesays.com\/es\/wp-json\/wp\/v2\/categories?post=264691"},{"taxonomy":"post_tag","embeddable":true,"href":"https:\/\/www.europesays.com\/es\/wp-json\/wp\/v2\/tags?post=264691"}],"curies":[{"name":"wp","href":"https:\/\/api.w.org\/{rel}","templated":true}]}}